{"id":5835,"date":"2023-03-29T12:42:55","date_gmt":"2023-03-29T12:42:55","guid":{"rendered":"https:\/\/epre.gov.ar\/web\/?p=5835"},"modified":"2023-03-29T12:42:57","modified_gmt":"2023-03-29T12:42:57","slug":"preven-repunte-y-crecimiento-veloz-de-energia-eolica-mundial","status":"publish","type":"post","link":"https:\/\/epre.gov.ar\/web\/preven-repunte-y-crecimiento-veloz-de-energia-eolica-mundial\/","title":{"rendered":"Prev\u00e9n repunte y crecimiento veloz de energ\u00eda e\u00f3lica mundial."},"content":{"rendered":"\n<p>La industria mundial de la energ\u00eda e\u00f3lica proyect\u00f3 el lunes que su crecimiento se acelerar\u00e1 r\u00e1pidamente este a\u00f1o, con incentivos y cambios de pol\u00edtica en pa\u00edses clave que ayudar\u00e1n a superar los factores que llevaron a una desaceleraci\u00f3n en 2022.<\/p>\n\n\n\n<p>En su Informe E\u00f3lico Mundial anual, el Consejo Global de Energ\u00eda E\u00f3lica (GWEC, con sede en Bruselas), tambi\u00e9n cit\u00f3 en su perspectiva de r\u00e1pido crecimiento la preocupaci\u00f3n mundial por el cambio clim\u00e1tico, as\u00ed como por el suministro seguro de energ\u00eda luego de la invasi\u00f3n rusa de Ucrania. La asociaci\u00f3n internacional proyect\u00f3 que se instalar\u00e1n generadores de nueva energ\u00eda e\u00f3lica terrestre y marina para 2027 por un total de 680 gigavatios, suficientes para alimentar alrededor de 657 millones de hogares al a\u00f1o.<\/p>\n\n\n\n<p>\u201cLos desaf\u00edos gemelos de los suministros de energ\u00eda seguros y los objetivos clim\u00e1ticos impulsar\u00e1n la energ\u00eda e\u00f3lica a una nueva fase de crecimiento extraordinario\u201d, declar\u00f3 el GWEC en su informe.<\/p>\n\n\n\n<p>El mercado de la energ\u00eda e\u00f3lica se estanc\u00f3 en 2022 debido a pol\u00edticas gubernamentales que alentaron precios de \u201cuna carrera hasta el fondo\u201d y debido a la inflaci\u00f3n, los costos log\u00edsticos m\u00e1s altos y las reglas ineficientes de permisos y licencias, agreg\u00f3 el Consejo. La industria agreg\u00f3 alrededor de 78 gigavatios de capacidad e\u00f3lica a nivel mundial en 2022, un 17% menos que en 2021, pero sigui\u00f3 siendo su tercer mejor a\u00f1o en cuanto a capacidad nueva.<\/p>\n\n\n\n<p>El GWEC anunci\u00f3 que la industria alcanzar\u00e1 un hito hist\u00f3rico este a\u00f1o: 1 teravatio: o 1000 gigavatios, de energ\u00eda e\u00f3lica instalada en todo el mundo. El hito de 2 teravatios deber\u00eda llegar en 2030 si los legisladores fortalecen las cadenas de suministro para satisfacer la demanda y abordar los permisos y otros cuellos de botella, agreg\u00f3 el Consejo.<\/p>\n\n\n\n<p>\u201c2023 marcar\u00e1 el comienzo de un cambio decisivo\u201d, escribi\u00f3 el director ejecutivo del GWEC, Ben Backwell, en el informe. \u201cLos gobiernos de todas las principales naciones industrializadas han promulgado pol\u00edticas que dar\u00e1n como resultado una aceleraci\u00f3n significativa del despliegue\u201d.<\/p>\n\n\n\n<p>El Consejo se\u00f1al\u00f3 los incentivos para el desarrollo de energ\u00eda renovable en la Ley de Reducci\u00f3n de la Inflaci\u00f3n en Estados Unidos y en las pol\u00edticas en Europa y China que ampl\u00edan a\u00fan m\u00e1s el papel de las energ\u00edas renovables. Vietnam y Filipinas est\u00e1n promulgando nuevos planes para la energ\u00eda e\u00f3lica, India parece dispuesta a acelerar el ritmo y Brasil continuar\u00e1 estableci\u00e9ndose como una potencia de energ\u00eda e\u00f3lica, seg\u00fan el informe.<\/p>\n\n\n\n<p>El a\u00f1o pasado, China lider\u00f3 el mundo en el desarrollo de energ\u00eda e\u00f3lica tanto terrestre como marina y se espera que contin\u00fae a la cabeza del planeta en 2023. La regi\u00f3n de Asia-Pac\u00edfico super\u00f3 a Europa en 2022 como el mercado e\u00f3lico marino m\u00e1s grande del mundo, seg\u00fan el informe. Europa sigue construyendo la mayor\u00eda de los parques e\u00f3licos marinos.<\/p>\n\n\n\n<p>La cobertura clim\u00e1tica y medioambiental de The Associated Press recibe el apoyo de varias fundaciones privadas. La AP es la \u00fanica responsable de todo el contenido.<\/p>\n\n\n\n<p>Fuente: https:\/\/www.infobae.com\/america\/agencias\/2023\/03\/27\/preven-repunte-y-crecimiento-veloz-de-energia-eolica-mundial\/<\/p>\n","protected":false},"excerpt":{"rendered":"<p>La industria mundial de la energ\u00eda e\u00f3lica proyect\u00f3 el lunes que su crecimiento se acelerar\u00e1 r\u00e1pidamente este a\u00f1o, con incentivos y cambios de pol\u00edtica en pa\u00edses clave que ayudar\u00e1n a superar los factores que llevaron a una desaceleraci\u00f3n en 2022. En su Informe E\u00f3lico Mundial anual, el Consejo Global de Energ\u00eda E\u00f3lica (GWEC, con sede [&hellip;]<\/p>\n","protected":false},"author":1,"featured_media":5836,"comment_status":"closed","ping_status":"closed","sticky":false,"template":"","format":"standard","meta":{"footnotes":""},"categories":[1],"tags":[],"class_list":["post-5835","post","type-post","status-publish","format-standard","has-post-thumbnail","hentry","category-noticias"],"_links":{"self":[{"href":"https:\/\/epre.gov.ar\/web\/wp-json\/wp\/v2\/posts\/5835","targetHints":{"allow":["GET"]}}],"collection":[{"href":"https:\/\/epre.gov.ar\/web\/wp-json\/wp\/v2\/posts"}],"about":[{"href":"https:\/\/epre.gov.ar\/web\/wp-json\/wp\/v2\/types\/post"}],"author":[{"embeddable":true,"href":"https:\/\/epre.gov.ar\/web\/wp-json\/wp\/v2\/users\/1"}],"replies":[{"embeddable":true,"href":"https:\/\/epre.gov.ar\/web\/wp-json\/wp\/v2\/comments?post=5835"}],"version-history":[{"count":1,"href":"https:\/\/epre.gov.ar\/web\/wp-json\/wp\/v2\/posts\/5835\/revisions"}],"predecessor-version":[{"id":5837,"href":"https:\/\/epre.gov.ar\/web\/wp-json\/wp\/v2\/posts\/5835\/revisions\/5837"}],"wp:featuredmedia":[{"embeddable":true,"href":"https:\/\/epre.gov.ar\/web\/wp-json\/wp\/v2\/media\/5836"}],"wp:attachment":[{"href":"https:\/\/epre.gov.ar\/web\/wp-json\/wp\/v2\/media?parent=5835"}],"wp:term":[{"taxonomy":"category","embeddable":true,"href":"https:\/\/epre.gov.ar\/web\/wp-json\/wp\/v2\/categories?post=5835"},{"taxonomy":"post_tag","embeddable":true,"href":"https:\/\/epre.gov.ar\/web\/wp-json\/wp\/v2\/tags?post=5835"}],"curies":[{"name":"wp","href":"https:\/\/api.w.org\/{rel}","templated":true}]}}