{"id":5825,"date":"2023-03-27T12:22:21","date_gmt":"2023-03-27T12:22:21","guid":{"rendered":"https:\/\/epre.gov.ar\/web\/?p=5825"},"modified":"2023-03-27T12:22:23","modified_gmt":"2023-03-27T12:22:23","slug":"latinoamerica-en-camino-de-ser-lider-mundial-en-energia-renovable","status":"publish","type":"post","link":"https:\/\/epre.gov.ar\/web\/latinoamerica-en-camino-de-ser-lider-mundial-en-energia-renovable\/","title":{"rendered":"Latinoam\u00e9rica, en camino de ser l\u00edder mundial en energ\u00eda renovable."},"content":{"rendered":"\n<p><em>Latinoam\u00e9rica<\/em>. De acuerdo con\u00a0Latinometrics\u00a0\u201cdesde la energ\u00eda hidroel\u00e9ctrica en Costa Rica hasta las turbinas e\u00f3licas en la Patagonia, Am\u00e9rica Latina est\u00e1 desafiando las expectativas y convirti\u00e9ndose en un l\u00edder mundial en energ\u00eda renovable\u201d.\u00a0<\/p>\n\n\n\n<p>Es relevante indicar que\u00a0Latinometrics\u00a0es un bolet\u00edn semanal enfocado en ofrecer visualizaciones de datos e informaci\u00f3n relevante sobre Am\u00e9rica Latina. En ese sentido, desde la revista ACR Latinoam\u00e9rica realizamos una s\u00edntesis de un post en el cual esta organizaci\u00f3n expone la perspectiva de la producci\u00f3n energ\u00e9tica en LATAM\u00a0que proviene de fuentes renovables y lo que eso puede significar a futuro.<\/p>\n\n\n\n<p>Paraguay lidera la clasificaci\u00f3n de pa\u00edses latinoamericanos que utilizan fuentes renovables para generar electricidad, seg\u00fan un an\u00e1lisis de Latinometrics. Con una poblaci\u00f3n de 7 millones de personas, el secreto de Paraguay radica en sus dos grandes represas hidroel\u00e9ctricas ubicadas a ambos lados de sus fronteras con Argentina y Brasil. Una de ellas, la presa Itaipu Binacional, es la segunda central hidroel\u00e9ctrica m\u00e1s grande del mundo (por gigavatios producidos).<\/p>\n\n\n\n<p>\u201cParaguay utiliza una parte de la electricidad producida por esta central el\u00e9ctrica y la represa Yacyret\u00e1 Argentina que el pa\u00eds comparte con Argentina. Luego exporta una gran cantidad de energ\u00eda excedente a Brasil a una tarifa controvertidamente descontada\u201d.<\/p>\n\n\n\n<p>En segundo lugar, est\u00e1 Costa Rica, que obtiene aproximadamente el 80% de su energ\u00eda de fuentes hidroel\u00e9ctricas y es conocido por funcionar completamente con energ\u00eda verde en los \u00faltimos a\u00f1os.<\/p>\n\n\n\n<p>De acuerdo con la informaci\u00f3n de Latinometrics, pa\u00edses andinos como Ecuador, Colombia y Venezuela, que son importantes exportadores de combustibles f\u00f3siles, tambi\u00e9n est\u00e1n logrando un buen desempe\u00f1o en la generaci\u00f3n de energ\u00eda renovable, cada uno obteniendo m\u00e1s del 60% de su producci\u00f3n de electricidad a partir de fuentes renovables.<\/p>\n\n\n\n<p>Esto los sit\u00faa por delante de los pesos pesados industriales como Alemania o Estados Unidos, y muy por delante de sus pares regionales en Argentina o M\u00e9xico.<\/p>\n\n\n\n<p>En general, la regi\u00f3n latinoamericana se encuentra en una posici\u00f3n ideal para liderar el mundo en la transici\u00f3n verde, ya sea gracias a los fuertes vientos de la Patagonia o a grandes proyectos solares como el Parque Solar Villanueva, ubicado en M\u00e9xico.<\/p>\n\n\n\n<p>De esta manera, \u201cAm\u00e9rica Latina puede hacer m\u00e1s que simplemente lograr la autosuficiencia energ\u00e9tica; Puede convertirse en un exportador neto de energ\u00eda renovable al mundo, impulsando el crecimiento econ\u00f3mico y el desarrollo sostenible de una vez\u201d.<\/p>\n\n\n\n<p>Finalmente, Latinometrics. Asegur\u00f3 que los l\u00edderes regionales ya han comenzado a promover el alejamiento de los combustibles f\u00f3siles hacia alternativas m\u00e1s limpias, \u201ccomo el presidente colombiano Gustavo Petro\u201d, pero la publicaci\u00f3n tambi\u00e9n indic\u00f3 que se necesita una colaboraci\u00f3n entre los gobiernos y las empresas para alcanzar un \u201cfuturo verde\u201d.<\/p>\n\n\n\n<p>Fuente: https:\/\/www.acrlatinoamerica.com\/2023032118971\/noticias\/empresas\/latinoamerica-en-camino-de-ser-lider-mundial-en-energia-renovable.html<\/p>\n\n\n\n<p><\/p>\n","protected":false},"excerpt":{"rendered":"<p>Latinoam\u00e9rica. De acuerdo con\u00a0Latinometrics\u00a0\u201cdesde la energ\u00eda hidroel\u00e9ctrica en Costa Rica hasta las turbinas e\u00f3licas en la Patagonia, Am\u00e9rica Latina est\u00e1 desafiando las expectativas y convirti\u00e9ndose en un l\u00edder mundial en energ\u00eda renovable\u201d.\u00a0 Es relevante indicar que\u00a0Latinometrics\u00a0es un bolet\u00edn semanal enfocado en ofrecer visualizaciones de datos e informaci\u00f3n relevante sobre Am\u00e9rica Latina. En ese sentido, desde [&hellip;]<\/p>\n","protected":false},"author":1,"featured_media":5826,"comment_status":"closed","ping_status":"closed","sticky":false,"template":"","format":"standard","meta":{"footnotes":""},"categories":[1],"tags":[],"class_list":["post-5825","post","type-post","status-publish","format-standard","has-post-thumbnail","hentry","category-noticias"],"_links":{"self":[{"href":"https:\/\/epre.gov.ar\/web\/wp-json\/wp\/v2\/posts\/5825","targetHints":{"allow":["GET"]}}],"collection":[{"href":"https:\/\/epre.gov.ar\/web\/wp-json\/wp\/v2\/posts"}],"about":[{"href":"https:\/\/epre.gov.ar\/web\/wp-json\/wp\/v2\/types\/post"}],"author":[{"embeddable":true,"href":"https:\/\/epre.gov.ar\/web\/wp-json\/wp\/v2\/users\/1"}],"replies":[{"embeddable":true,"href":"https:\/\/epre.gov.ar\/web\/wp-json\/wp\/v2\/comments?post=5825"}],"version-history":[{"count":1,"href":"https:\/\/epre.gov.ar\/web\/wp-json\/wp\/v2\/posts\/5825\/revisions"}],"predecessor-version":[{"id":5827,"href":"https:\/\/epre.gov.ar\/web\/wp-json\/wp\/v2\/posts\/5825\/revisions\/5827"}],"wp:featuredmedia":[{"embeddable":true,"href":"https:\/\/epre.gov.ar\/web\/wp-json\/wp\/v2\/media\/5826"}],"wp:attachment":[{"href":"https:\/\/epre.gov.ar\/web\/wp-json\/wp\/v2\/media?parent=5825"}],"wp:term":[{"taxonomy":"category","embeddable":true,"href":"https:\/\/epre.gov.ar\/web\/wp-json\/wp\/v2\/categories?post=5825"},{"taxonomy":"post_tag","embeddable":true,"href":"https:\/\/epre.gov.ar\/web\/wp-json\/wp\/v2\/tags?post=5825"}],"curies":[{"name":"wp","href":"https:\/\/api.w.org\/{rel}","templated":true}]}}