{"id":5818,"date":"2023-03-22T13:32:23","date_gmt":"2023-03-22T13:32:23","guid":{"rendered":"https:\/\/epre.gov.ar\/web\/?p=5818"},"modified":"2023-03-22T13:32:24","modified_gmt":"2023-03-22T13:32:24","slug":"investigadores-descubren-potencial-para-producir-energia-geotermica-en-el-nevado-del-ruiz","status":"publish","type":"post","link":"https:\/\/epre.gov.ar\/web\/investigadores-descubren-potencial-para-producir-energia-geotermica-en-el-nevado-del-ruiz\/","title":{"rendered":"Investigadores descubren potencial para producir energ\u00eda geot\u00e9rmica en el Nevado del Ruiz."},"content":{"rendered":"\n<p>En la b\u00fasqueda de fuentes sostenibles que puedan suplir las necesidades del pa\u00eds para\u00a0la transici\u00f3n energ\u00e9tica, un grupo de investigadores de la\u00a0Universidad de Medell\u00edn\u00a0hall\u00f3 potencial para producir energ\u00eda geot\u00e9rmica con rocas del Nevado del Ruiz.<\/p>\n\n\n\n<p>Los investigadores recolectaron rocas en el sector del volc\u00e1n Nereidas 1. All\u00ed\u00a0identificaron formaciones geol\u00f3gicas que almacenan calor, al igual que energ\u00eda. \u201cSe deduce que se puede transformar para utilizarse como energ\u00eda dom\u00e9stica\u201d, concluyeron.<\/p>\n\n\n\n<p>\u201cEs\u00a0una energ\u00eda limpia, renovable y firme. Sabemos que tenemos que reducir todas esas energ\u00edas que dependen de los combustibles f\u00f3siles y, adem\u00e1s, Colombia, por toda su \u00e1rea volc\u00e1nica, tiene mucho recurso geot\u00e9rmico que se llaman convencionales\u201d, asegur\u00f3 Daniela Blessent, profesora del programa de Ingenier\u00eda Ambiental de la Universidad de Medell\u00edn y l\u00edder de la investigaci\u00f3n.<\/p>\n\n\n\n<p><strong>Las<\/strong>&nbsp;<strong>muestras fueron analizadas en Canad\u00e1<\/strong>.<\/p>\n\n\n\n<p>\u201cSe destaca la importancia de caracterizar las zonas de reserva de geotermia que tienen fracturas o fallas porque esas son las zonas en las cuales los fluidos geot\u00e9rmicos,\u00a0fluidos calientes pueden circular y eventualmente aflorar en la superficie, en donde tenemos fuentes termales, por ejemplo\u201d, resalt\u00f3 Blessent.<\/p>\n\n\n\n<p>Recientemente, la\u00a0Central de Hidroel\u00e9ctricas de Caldas (CECH) del Grupo EPM, Ecopetrol y Baker Hughes\u00a0anunciaron un estudio de factibilidad para la generaci\u00f3n de electricidad en la misma zona de estudio.<\/p>\n\n\n\n<p>Fuente: https:\/\/www.valoraanalitik.com\/2023\/03\/19\/nevado-del-ruiz-con-potencial-para-generar-energia-geotermica\/<\/p>\n","protected":false},"excerpt":{"rendered":"<p>En la b\u00fasqueda de fuentes sostenibles que puedan suplir las necesidades del pa\u00eds para\u00a0la transici\u00f3n energ\u00e9tica, un grupo de investigadores de la\u00a0Universidad de Medell\u00edn\u00a0hall\u00f3 potencial para producir energ\u00eda geot\u00e9rmica con rocas del Nevado del Ruiz. Los investigadores recolectaron rocas en el sector del volc\u00e1n Nereidas 1. All\u00ed\u00a0identificaron formaciones geol\u00f3gicas que almacenan calor, al igual que [&hellip;]<\/p>\n","protected":false},"author":1,"featured_media":5819,"comment_status":"closed","ping_status":"closed","sticky":false,"template":"","format":"standard","meta":{"footnotes":""},"categories":[1],"tags":[],"class_list":["post-5818","post","type-post","status-publish","format-standard","has-post-thumbnail","hentry","category-noticias"],"_links":{"self":[{"href":"https:\/\/epre.gov.ar\/web\/wp-json\/wp\/v2\/posts\/5818","targetHints":{"allow":["GET"]}}],"collection":[{"href":"https:\/\/epre.gov.ar\/web\/wp-json\/wp\/v2\/posts"}],"about":[{"href":"https:\/\/epre.gov.ar\/web\/wp-json\/wp\/v2\/types\/post"}],"author":[{"embeddable":true,"href":"https:\/\/epre.gov.ar\/web\/wp-json\/wp\/v2\/users\/1"}],"replies":[{"embeddable":true,"href":"https:\/\/epre.gov.ar\/web\/wp-json\/wp\/v2\/comments?post=5818"}],"version-history":[{"count":1,"href":"https:\/\/epre.gov.ar\/web\/wp-json\/wp\/v2\/posts\/5818\/revisions"}],"predecessor-version":[{"id":5820,"href":"https:\/\/epre.gov.ar\/web\/wp-json\/wp\/v2\/posts\/5818\/revisions\/5820"}],"wp:featuredmedia":[{"embeddable":true,"href":"https:\/\/epre.gov.ar\/web\/wp-json\/wp\/v2\/media\/5819"}],"wp:attachment":[{"href":"https:\/\/epre.gov.ar\/web\/wp-json\/wp\/v2\/media?parent=5818"}],"wp:term":[{"taxonomy":"category","embeddable":true,"href":"https:\/\/epre.gov.ar\/web\/wp-json\/wp\/v2\/categories?post=5818"},{"taxonomy":"post_tag","embeddable":true,"href":"https:\/\/epre.gov.ar\/web\/wp-json\/wp\/v2\/tags?post=5818"}],"curies":[{"name":"wp","href":"https:\/\/api.w.org\/{rel}","templated":true}]}}