{"id":5792,"date":"2023-03-15T12:25:39","date_gmt":"2023-03-15T12:25:39","guid":{"rendered":"https:\/\/epre.gov.ar\/web\/?p=5792"},"modified":"2023-03-15T12:25:41","modified_gmt":"2023-03-15T12:25:41","slug":"360-energy-y-genneia-avanzan-en-la-construccion-de-un-parque-solar-en-la-antartida","status":"publish","type":"post","link":"https:\/\/epre.gov.ar\/web\/360-energy-y-genneia-avanzan-en-la-construccion-de-un-parque-solar-en-la-antartida\/","title":{"rendered":"360 Energy y Genneia avanzan en la construcci\u00f3n de un parque solar en la Ant\u00e1rtida."},"content":{"rendered":"\n<p>Ambas compa\u00f1\u00edas est\u00e1n construyendo un parque solar que tendr\u00e1 200 paneles fotovoltaicos y abastecer\u00e9 con energ\u00eda renovable a la Base Petrel, ubicada a 1.100 kil\u00f3metros de Ushuaia. Realizan los trabajos junto al Comando Conjunto Ant\u00e1rtico Argentino. Se prev\u00e9 que a fines de marzo se inicien los trabajos de conexi\u00f3n el\u00e9ctrica.<\/p>\n\n\n\n<p>Las compa\u00f1\u00edas\u00a0360 Energy y Genneia\u00a0se unieron con el\u00a0Comando Conjunto Ant\u00e1rtico Argentino\u00a0para construir el\u00a0Parque Solar Donado\u00a0que abastecer\u00e1 con energ\u00eda renovable a la\u00a0Base Petrel en la Ant\u00e1rtida Argentina. El proyecto inici\u00f3 a fines de 2021, pero\u00a0recientemente comenz\u00f3 el montaje de los primeros paneles fotovoltaicos y la construcci\u00f3n de las bases de hormig\u00f3n que sostienen las estructuras del parque, dise\u00f1adas para resistir a vientos de m\u00e1s de 200 km\/h. El parque solar posee una superficie de 800 metros cuadrados (m2) y contar\u00e1 con\u00a0200 paneles fotovoltaicos policristalinos\u00a0que dotar\u00e1n a la base de una potencia cercana a 50 KW.<\/p>\n\n\n\n<p>\u201cEl personal del Comando Conjunto Ant\u00e1rtico es el encargado del montaje del parque solar con el apoyo y supervisi\u00f3n de los ingenieros de 360Energy y Genneia\u201d, seg\u00fan informaron las compa\u00f1\u00edas. Se prev\u00e9 que\u00a0a fines de marzo se inicien los trabajos de conexi\u00f3n el\u00e9ctrica\u00a0y posterior uni\u00f3n con la red que actualmente tiene la base con grupos electr\u00f3genos impulsado por combustibles f\u00f3siles.<\/p>\n\n\n\n<p>Gustavo Castagnino, director de Asuntos Corporativos y Sustentabilidad |ESG de Genneia, sostuvo: \u201cestamos muy contentos de trabajar junto a 360 Energy y el Comando Conjunto Ant\u00e1rtico para el desarrollo y construcci\u00f3n del parque solar en la Base Petrel que contribuir\u00e1 con nuestro compromiso en pos de un cambio positivo en la matriz energ\u00e9tica\u201d.<\/p>\n\n\n\n<p>Por su parte,\u00a0Maximiliano Ivanissevich, director de Asuntos Corporativos y Capital Humano de 360 Energy, afirm\u00f3: \u201cver que avanza este parque solar nos hace sentir orgullosos de c\u00f3mo el trabajo mancomunado de empresas privadas y el Estado, en este caso a trav\u00e9s del Comando Ant\u00e1rtico, tiene resultado concretos y en l\u00ednea con los valores de sostenibilidad que compartimos\u201d.<\/p>\n\n\n\n<p>Genneia y 360 Energy \u201cdesarrollaron, dise\u00f1aron y donaron los componentes del futuro parque solar en Base Petrel\u00a0comprometi\u00e9ndose con la misi\u00f3n y trabajando en conjunto con el Comando Ant\u00e1rtico para concretar un hito en la generaci\u00f3n de las energ\u00edas renovables de nuestro pa\u00eds\u201d.<\/p>\n\n\n\n<h2 class=\"wp-block-heading\"><strong>La base<\/strong><\/h2>\n\n\n\n<p>La Base Petrel fue fundada el 22 de febrero de\u00a01967\u00a0y es una de las trece bases argentinas en la Ant\u00e1rtida. Se encuentra en el archipi\u00e9lago Joinville, al pie del glaciar Rosamar\u00eda en la rada Petrel de la Isla Dundee, a unos\u00a01.100 kil\u00f3metros al sur de Ushuaia. Inici\u00f3 como base naval de ocupaci\u00f3n permanente, hasta que en el a\u00f1o 1976 tuvo que replegarse la dotaci\u00f3n debido a un incendio que destruy\u00f3 por completo la casa alojamiento principal. Desde esa fecha hasta la actualidad,\u00a0se mantuvo como base temporal albergando grupos de trabajo de verano\u00a0y cient\u00edficos que llevaron adelante tareas de investigaci\u00f3n en ese sector de la Pen\u00ednsula Ant\u00e1rtica.<\/p>\n\n\n\n<p>Ahora, est\u00e1 volviendo a ser una\u00a0base permanente\u00a0(con presencia humana todo el a\u00f1o) gracias al proyecto de restauraci\u00f3n que lleva adelante el Comando Conjunto Ant\u00e1rtico,\u00a0en el cual se enmarca el proyecto de abastecerse con energ\u00eda renovable.<\/p>\n\n\n\n<p>En la Campa\u00f1a Ant\u00e1rtica 2021\/2022 la base Petrel, luego de casi\u00a044 a\u00f1os\u00a0como base de verano, pas\u00f3 a ser permanente inici\u00e1ndose las tareas para su reactivaci\u00f3n y transformaci\u00f3n integral. En la actualidad, se encuentran emplazadas dentro del\u00a0Territorio Ant\u00e1rtico Argentino siete bases de ocupaci\u00f3n permanente y seis bases de actividad de verano.<\/p>\n\n\n\n<p>Fuente: https:\/\/econojournal.com.ar\/2023\/03\/360-energy-y-genneia-avanzan-en-la-construccion-de-un-parque-solar-en-la-antartida\/<\/p>\n\n\n\n<p><\/p>\n","protected":false},"excerpt":{"rendered":"<p>Ambas compa\u00f1\u00edas est\u00e1n construyendo un parque solar que tendr\u00e1 200 paneles fotovoltaicos y abastecer\u00e9 con energ\u00eda renovable a la Base Petrel, ubicada a 1.100 kil\u00f3metros de Ushuaia. Realizan los trabajos junto al Comando Conjunto Ant\u00e1rtico Argentino. Se prev\u00e9 que a fines de marzo se inicien los trabajos de conexi\u00f3n el\u00e9ctrica. Las compa\u00f1\u00edas\u00a0360 Energy y Genneia\u00a0se [&hellip;]<\/p>\n","protected":false},"author":1,"featured_media":5793,"comment_status":"closed","ping_status":"closed","sticky":false,"template":"","format":"standard","meta":{"footnotes":""},"categories":[1],"tags":[],"class_list":["post-5792","post","type-post","status-publish","format-standard","has-post-thumbnail","hentry","category-noticias"],"_links":{"self":[{"href":"https:\/\/epre.gov.ar\/web\/wp-json\/wp\/v2\/posts\/5792","targetHints":{"allow":["GET"]}}],"collection":[{"href":"https:\/\/epre.gov.ar\/web\/wp-json\/wp\/v2\/posts"}],"about":[{"href":"https:\/\/epre.gov.ar\/web\/wp-json\/wp\/v2\/types\/post"}],"author":[{"embeddable":true,"href":"https:\/\/epre.gov.ar\/web\/wp-json\/wp\/v2\/users\/1"}],"replies":[{"embeddable":true,"href":"https:\/\/epre.gov.ar\/web\/wp-json\/wp\/v2\/comments?post=5792"}],"version-history":[{"count":1,"href":"https:\/\/epre.gov.ar\/web\/wp-json\/wp\/v2\/posts\/5792\/revisions"}],"predecessor-version":[{"id":5794,"href":"https:\/\/epre.gov.ar\/web\/wp-json\/wp\/v2\/posts\/5792\/revisions\/5794"}],"wp:featuredmedia":[{"embeddable":true,"href":"https:\/\/epre.gov.ar\/web\/wp-json\/wp\/v2\/media\/5793"}],"wp:attachment":[{"href":"https:\/\/epre.gov.ar\/web\/wp-json\/wp\/v2\/media?parent=5792"}],"wp:term":[{"taxonomy":"category","embeddable":true,"href":"https:\/\/epre.gov.ar\/web\/wp-json\/wp\/v2\/categories?post=5792"},{"taxonomy":"post_tag","embeddable":true,"href":"https:\/\/epre.gov.ar\/web\/wp-json\/wp\/v2\/tags?post=5792"}],"curies":[{"name":"wp","href":"https:\/\/api.w.org\/{rel}","templated":true}]}}