{"id":5774,"date":"2023-03-08T12:25:32","date_gmt":"2023-03-08T12:25:32","guid":{"rendered":"https:\/\/epre.gov.ar\/web\/?p=5774"},"modified":"2023-03-08T12:25:34","modified_gmt":"2023-03-08T12:25:34","slug":"la-unlp-proyecta-la-instalacion-de-un-parque-solar-para-abastecer-de-energia-a-sus-edificios","status":"publish","type":"post","link":"https:\/\/epre.gov.ar\/web\/la-unlp-proyecta-la-instalacion-de-un-parque-solar-para-abastecer-de-energia-a-sus-edificios\/","title":{"rendered":"La UNLP proyecta la instalaci\u00f3n de un parque solar para abastecer de energ\u00eda a sus edificios."},"content":{"rendered":"\n<p>Con el objetivo de promover el uso de energ\u00edas limpias y renovables, el Rectorado de la Universidad Nacional de La Plata fue sede de la presentaci\u00f3n del anteproyecto para la instalaci\u00f3n de un Parque Solar en la regi\u00f3n que podr\u00e1 abastecer el 100 por ciento de la demanda energ\u00e9tica de la UNLP.<\/p>\n\n\n\n<p>La casa de estudios platense es una instituci\u00f3n pionera en utilizar autoabastecimiento energ\u00e9tico de fuentes renovables. Seg\u00fan se prev\u00e9 este parque fotovoltaico de 5 MW permitir\u00e1 abastecer toda la demanda energ\u00e9tica de la UNLP, lo que la convertir\u00e1 en la primera Universidad de Am\u00e9rica Latina autosustentable en materia energ\u00e9tica.<\/p>\n\n\n\n<p>El encuentro tuvo lugar  por el vicepresidente Fernando Tauber, acompa\u00f1ado por el decano de Ingenier\u00eda, Marcos Actis, el secretario de Producci\u00f3n, Daniel Tovio, el secretario Legal y T\u00e9cnico, Rafael Clark, el prosecretario de Planeamiento, Obras y Servicios, Agust\u00edn Olivieri, el coordinador del proyecto, Nicol\u00e1s Bardella, el vicedecano de Ingenier\u00eda Jorge Prieto e investigadores de distintas unidades acad\u00e9micas.<\/p>\n\n\n\n<p>Un parque fotovoltaico es una instalaci\u00f3n de energ\u00eda solar a gran escala, compuesto por un gran n\u00famero de placas solares interconectadas. Requieren varios inversores, una sala de control centralizada y transformadores de alta tensi\u00f3n para su funcionamiento. Estos parques solares, creados con la finalidad de captar grandes cantidades de luz solar y transformarla en energ\u00eda el\u00e9ctrica, pueden generar miles de vatios de electricidad por segundo, abasteciendo industrias, complejos urbanos, ciudades o incluso vender su energ\u00eda a las redes de distribuci\u00f3n el\u00e9ctrica.<\/p>\n\n\n\n<p>La reuni\u00f3n de trabajo determin\u00f3 que los expertos de la UNLP deber\u00e1n evaluar la viabilidad de un terreno y su proyecci\u00f3n como parque solar. Adem\u00e1s, el equipo de especialistas de la Facultad de Ingenier\u00eda deber\u00e1 incluir estudios relacionados con las alternativas de localizaci\u00f3n, el an\u00e1lisis del consumo actual de la UNLP, la asignaci\u00f3n de presupuesto, su financiamiento, los tiempos estimados de obra y tramitar todos los permisos y licencias necesarias para su ejecuci\u00f3n.<\/p>\n\n\n\n<p>Cabe recordar que la instalaci\u00f3n de paneles solares en la Facultad de Inform\u00e1tica para el abastecimiento de energ\u00eda constituy\u00f3 el punto de partida para una iniciativa que promete extenderse a otras dependencias de la UNLP.&nbsp;<\/p>\n\n\n\n<p>Para el vicepresidente, \u201cesta reuni\u00f3n es la culminaci\u00f3n de un proyecto de universidad con su propia l\u00ednea energ\u00e9tica\u201d.<\/p>\n\n\n\n<p>\u201cEstas acciones \u2013dijo Tauber- se enmarcan en la agenda ambiental que tiene nuestra universidad y en la constante preocupaci\u00f3n por el desarrollo, investigaci\u00f3n y utilizaci\u00f3n de fuentes de energ\u00eda renovables\u201d. Y a\u00f1adi\u00f3 \u201ceste proyecto es algo complejo, no s\u00f3lo desde lo tecnol\u00f3gico sino tambi\u00e9n desde lo jur\u00eddico, pero esta universidad tiene el objetivo de ser punta de lanza en el proceso productivo basado en el conocimiento\u201d.<\/p>\n\n\n\n<p>El vicepresidente remarc\u00f3 que \u201cesta iniciativa es un objetivo estrat\u00e9gico fundamental en el desarrollo; esta experiencia debe ser replicada como tambi\u00e9n ocurre con nuestras f\u00e1bricas, con nuestros emprendimientos productivos con fines sociales\u201d.<\/p>\n\n\n\n<p>Adem\u00e1s, record\u00f3 que \u201cdesde hace varios a\u00f1os venimos desarrollando proyectos e iniciativas relacionadas al uso racional de la energ\u00eda, al tiempo que fomentamos la investigaci\u00f3n cient\u00edfica asociada al cuidado del medioambiente y los recursos naturales\u201d.<\/p>\n\n\n\n<p>\u201cTenemos que tener soberan\u00eda energ\u00e9tica, no s\u00f3lo por una cuesti\u00f3n econ\u00f3mica, sino tambi\u00e9n por el aporte al desarrollo productivo, \u00fatil para la sociedad. La universidad debe demostrar que es capaz de generar la energ\u00eda que necesitamos para funcionar\u201d, concluy\u00f3 Tauber.<\/p>\n\n\n\n<p>Al hacer uso de la palabra, el decano de Ingenier\u00eda agradeci\u00f3 \u201cla confianza institucional depositada en la unidad acad\u00e9mica para llevar adelante esta importante iniciativa\u201d.<\/p>\n\n\n\n<p>\u201cEs un camino complicado en principio por cuestiones burocr\u00e1ticas, pero no podemos desistir ya que es primordial que la UNLP produzca su energ\u00eda; tenemos las capacidades para avanzar y ser pioneros en la Argentina\u201d, dijo Actis.<\/p>\n\n\n\n<p>Y agreg\u00f3: \u201cen la universidad hay muy buena capacidad de gesti\u00f3n y debemos ponerla al servicio de proyectos estrat\u00e9gicos por eso tenemos el compromiso de encarar de manera interdisciplinaria este ambicioso proyecto\u201d.<\/p>\n\n\n\n<p>Fuente: https:\/\/unlp.edu.ar\/institucional\/la-unlp-proyecta-la-instalacion-de-un-parque-solar-para-abastecer-de-energia-a-sus-edificios-58309<\/p>\n\n\n\n<p><\/p>\n","protected":false},"excerpt":{"rendered":"<p>Con el objetivo de promover el uso de energ\u00edas limpias y renovables, el Rectorado de la Universidad Nacional de La Plata fue sede de la presentaci\u00f3n del anteproyecto para la instalaci\u00f3n de un Parque Solar en la regi\u00f3n que podr\u00e1 abastecer el 100 por ciento de la demanda energ\u00e9tica de la UNLP. La casa de [&hellip;]<\/p>\n","protected":false},"author":1,"featured_media":5775,"comment_status":"closed","ping_status":"closed","sticky":false,"template":"","format":"standard","meta":{"footnotes":""},"categories":[1],"tags":[],"class_list":["post-5774","post","type-post","status-publish","format-standard","has-post-thumbnail","hentry","category-noticias"],"_links":{"self":[{"href":"https:\/\/epre.gov.ar\/web\/wp-json\/wp\/v2\/posts\/5774","targetHints":{"allow":["GET"]}}],"collection":[{"href":"https:\/\/epre.gov.ar\/web\/wp-json\/wp\/v2\/posts"}],"about":[{"href":"https:\/\/epre.gov.ar\/web\/wp-json\/wp\/v2\/types\/post"}],"author":[{"embeddable":true,"href":"https:\/\/epre.gov.ar\/web\/wp-json\/wp\/v2\/users\/1"}],"replies":[{"embeddable":true,"href":"https:\/\/epre.gov.ar\/web\/wp-json\/wp\/v2\/comments?post=5774"}],"version-history":[{"count":1,"href":"https:\/\/epre.gov.ar\/web\/wp-json\/wp\/v2\/posts\/5774\/revisions"}],"predecessor-version":[{"id":5776,"href":"https:\/\/epre.gov.ar\/web\/wp-json\/wp\/v2\/posts\/5774\/revisions\/5776"}],"wp:featuredmedia":[{"embeddable":true,"href":"https:\/\/epre.gov.ar\/web\/wp-json\/wp\/v2\/media\/5775"}],"wp:attachment":[{"href":"https:\/\/epre.gov.ar\/web\/wp-json\/wp\/v2\/media?parent=5774"}],"wp:term":[{"taxonomy":"category","embeddable":true,"href":"https:\/\/epre.gov.ar\/web\/wp-json\/wp\/v2\/categories?post=5774"},{"taxonomy":"post_tag","embeddable":true,"href":"https:\/\/epre.gov.ar\/web\/wp-json\/wp\/v2\/tags?post=5774"}],"curies":[{"name":"wp","href":"https:\/\/api.w.org\/{rel}","templated":true}]}}