{"id":5761,"date":"2023-03-03T12:21:26","date_gmt":"2023-03-03T12:21:26","guid":{"rendered":"https:\/\/epre.gov.ar\/web\/?p=5761"},"modified":"2023-03-03T12:21:28","modified_gmt":"2023-03-03T12:21:28","slug":"asi-se-prepara-la-argentina-para-un-futuro-cada-vez-mas-electrico","status":"publish","type":"post","link":"https:\/\/epre.gov.ar\/web\/asi-se-prepara-la-argentina-para-un-futuro-cada-vez-mas-electrico\/","title":{"rendered":"As\u00ed se prepara la Argentina para un futuro cada vez m\u00e1s el\u00e9ctrico."},"content":{"rendered":"\n<p>La Argentina debe resolver los desaf\u00edos que plantea la expansi\u00f3n de su matriz el\u00e9ctrica para destrabar las limitaciones de transporte que demoran proyectos ya aprobados. C\u00f3mo el sistema busca superar las barreras con el aporte del Estado y los privados.<\/p>\n\n\n\n<p>El marco de la transici\u00f3n energ\u00e9tica global explora la definici\u00f3n de un camino propio como pa\u00eds que asegure la adquisici\u00f3n de\u00a0energ\u00eda\u00a0limpia, asequible y sostenible para dar respuesta a la problem\u00e1tica medioambiental pero tambi\u00e9n a sus necesidades productivas y de crecimiento.<\/p>\n\n\n\n<p>En ese sendero, las\u00a0energ\u00edas renovables\u00a0se reservan un rol central a trav\u00e9s de distintas tecnolog\u00edas como la biomasa, e\u00f3lica, solar, biog\u00e1s y emprendimientos hidroel\u00e9ctricos de menos de 50 Mw,\u00a0y en 2022 registraron un aumento anual del 10,9%\u00a0hasta alcanzar los 19.340 Gwh, con una participaci\u00f3n del 13,33% de la generaci\u00f3n total, apenas un acercamiento al potencial que los recursos naturales ofrecen en la Argentina.<\/p>\n\n\n\n<p>El camino de la electrificaci\u00f3n de la matriz energ\u00e9tica es un hecho a nivel mundial y el pa\u00eds, para acompa\u00f1arlo, debe solucionar algunos desaf\u00edos en el mediano y corto plazo que abarcan, principalmente, la falta de acceso a la capacidad de transporte y el financiamiento. Para el\u00a0presidente de YPF Luz, Mart\u00edn Mandarano, \u201cel tema financiero se puede resolver en el mercado local e, incluso, internacional.<\/p>\n\n\n\n<p>El mundo est\u00e1 muy abierto para el desarrollo de este tipo de energ\u00edas.\u00a0Pero el transporte se encuentra en un gran cuello de botella: tenemos muy buenos recursos de sol y viento, y somos eficientes construyendo parques, pero no tenemos la infraestructura de transporte el\u00e9ctrico\u201d. As\u00ed, coinciden las generadoras que reconocen que, al momento de buscar el mejor terreno para instalar un proyecto, se busca la disponibilidad de transporte en lugar del punto con mejores recursos, una situaci\u00f3n a resolver en el corto plazo.<\/p>\n\n\n\n<p>\u201cOtro desaf\u00edo es que estas energ\u00edas son intermitentes.\u00a0Y el gas natural es el complemento justo para compensar la intermitencia con el menor impacto al medioambiente y el mejor beneficio para el cliente\u201d, agrega el directivo de la empresa que en este primer trimestre del a\u00f1o inaugurar\u00e1 en San Juan su primer parque solar El Zonda e iniciar\u00e1 en General Levalle, al sur de la provincia de C\u00f3rdoba, su cuarto parque e\u00f3lico.<\/p>\n\n\n\n<p>\u201cEl crecimiento de la industria obliga a proponer una oferta cada vez m\u00e1s econ\u00f3mica y sustentable, con el menor impacto posible en el medioambiente.\u00a0Esto genera una gran oportunidad para el sector, ya que el mundo ha comenzado a producir y consumir con mayor conciencia y reclamando cada vez menos emisiones\u201d, explica.<\/p>\n\n\n\n<h4 class=\"wp-block-heading\">Vector de descarbonizaci\u00f3n<\/h4>\n\n\n\n<p>Esta tendencia favorece al pa\u00eds porque\u00a0tiene el recurso y necesita convertirlo en valor\u00a0para poder ser un vector de descarbonizaci\u00f3n regional y colaborar en ese proceso a nivel mundial. Inyectar m\u00e1s energ\u00eda renovable permite reemplazar la generaci\u00f3n t\u00e9rmica y liberar gas natural para exportar,\u00a0y esto se traduce en mayor competitividad y generaci\u00f3n de valor sobre los recursos que muchos mercados necesitan y el pa\u00eds puede ofrecer.<\/p>\n\n\n\n<p>Con esa mirada amplia de mercado, para\u00a0Mart\u00edn Genesio, presidente de AES Argentina, \u201cel 2023 ser\u00e1 un a\u00f1o de transici\u00f3n, donde el sector energ\u00e9tico continuar\u00e1 el proceso de normalizaci\u00f3n tarifaria iniciado a fines del a\u00f1o pasado y, en lo que respecta al sector el\u00e9ctrico, debe ser un a\u00f1o en el que se debe atender la necesidad de ampliaci\u00f3n de la capacidad transporte en lo que refiere a energ\u00edas renovables no convencionales, principalmente en fuentes de\u00a0energ\u00eda e\u00f3lica y solar\u201d.<\/p>\n\n\n\n<p>A pesar de las limitaciones que impone la infraestructura, AES Argentina prev\u00e9 un a\u00f1o de crecimiento ya que\u00a0la empresa iniciar\u00e1 la construcci\u00f3n de un nuevo parque e\u00f3lico en el sur de la provincia de Buenos Aires\u00a0y tiene en carpeta continuar creciendo con el desarrollo de energ\u00edas renovables: \u201cEl objetivo, como empresa, es contribuir al desarrollo sostenible de la Naci\u00f3n y colaborar en el cumplimiento del compromiso asumido por el pa\u00eds en aumentar la producci\u00f3n de energ\u00edas renovables\u201d, dice Genesio.<\/p>\n\n\n\n<blockquote class=\"wp-block-quote is-layout-flow wp-block-quote-is-layout-flow\"><\/blockquote>\n\n\n\n<blockquote class=\"wp-block-quote is-layout-flow wp-block-quote-is-layout-flow\">\n<p>Con los recursos naturales a su favor, la Argentina tiene que resolver el cuello de botella en el transporte el\u00e9ctrico.<\/p>\n<\/blockquote>\n\n\n\n<p>El pa\u00eds confirm\u00f3 en los \u00faltimos a\u00f1os sus capacidades en el desarrollo de las distintas tecnolog\u00edas para impulsar a la industria, y los proyectos instalados vienen demostrando su gran competitividad. Pero ese desarrollo del sector vuelve a encontrar este a\u00f1o sus limitaciones de transporte como traba para la puesta en marcha de nuevos proyectos y, en esta l\u00ednea, se torna importante contar con herramientas concretas para la ampliaci\u00f3n del sistema de transporte en alta tensi\u00f3n consistentes con la ley y los compromisos asumidos en la\u00a0COP 26.<\/p>\n\n\n\n<p>Recientes estudios de la\u00a0C\u00e1mara E\u00f3lica Argentina (CEA)\u00a0demostraron la importancia de trabajar en conjunto sobre las l\u00edneas de transporte para lograr una mayor participaci\u00f3n de las renovables en la matriz energ\u00e9tica, es decir, sumando el compromiso del sector privado para el tendido de redes asociadas a sus proyectos mediante un esquema de repago convalidado por el Estado, de manera de destrabar los proyectos.<\/p>\n\n\n\n<p>Gustavo Castagnino, director de Asuntos Corporativos, Regulatorios y Sustentabilidad de\u00a0Genneia, destaca al respecto que la compa\u00f1\u00eda est\u00e1 decidida a \u201ccontinuar el compromiso con la sostenibilidad, invirtiendo en el desarrollo y la construcci\u00f3n de proyectos amigables con el medioambiente y acompa\u00f1ando planes de expansi\u00f3n del sistema de transporte orientado a la incorporaci\u00f3n de energ\u00eda renovable en la matriz energ\u00e9tica.<\/p>\n\n\n\n<p>Entendiendo el desempe\u00f1o macroecon\u00f3mico y del sector el\u00e9ctrico local, los efectos producidos por las renovables, los resultados ser\u00e1n positivos y significativos para el medioambiente y la sociedad en las pr\u00f3ximas d\u00e9cadas.\u00a0Sin embargo, ser\u00e1 necesario que se consoliden las pol\u00edticas de desarrollo del sector\u201d.<\/p>\n\n\n\n<p>Genneia est\u00e1 pr\u00f3ximo a inaugurar en San Juan su nuevo Parque Solar Sierras de Ullum, destinado a satisfacer la demanda de energ\u00eda de grandes usuarios industriales, en el marco del Mercado a T\u00e9rmino de Energ\u00edas Renovables (MATER). Adem\u00e1s, se proyecta la entrada en operaci\u00f3n del Proyecto E\u00f3lico La Elbita para mediados del 2024, tambi\u00e9n para satisfacer la demanda de energ\u00eda de grandes usuarios industriales.<\/p>\n\n\n\n<p>Con los nuevos proyectos, la empresa se perfila para superar 1 GW de capacidad instalada, un hito a\u00fan no alcanzado en el pa\u00eds,\u00a0y habr\u00e1 invertido m\u00e1s de US$ 1.400 millones en m\u00e1s de 20 proyectos para el 2023.<\/p>\n\n\n\n<p>Fuente: https:\/\/www.forbesargentina.com\/especiales\/promesas-realidades-oro-blanco-n30227<\/p>\n\n\n\n<p><\/p>\n\n\n\n<p><\/p>\n","protected":false},"excerpt":{"rendered":"<p>La Argentina debe resolver los desaf\u00edos que plantea la expansi\u00f3n de su matriz el\u00e9ctrica para destrabar las limitaciones de transporte que demoran proyectos ya aprobados. C\u00f3mo el sistema busca superar las barreras con el aporte del Estado y los privados. El marco de la transici\u00f3n energ\u00e9tica global explora la definici\u00f3n de un camino propio como [&hellip;]<\/p>\n","protected":false},"author":1,"featured_media":5762,"comment_status":"closed","ping_status":"closed","sticky":false,"template":"","format":"standard","meta":{"footnotes":""},"categories":[1],"tags":[],"class_list":["post-5761","post","type-post","status-publish","format-standard","has-post-thumbnail","hentry","category-noticias"],"_links":{"self":[{"href":"https:\/\/epre.gov.ar\/web\/wp-json\/wp\/v2\/posts\/5761","targetHints":{"allow":["GET"]}}],"collection":[{"href":"https:\/\/epre.gov.ar\/web\/wp-json\/wp\/v2\/posts"}],"about":[{"href":"https:\/\/epre.gov.ar\/web\/wp-json\/wp\/v2\/types\/post"}],"author":[{"embeddable":true,"href":"https:\/\/epre.gov.ar\/web\/wp-json\/wp\/v2\/users\/1"}],"replies":[{"embeddable":true,"href":"https:\/\/epre.gov.ar\/web\/wp-json\/wp\/v2\/comments?post=5761"}],"version-history":[{"count":3,"href":"https:\/\/epre.gov.ar\/web\/wp-json\/wp\/v2\/posts\/5761\/revisions"}],"predecessor-version":[{"id":5807,"href":"https:\/\/epre.gov.ar\/web\/wp-json\/wp\/v2\/posts\/5761\/revisions\/5807"}],"wp:featuredmedia":[{"embeddable":true,"href":"https:\/\/epre.gov.ar\/web\/wp-json\/wp\/v2\/media\/5762"}],"wp:attachment":[{"href":"https:\/\/epre.gov.ar\/web\/wp-json\/wp\/v2\/media?parent=5761"}],"wp:term":[{"taxonomy":"category","embeddable":true,"href":"https:\/\/epre.gov.ar\/web\/wp-json\/wp\/v2\/categories?post=5761"},{"taxonomy":"post_tag","embeddable":true,"href":"https:\/\/epre.gov.ar\/web\/wp-json\/wp\/v2\/tags?post=5761"}],"curies":[{"name":"wp","href":"https:\/\/api.w.org\/{rel}","templated":true}]}}