{"id":5758,"date":"2023-03-03T11:46:18","date_gmt":"2023-03-03T11:46:18","guid":{"rendered":"https:\/\/epre.gov.ar\/web\/?p=5758"},"modified":"2023-03-03T11:46:19","modified_gmt":"2023-03-03T11:46:19","slug":"el-mapa-de-la-energia-eolica-marina-estas-son-las-zonas-en-las-que-se-permitiran-aerogeneradores","status":"publish","type":"post","link":"https:\/\/epre.gov.ar\/web\/el-mapa-de-la-energia-eolica-marina-estas-son-las-zonas-en-las-que-se-permitiran-aerogeneradores\/","title":{"rendered":"El mapa de la energ\u00eda e\u00f3lica marina: estas son las zonas en las que se permitir\u00e1n aerogeneradores."},"content":{"rendered":"\n<p>El Ministerio de Transici\u00f3n Ecol\u00f3gica ordena por primera vez los usos en el mar y reserva casi 5.000 kil\u00f3metros cuadrados como zonas potenciales para instalar molinos.<\/p>\n\n\n\n<p>El Consejo de Ministros ha aprobado  los planes de ordenaci\u00f3n del espacio mar\u00edtimo \u2014los denominados POEM\u2014 de las demarcaciones marinas espa\u00f1olas: noratl\u00e1ntica, sudatl\u00e1ntica, del Estrecho y Albor\u00e1n, levantino-balear y canaria. Lo que se pretende es organizar los usos y actividades econ\u00f3micas del mill\u00f3n de kil\u00f3metros cuadrados de mar con los que cuenta Espa\u00f1a. Como ha explicado la vicepresidenta y ministra para la Transici\u00f3n Ecol\u00f3gica,\u00a0Teresa Ribera,\u00a0el objetivo es ordenar las \u201cactividades presentes y las que pueden llegar a desarrollarse\u201d en el mar. Y una de las que m\u00e1s atenci\u00f3n ha despertado es el desarrollo de\u00a0la energ\u00eda e\u00f3lica marina\u00a0por su potencialidad en la lucha contra el cambio clim\u00e1tico, pero tambi\u00e9n por los posibles conflictos con otros usos.<\/p>\n\n\n\n<p>De ese mill\u00f3n de kil\u00f3metros cuadrados, 4.948 se reservan como zonas de alto potencial de la e\u00f3lica marina. El Ministerio para la Transici\u00f3n Ecol\u00f3gica se\u00f1ala as\u00ed las zonas en las que se podr\u00e1 desarrollar esta tecnolog\u00eda, todav\u00eda incipiente en el caso de los aerogeneradores flotantes, que son los que m\u00e1s \u00e9xito podr\u00edan tener en Espa\u00f1a debido a las caracter\u00edsticas de su costa. Esos casi 5.000 kil\u00f3metros cuadrados, que se reparten en 18 pol\u00edgonos, representan apenas el 0,46% del las aguas nacionales afectadas por los nuevos POEM.<\/p>\n\n\n\n<p>La implantaci\u00f3n de esta tecnolog\u00eda estaba paralizada a la espera de la aprobaci\u00f3n de la zonificaci\u00f3n. Tras el paso dado este martes por el Consejo de Ministros, ahora se desbloquea su desarrollo. Cuatro proyectos permanec\u00edan paralizados por una moratoria dictada por el Gobierno central a la espera de los POEM. Tres est\u00e1n en Canarias \u2014Mar de Canarias, Proyecto Elisa (en fase de operaci\u00f3n experimental), y Parque E\u00f3lico Gofio\u2014 y otro en el Pa\u00eds Vasco \u2014BIMEP\u2014.<\/p>\n\n\n\n<p>De las cinco demarcaciones cuyos usos se ordenan ahora, en la sudatl\u00e1ntica (que afecta a la provincia de Huelva y parte de C\u00e1diz) no se ha encontrado ning\u00fan \u00e1rea propicia para la energ\u00eda e\u00f3lica. Por el contrario, en la que m\u00e1s superficie se ha reservado es en la noratl\u00e1ntica, con 2.688,61 kil\u00f3metros cuadrados, seg\u00fan detallan fuentes del Ministerio para la Transici\u00f3n Ecol\u00f3gica. En la demarcaci\u00f3n del Estrecho y Albor\u00e1n se han reservado 1.222,61 kil\u00f3metros cuadrados y en la canaria, 561,87. Por \u00faltimo, en la levantino-balear se han seleccionado 474,99 kil\u00f3metros.<\/p>\n\n\n\n<p>El ministerio explica que para designar estas zonas se ha seguido un proceso \u2014en el que han participado activamente las comunidades aut\u00f3nomas y sectores econ\u00f3micos implicados, como el de la pesca\u2014 que ha tenido en cuenta un conjunto de variables. La primera y b\u00e1sica es la disponibilidad de recurso e\u00f3lico. Luego, se ha atendido a la no afecci\u00f3n a la biodiversidad de los potenciales proyectos y la compatibilidad con otros usos prioritarios, como la navegaci\u00f3n marina y a\u00e9rea, y la defensa nacional. Ribera ha puesto como ejemplo el caso de los corredores de cet\u00e1ceos en el Mediterr\u00e1neo, que han limitado mucho los usos que se autorizan en las demarcaciones del Estrecho y Albor\u00e1n y balear. Por \u00faltimo, tambi\u00e9n se han considerado los posibles conflictos con otras actividades, como la pesca, el turismo o la acuicultura.<\/p>\n\n\n\n<p>Conflictos<\/p>\n\n\n\n<p>Durante la tramitaci\u00f3n de los POEM, el ministerio colg\u00f3 unos primeros mapas de zonificaci\u00f3n.\u00a0Algunas empresas hicieron p\u00fablicos proyectos para implantar aerogeneradores\u00a0en varias de esas \u00e1reas que aparec\u00edan en esos borradores, aunque la tramitaci\u00f3n de cualquier parque estaba paralizada. Inmediatamente, surgieron plataformas que se opon\u00edan a esos supuestos proyectos.<\/p>\n\n\n\n<p>Pero durante toda la fase de tramitaci\u00f3n se han eliminado pol\u00edgonos, como el que figuraba frente al parque almeriense de cabo de Gata que hab\u00eda desatado una fuerte oposici\u00f3n. Seg\u00fan el ministerio, el proceso de zonificaci\u00f3n se ha realizado de la mano de las comunidades aut\u00f3nomas y en los casos en los que se han encontrado una rechazo frontal al desarrollo de futuros parques se ha atendido a esas peticiones, explican fuentes del Ministerio para la Transici\u00f3n Ecol\u00f3gica.<\/p>\n\n\n\n<p>Una de las pegas que se pone a esta tecnolog\u00eda es el impacto visual que pueden tener estos aerogeneradores. El ministerio no ha fijado una distancia m\u00ednima a la costa de los molinos. En cada caso se ha optado por una soluci\u00f3n en funci\u00f3n de las caracter\u00edsticas de cada costa. Por ejemplo, en la demarcaci\u00f3n noratl\u00e1ntica (donde m\u00e1s superficie se reserva), la distancia m\u00ednima a la que est\u00e1n los pol\u00edgonos reservados para los molinos es de 21 kil\u00f3metros; en Canarias, en contraste, hay uno de los pol\u00edgonos que se ubica a 1.850 metros de la costa de Lanzarote, siempre seg\u00fan la informaci\u00f3n facilitada por el Ministerio para la Transici\u00f3n Ecol\u00f3gica, que ha elaborado\u00a0un visor\u00a0para consultar los 18 pol\u00edgonos que se han acotado para la e\u00f3lica marina.<\/p>\n\n\n\n<p>Que se reserven esos casi 5.000 kil\u00f3metros cuadrados no significa que en toda esa superficie se vaya a instalar aerogeneradores. Ahora depende de las compa\u00f1\u00edas valorar si son viables los proyectos. Adem\u00e1s, se deber\u00e1 seguir una tramitaci\u00f3n ambiental. Una vez aprobados los POEM, el Gobierno deber\u00eda convocar las subastas e\u00f3licas para establecer las condiciones de las futuras concesiones; toda la superficie marina es del Estado. Seg\u00fan el ministerio, las zonas designadas para esta tecnolog\u00eda ahora son suficientes para cumplir con los planes que tiene Espa\u00f1a para esta d\u00e9cada, que pasan por instalar hasta tres gigavatios de esta tecnolog\u00eda para 2030.<\/p>\n\n\n\n<p>Los POEM aprobados ahora tendr\u00e1n una vigencia hasta el 31 de diciembre de 2027 y servir\u00e1n para poner a prueba el desarrollo de una tecnolog\u00eda, la e\u00f3lica flotante, que todav\u00eda no est\u00e1 suficientemente madura. En el caso de la e\u00f3lica terrestre, Espa\u00f1a es uno de los l\u00edderes mundiales. Pero el pa\u00eds nunca se ha llegado a subir al tren de la marina debido fundamentalmente a que las aguas territoriales espa\u00f1olas son muy profundas y esta tecnolog\u00eda necesita de una cimentaci\u00f3n fija, algo que resulta inviable a partir de los 50 metros de profundidad. Sin embargo, la e\u00f3lica flotante, que no tiene esos requerimientos, se est\u00e1 abriendo camino y el Gobierno aspira a convertirse en el referente europeo de esta tecnolog\u00eda.<\/p>\n\n\n\n<p>En diciembre de 2021, el Gobierno aprob\u00f3\u00a0la hoja de ruta para el \u201cdesarrollo de la e\u00f3lica marina y de las energ\u00edas del mar en Espa\u00f1a\u201d. Esta estrategia, elaborada tambi\u00e9n por el Ministerio para la Transici\u00f3n Ecol\u00f3gica, se marcaba como meta que en 2030 el pa\u00eds cuente con entre uno y tres gigavatios de esta renovable. Ello supondr\u00eda que, en el mejor de los escenarios, el 40% de toda la potencia instalada en la UE a finales de esta d\u00e9cada estar\u00eda en Espa\u00f1a, seg\u00fan los planes que tienen las instituciones europeas. Pero para que salga adelante este plan, se necesitaba la aprobaci\u00f3n de los POEM que fijen las zonas en las que se podr\u00e1 desarrollar esta tecnolog\u00eda. Esta zonificaci\u00f3n, adem\u00e1s, era una obligaci\u00f3n que hab\u00eda establecido la Uni\u00f3n Europea para todos sus miembros con zonas costeras. Y Espa\u00f1a deber\u00eda haberla aprobado hace un a\u00f1o, lo que hab\u00eda provocado ya un aviso de la Comisi\u00f3n Europea, explican fuentes del ministerio.<\/p>\n\n\n\n<p>Fuente: https:\/\/elpais.com\/clima-y-medio-ambiente\/2023-02-28\/el-mapa-de-la-energia-eolica-marina-estos-son-las-zonas-en-las-que-se-permitiran-aerogeneradores.html<\/p>\n\n\n\n<p><\/p>\n\n\n\n<p><\/p>\n","protected":false},"excerpt":{"rendered":"<p>El Ministerio de Transici\u00f3n Ecol\u00f3gica ordena por primera vez los usos en el mar y reserva casi 5.000 kil\u00f3metros cuadrados como zonas potenciales para instalar molinos. El Consejo de Ministros ha aprobado los planes de ordenaci\u00f3n del espacio mar\u00edtimo \u2014los denominados POEM\u2014 de las demarcaciones marinas espa\u00f1olas: noratl\u00e1ntica, sudatl\u00e1ntica, del Estrecho y Albor\u00e1n, levantino-balear y [&hellip;]<\/p>\n","protected":false},"author":1,"featured_media":5759,"comment_status":"closed","ping_status":"closed","sticky":false,"template":"","format":"standard","meta":{"footnotes":""},"categories":[17],"tags":[],"class_list":["post-5758","post","type-post","status-publish","format-standard","has-post-thumbnail","hentry","category-eolica-energias"],"_links":{"self":[{"href":"https:\/\/epre.gov.ar\/web\/wp-json\/wp\/v2\/posts\/5758","targetHints":{"allow":["GET"]}}],"collection":[{"href":"https:\/\/epre.gov.ar\/web\/wp-json\/wp\/v2\/posts"}],"about":[{"href":"https:\/\/epre.gov.ar\/web\/wp-json\/wp\/v2\/types\/post"}],"author":[{"embeddable":true,"href":"https:\/\/epre.gov.ar\/web\/wp-json\/wp\/v2\/users\/1"}],"replies":[{"embeddable":true,"href":"https:\/\/epre.gov.ar\/web\/wp-json\/wp\/v2\/comments?post=5758"}],"version-history":[{"count":1,"href":"https:\/\/epre.gov.ar\/web\/wp-json\/wp\/v2\/posts\/5758\/revisions"}],"predecessor-version":[{"id":5760,"href":"https:\/\/epre.gov.ar\/web\/wp-json\/wp\/v2\/posts\/5758\/revisions\/5760"}],"wp:featuredmedia":[{"embeddable":true,"href":"https:\/\/epre.gov.ar\/web\/wp-json\/wp\/v2\/media\/5759"}],"wp:attachment":[{"href":"https:\/\/epre.gov.ar\/web\/wp-json\/wp\/v2\/media?parent=5758"}],"wp:term":[{"taxonomy":"category","embeddable":true,"href":"https:\/\/epre.gov.ar\/web\/wp-json\/wp\/v2\/categories?post=5758"},{"taxonomy":"post_tag","embeddable":true,"href":"https:\/\/epre.gov.ar\/web\/wp-json\/wp\/v2\/tags?post=5758"}],"curies":[{"name":"wp","href":"https:\/\/api.w.org\/{rel}","templated":true}]}}