{"id":5755,"date":"2023-03-01T11:57:27","date_gmt":"2023-03-01T11:57:27","guid":{"rendered":"https:\/\/epre.gov.ar\/web\/?p=5755"},"modified":"2023-03-01T11:57:29","modified_gmt":"2023-03-01T11:57:29","slug":"el-dato-que-todos-callan-la-energia-eolica-necesita-mil-veces-mas-espacio-que-la-nuclear-para-producir-lo-mismo","status":"publish","type":"post","link":"https:\/\/epre.gov.ar\/web\/el-dato-que-todos-callan-la-energia-eolica-necesita-mil-veces-mas-espacio-que-la-nuclear-para-producir-lo-mismo\/","title":{"rendered":"El dato que todos callan: la energ\u00eda e\u00f3lica necesita mil veces m\u00e1s espacio que la nuclear para producir lo mismo."},"content":{"rendered":"\n<p>\u00bfQu\u00e9 extensi\u00f3n de terreno hay que usar para generar con aire o sol la electricidad que produce una nuclear? Un dato sorprendente del que nadie habla.<\/p>\n\n\n\n<p>Con Espa\u00f1a llen\u00e1ndose de\u00a0parques e\u00f3licos y huertos solares, cada vez surge con m\u00e1s fuerza la pregunta de qu\u00e9 efectos secundarios est\u00e1 teniendo la adopci\u00f3n masiva de estas\u00a0fuentes de energ\u00eda mucho menos intensivas\u00a0que las que hasta ahora eran las m\u00e1s comunes del mix energ\u00e9tico.<\/p>\n\n\n\n<p>Efectos secundarios que tienen mucho que ver con el impacto que esas grandes plantas provocan all\u00ed donde han de ser instaladas, que es obvio que s\u00f3lo puede ser en zonas rurales en las que la aparici\u00f3n de los grandes molinos de viento o los campos cubiertos de placas solares son vistos, cada vez m\u00e1s,\u00a0como una agresi\u00f3n.<\/p>\n\n\n\n<p>De hecho, empiezan a escucharse cr\u00edticas que hasta hace poco eran impensables y que est\u00e1n alarmando a un sector que hasta ahora sent\u00eda que no pod\u00eda perder la batalla de la opini\u00f3n p\u00fablica.<\/p>\n\n\n\n<p>Pero es que hay motivos m\u00e1s que evidentes para que ese rechazo crezca: las energ\u00edas verdes no son tan verdes \u2013el impacto en la avifauna de la e\u00f3lica es brutal, por ejemplo\u2013, su afectaci\u00f3n al paisaje es enorme y, por \u00faltimo, la ocupaci\u00f3n de territorio necesaria para general toda la electricidad que consume una sociedad avanzada es tambi\u00e9n tremenda, a pesar de que nadie hable de ese dato.<\/p>\n\n\n\n<h3 class=\"wp-block-heading\">Nuclear: 14.492 GWh por kil\u00f3metro cuadrado<\/h3>\n\n\n\n<p>Desde estos puntos de vista, es muy significativo\u00a0comparar el espacio que ocupan las distintas formas de generaci\u00f3n de energ\u00eda\u00a0a la hora de producir una cantidad similar de electricidad. Es una comparaci\u00f3n que no es sencilla hacer y que, como es obvio, s\u00f3lo pretende ser orientativa, pero que al mismo tiempo resulta muy significativa.<\/p>\n\n\n\n<p>Para hacerla vamos a tomar como ejemplo algunas de las instalaciones punteras en cada uno de sus \u00e1mbitos. Por ejemplo\u00a0la central nuclear de Asc\u00f3, que es la que m\u00e1s electricidad produce en nuestro pa\u00eds, en 2021 los dos generadores nucleares de Asc\u00f3 generaron 16.232 GWh.<\/p>\n\n\n\n<p>Para hacerlo la central\u00a0ocupa un espacio de 1,12 kil\u00f3metros cuadrados, seg\u00fan nos permite calcular a partir de las im\u00e1genes de sat\u00e9lite de Google Maps. Haciendo una operaci\u00f3n muy sencilla, por cada kil\u00f3metro cuadrado ocupado por una central nuclear\u00a0se generan 14.492 GWh al a\u00f1o.<\/p>\n\n\n\n<h3 class=\"wp-block-heading\">E\u00f3lica: 12,5 GWh por kil\u00f3metro cuadrado<\/h3>\n\n\n\n<p>En el campo de la energ\u00eda e\u00f3lica vamos a tomar como referencia un parque tan puntero como que todav\u00eda no est\u00e1 terminado:\u00a0GECAMA\u00a0(Generaci\u00f3n E\u00f3lica de Castilla-La Mancha) ser\u00e1 cuando finalice sus construcci\u00f3n\u00a0el mayor de Espa\u00f1a, con una potencia instalada de 392 MW y que en teor\u00eda\u00a0va a generar 1.000 GWh al a\u00f1o, un dato que la compa\u00f1\u00eda creadora, la israel\u00ed Enlight Renewable Energy\u00a0no ofrece en su p\u00e1gina web\u00a0\u2013al menos en las secciones traducidas al ingl\u00e9s\u2013 pero que encontramos en una noticia sobre el proyecto\u00a0publicada en noviembre de 2021 por\u00a0<em>elDiario<\/em>\u00a0y que daremos por bueno para nuestra comparaci\u00f3n.<\/p>\n\n\n\n<p>Es decir, el mayor parque e\u00f3lico de Espa\u00f1a genera algo menos que un dieciseisavo de la electricidad que produce la mayor planta nuclear de nuestro pa\u00eds.<\/p>\n\n\n\n<p>Y para ello \u00bfqu\u00e9 espacio necesita ocupar? Este es un dato que no es f\u00e1cil de encontrar en los parques e\u00f3licos, probablemente porque no suena igual de bien que otros. En este caso, sin embargo, hemos dado con \u00e9l en la p\u00e1gina web de Typsa, la prestigiosa firma de ingenier\u00eda que tiene un papel relevante tanto en la construcci\u00f3n del proyecto como en su gesti\u00f3n. La cifra es importante: el parque \u00abocupa un \u00e1rea aproximada de 8.000 ha\u00bb.<\/p>\n\n\n\n<p>8.000 hect\u00e1reas son, como muchos de ustedes sabr\u00e1n, ochenta kil\u00f3metros cuadrados, y como su capacidad de generaci\u00f3n es un dieciseisavo que la de la central nuclear, para saber qu\u00e9 espacio ocupar\u00eda un parque e\u00f3lico para producir lo mismo que Asc\u00f3 hay que multiplicar este dato, ochenta kil\u00f3metros cuadrados, por diecis\u00e9is: estar\u00edamos hablando de\u00a0unos 1.280 kil\u00f3metros cuadrados, m\u00e1s del doble de toda la superficie de la ciudad de Madrid.<\/p>\n\n\n\n<p>Para tener un t\u00e9rmino v\u00e1lido de comparaci\u00f3n haremos la misma operaci\u00f3n que hemos hecho con anterioridad: ver qu\u00e9 se genera en cada kil\u00f3metro cuadrado. Obtendremos un dato mucho menos beneficioso: la energ\u00eda e\u00f3lica\u00a0s\u00f3lo es capaz de generar 12,5 GWh al a\u00f1o en cada kil\u00f3metro cuadrado, incluso en un proyecto de los m\u00e1s avanzados y modernos como Gecama.<\/p>\n\n\n\n<p>Se podr\u00eda aducir que en realidad no se ocupa todo este territorio sino s\u00f3lo lo que es necesario para instalar cada una de las\u00a069 enormes\u00a0turbinas de 149 metros de di\u00e1metro\u00a0de rotor\u00a0del parque. No nos parece pertinente: la realidad es que, incluso sin tener en cuenta la brutal afectaci\u00f3n al paisaje que es todav\u00eda m\u00e1s amplia, es obvio que el terreno se ve totalmente afectado y el espacio entre generadores no puede ser ocupado por nada: ni viviendas, ni industrias, ni servicios para las localidades cercanas&#8230;<\/p>\n\n\n\n<p>Por \u00faltimo, otra operaci\u00f3n sencilla nos da la relaci\u00f3n entre ambas tecnolog\u00edas de generaci\u00f3n seg\u00fan lo que son capaces de producir por kil\u00f3metro cuadrado:\u00a0la e\u00f3lica necesita ocupar 1.159 veces m\u00e1s espacio que la nuclear\u00a0para generar la misma cantidad de electricidad. Recuerden, no obstante, que este es un c\u00e1lculo aproximado, pero aun as\u00ed es significativo.<\/p>\n\n\n\n<h3 class=\"wp-block-heading\">Fotovoltaica: 83,2 GWh por kil\u00f3metro cuadrado<\/h3>\n\n\n\n<p>Nuestro an\u00e1lisis no estar\u00eda completo si no incluy\u00e9semos una tercera forma de energ\u00eda que tambi\u00e9n tiene un fuerte impacto en la ocupaci\u00f3n de terreno:\u00a0la fotovoltaica\u00a0que est\u00e1, como la e\u00f3lica, invadiendo zonas rurales de Espa\u00f1a y recibiendo un rechazo cada vez mayor sobre todo por su impacto en el paisaje y los enormes espacios que requiere.<\/p>\n\n\n\n<p>Como en los dos casos anteriores tomamos para nuestra comparaci\u00f3n un proyecto puntero:\u00a0la planta solar N\u00fa\u00f1ez de Balboa, considerada la mayor de Espa\u00f1a, que est\u00e1 ubicada en la localidad de Usagre, Badajoz, y ya es visible, aunque s\u00f3lo sea en parte, en Google Maps.<\/p>\n\n\n\n<p>La propia p\u00e1gina de Iberdrola\u00a0nos da la informaci\u00f3n clave sobre la planta: la potencia instalada es de 500 MWp, aunque el m\u00e1ximo que puede suministrar a la red es 391MW. Con esto es capaz de generar, siempre seg\u00fan los datos de la compa\u00f1\u00eda el\u00e9ctrica,\u00a0832 GWh al a\u00f1o, es decir,\u00a0casi veinte veces menos que Asc\u00f3.<\/p>\n\n\n\n<p>Para producir esta energ\u00eda la planta ocupa \u00abuna superficie cercana a las 1.000 hect\u00e1reas\u00bb, es decir, diez kil\u00f3metros cuadrados. Una forma interesante para hacernos una idea de lo que esto significa es constatar que, para generar lo mismo que Asc\u00f3, tendr\u00eda que tener unos 200 kil\u00f3metros cuadrados, lo que casualmente es\u00a0dos veces el tama\u00f1o de la ciudad de Barcelona.<\/p>\n\n\n\n<p>No obstante, volviendo a los t\u00e9rminos de nuestra comparaci\u00f3n, el ratio de generaci\u00f3n seg\u00fan el espacio sobre el que est\u00e1 asentada\u00a0es bastante mejor que el de la e\u00f3lica: 83,2 GWh por kil\u00f3metro cuadrado. Aun as\u00ed, se queda muy lejos del que nos proporciona Asc\u00f3: para producir lo mismo que la nuclear una central fotovoltaica de \u00faltima generaci\u00f3n tendr\u00eda que ocupar\u00a0174 veces\u00a0el terreno que ocupa aquella.<\/p>\n\n\n\n<h3 class=\"wp-block-heading\">Y, adem\u00e1s, dependes del tiempo<\/h3>\n\n\n\n<p>En estos c\u00e1lculos, adem\u00e1s, no incluimos un hecho fundamental: en el mejor de los casos una central fotovoltaica s\u00f3lo puede generar electricidad durante unas horas al d\u00eda, y esa electricidad no se puede almacenar, as\u00ed que cuando se dice que la N\u00fa\u00f1ez de Balboa \u00absuministra energ\u00eda limpia a 250.000 hogares\u00bb habr\u00eda que a\u00f1adir que esos hogares\u00a0dependen de otra fuente de energ\u00eda\u00a0para tener luz, que sus electrodom\u00e9sticos funcionen y sus coches el\u00e9ctricos se carguen por la noche.<\/p>\n\n\n\n<p>Y por supuesto tampoco hay que olvidar que estas energ\u00edas renovables dependen de las condiciones ambientales: aunque s\u00ed puede mantener el suministro nocturno, si no hay viento la e\u00f3lica no puede generar,\u00a0pero si hay demasiado tambi\u00e9n debe ser desconectada\u00a0por razones de seguridad. Del mismo modo, la fotovoltaica generar\u00e1 mucho menos si est\u00e1 nublado y, aunque esto es menos conocido,\u00a0tambi\u00e9n si hace mucho calor. En resumen, m\u00e1s all\u00e1 de la energ\u00eda que puedan producir unas y otras, ambas necesitan el respaldo de otras fuentes, ya que no son tan fiables como la nuclear, capaz de operar 24 horas al d\u00eda los 365 d\u00edas al a\u00f1o y cuyas paradas son siempre programadas.<\/p>\n\n\n\n<h3 class=\"wp-block-heading\">\u00bfY si queremos cubrir toda la demanda con e\u00f3lica o fotovoltaica?<\/h3>\n\n\n\n<p>Quiz\u00e1 la \u00faltima de las comparaciones pueda llamar todav\u00eda m\u00e1s la atenci\u00f3n. Imaginemos que queremos cubrir toda la demanda de energ\u00eda el\u00e9ctrica de Espa\u00f1a con alguna de estas tecnolog\u00edas renovables.\u00a0Para poder generar los 250.000 gw\/h que se consumieron en 2022\u00a0en Espa\u00f1a, har\u00edan falta campos\u00a0e\u00f3licos\u00a0por una\u00a0extensi\u00f3n de 20.000 kil\u00f3metros cuadrados, lo que supondr\u00eda pr\u00e1cticamente la totalidad de la Comunidad Valenciana dedicada a la plantaci\u00f3n de molinos.<\/p>\n\n\n\n<p>Si lo que queremos es hacerlo con fotovoltaica,\u00a0ser\u00edan unos 3.000 kil\u00f3metros cuadrados, equivalente a llenar de paneles solares toda la provincia de \u00c1lava.<\/p>\n\n\n\n<p><\/p>\n\n\n\n<p><\/p>\n","protected":false},"excerpt":{"rendered":"<p>\u00bfQu\u00e9 extensi\u00f3n de terreno hay que usar para generar con aire o sol la electricidad que produce una nuclear? Un dato sorprendente del que nadie habla. Con Espa\u00f1a llen\u00e1ndose de\u00a0parques e\u00f3licos y huertos solares, cada vez surge con m\u00e1s fuerza la pregunta de qu\u00e9 efectos secundarios est\u00e1 teniendo la adopci\u00f3n masiva de estas\u00a0fuentes de energ\u00eda [&hellip;]<\/p>\n","protected":false},"author":1,"featured_media":5756,"comment_status":"closed","ping_status":"closed","sticky":false,"template":"","format":"standard","meta":{"footnotes":""},"categories":[1],"tags":[],"class_list":["post-5755","post","type-post","status-publish","format-standard","has-post-thumbnail","hentry","category-noticias"],"_links":{"self":[{"href":"https:\/\/epre.gov.ar\/web\/wp-json\/wp\/v2\/posts\/5755","targetHints":{"allow":["GET"]}}],"collection":[{"href":"https:\/\/epre.gov.ar\/web\/wp-json\/wp\/v2\/posts"}],"about":[{"href":"https:\/\/epre.gov.ar\/web\/wp-json\/wp\/v2\/types\/post"}],"author":[{"embeddable":true,"href":"https:\/\/epre.gov.ar\/web\/wp-json\/wp\/v2\/users\/1"}],"replies":[{"embeddable":true,"href":"https:\/\/epre.gov.ar\/web\/wp-json\/wp\/v2\/comments?post=5755"}],"version-history":[{"count":1,"href":"https:\/\/epre.gov.ar\/web\/wp-json\/wp\/v2\/posts\/5755\/revisions"}],"predecessor-version":[{"id":5757,"href":"https:\/\/epre.gov.ar\/web\/wp-json\/wp\/v2\/posts\/5755\/revisions\/5757"}],"wp:featuredmedia":[{"embeddable":true,"href":"https:\/\/epre.gov.ar\/web\/wp-json\/wp\/v2\/media\/5756"}],"wp:attachment":[{"href":"https:\/\/epre.gov.ar\/web\/wp-json\/wp\/v2\/media?parent=5755"}],"wp:term":[{"taxonomy":"category","embeddable":true,"href":"https:\/\/epre.gov.ar\/web\/wp-json\/wp\/v2\/categories?post=5755"},{"taxonomy":"post_tag","embeddable":true,"href":"https:\/\/epre.gov.ar\/web\/wp-json\/wp\/v2\/tags?post=5755"}],"curies":[{"name":"wp","href":"https:\/\/api.w.org\/{rel}","templated":true}]}}