{"id":5711,"date":"2023-02-14T18:09:24","date_gmt":"2023-02-14T18:09:24","guid":{"rendered":"https:\/\/epre.gov.ar\/web\/?p=5711"},"modified":"2023-02-14T18:09:27","modified_gmt":"2023-02-14T18:09:27","slug":"se-celebra-hoy-el-dia-mundial-de-la-energia","status":"publish","type":"post","link":"https:\/\/epre.gov.ar\/web\/se-celebra-hoy-el-dia-mundial-de-la-energia\/","title":{"rendered":"Se celebra hoy el D\u00eda Mundial de la Energ\u00eda."},"content":{"rendered":"\n<p>Desde el a\u00f1o 1949, el 14 de febrero es el d\u00eda en que se busca concienciar sobre este bien imprescindible para el desarrollo de la sociedad y la buena calidad de vida.<\/p>\n\n\n\n<p>Cada 14 de febrero, adem\u00e1s del D\u00eda de San Valent\u00edn, se celebra el\u00a0D\u00eda Mundial de la Energ\u00eda\u00a0para favorecer su consumo responsable e impulsar energ\u00edas m\u00e1s limpias y renovables y concienciar a la sociedad.<br>Desde el a\u00f1o 1949, el 14 de febrero es el d\u00eda en que se busca concienciar sobre este bien imprescindible para el desarrollo de la sociedad y la buena calidad de vida.<\/p>\n\n\n\n<p>Las energ\u00edas f\u00f3siles, como el carb\u00f3n o el petr\u00f3leo, son un recurso limitado y altamente contaminante. Desde su descubrimiento, han sido las principales fuentes de energ\u00eda, sin embargo, en los \u00faltimos a\u00f1os nos movemos hacia un gran cambio en el modelo de generaci\u00f3n y consumo de la energ\u00eda.<\/p>\n\n\n\n<p>En la actualidad, han surgido nuevas formas de obtener energ\u00eda renovable y almacenarla como, por ejemplo, la e\u00f3lica off-shore o los nanotubos de carbono. Es en el D\u00eda Mundial de la Energ\u00eda cuando se impulsan estas nuevas tecnolog\u00edas.<\/p>\n","protected":false},"excerpt":{"rendered":"<p>Desde el a\u00f1o 1949, el 14 de febrero es el d\u00eda en que se busca concienciar sobre este bien imprescindible para el desarrollo de la sociedad y la buena calidad de vida. Cada 14 de febrero, adem\u00e1s del D\u00eda de San Valent\u00edn, se celebra el\u00a0D\u00eda Mundial de la Energ\u00eda\u00a0para favorecer su consumo responsable e impulsar [&hellip;]<\/p>\n","protected":false},"author":1,"featured_media":5712,"comment_status":"closed","ping_status":"closed","sticky":false,"template":"","format":"standard","meta":{"footnotes":""},"categories":[1],"tags":[],"class_list":["post-5711","post","type-post","status-publish","format-standard","has-post-thumbnail","hentry","category-noticias"],"_links":{"self":[{"href":"https:\/\/epre.gov.ar\/web\/wp-json\/wp\/v2\/posts\/5711","targetHints":{"allow":["GET"]}}],"collection":[{"href":"https:\/\/epre.gov.ar\/web\/wp-json\/wp\/v2\/posts"}],"about":[{"href":"https:\/\/epre.gov.ar\/web\/wp-json\/wp\/v2\/types\/post"}],"author":[{"embeddable":true,"href":"https:\/\/epre.gov.ar\/web\/wp-json\/wp\/v2\/users\/1"}],"replies":[{"embeddable":true,"href":"https:\/\/epre.gov.ar\/web\/wp-json\/wp\/v2\/comments?post=5711"}],"version-history":[{"count":1,"href":"https:\/\/epre.gov.ar\/web\/wp-json\/wp\/v2\/posts\/5711\/revisions"}],"predecessor-version":[{"id":5713,"href":"https:\/\/epre.gov.ar\/web\/wp-json\/wp\/v2\/posts\/5711\/revisions\/5713"}],"wp:featuredmedia":[{"embeddable":true,"href":"https:\/\/epre.gov.ar\/web\/wp-json\/wp\/v2\/media\/5712"}],"wp:attachment":[{"href":"https:\/\/epre.gov.ar\/web\/wp-json\/wp\/v2\/media?parent=5711"}],"wp:term":[{"taxonomy":"category","embeddable":true,"href":"https:\/\/epre.gov.ar\/web\/wp-json\/wp\/v2\/categories?post=5711"},{"taxonomy":"post_tag","embeddable":true,"href":"https:\/\/epre.gov.ar\/web\/wp-json\/wp\/v2\/tags?post=5711"}],"curies":[{"name":"wp","href":"https:\/\/api.w.org\/{rel}","templated":true}]}}