{"id":5708,"date":"2023-02-13T13:52:39","date_gmt":"2023-02-13T13:52:39","guid":{"rendered":"https:\/\/epre.gov.ar\/web\/?p=5708"},"modified":"2023-02-13T13:52:41","modified_gmt":"2023-02-13T13:52:41","slug":"avanza-la-construccion-del-centro-de-inclusion-digital-que-contara-con-energia-renovable","status":"publish","type":"post","link":"https:\/\/epre.gov.ar\/web\/avanza-la-construccion-del-centro-de-inclusion-digital-que-contara-con-energia-renovable\/","title":{"rendered":"Avanza la construcci\u00f3n del Centro de Inclusi\u00f3n Digital que contar\u00e1 con energ\u00eda renovable."},"content":{"rendered":"\n<p><em>El CID contar\u00e1 energ\u00eda fotovoltaica y tecnolog\u00edas LED realizada por una empresa ubicada en el Polo Cient\u00edfico, Tecnol\u00f3gico y de Innovaci\u00f3n de Formosa que desde el 2011 trabaja y lleva adelante proyectos de innovaci\u00f3n con mano de obra formose\u00f1a.<\/em><\/p>\n\n\n\n<p>En el Centro de Inclusi\u00f3n Digital (CID) ubicado en el Lote 111 se instalaron columnas de alumbrado p\u00fablico sin tendido el\u00e9ctrico fabricados en las instalaciones de la empresa Smart Energy de tecnolog\u00eda e innovaci\u00f3n ubicada en el Polo Cient\u00edfico y Tecnol\u00f3gico.<\/p>\n\n\n\n<p>El sistema lum\u00ednico, que abastece al predio ubicado en este sector de la ciudad, se logr\u00f3 mediante la captaci\u00f3n solar a trav\u00e9s de paneles solares. Cabe recordar que los Centro de Inclusi\u00f3n Digital son espacios pensados para reducir la brecha digital y posibilitar la conectividad de los sectores de la poblaci\u00f3n en situaci\u00f3n de vulnerabilidad social.<\/p>\n\n\n\n<p>Adem\u00e1s, mediante el CID unas 200 familias pertenecientes a esa zona y las del lote 110 contar\u00e1n con acceso a banda ancha. Asimismo, una vez que est\u00e9 terminado, el CID expandir\u00e1 la conectividad hacia otros 13 barrios y permitir\u00e1 que 5.000 familias formose\u00f1as tengan Internet a un precio accesible, dado que se proyecta subsidiar el 50% del plan b\u00e1sico de la tarifa de Internet banda ancha a las familias m\u00e1s vulnerables.<\/p>\n\n\n\n<p>Sobre la iluminaci\u00f3n del centro, ubicado en el barrio Lote 111, el arquitecto Nahuel Brito que trabaja en Smart Energy, explic\u00f3: \u201clas columnas de alumbrado fueron fabricadas en las instalaciones de la empresa, ubicada en el Polo Tecnol\u00f3gico, en el cual desarrollamos productos para ciudades inteligentes aplicando los avances de tecnolog\u00eda e innovaci\u00f3n\u201d.<\/p>\n\n\n\n<p>Seg\u00fan detall\u00f3 se proyectaron 10 columnas realizadas con tubos estructuras de 8 metros que contienen tres artefactos solares tipo led de 60 watts.<\/p>\n\n\n\n<p>El dise\u00f1o realizado tiene la intenci\u00f3n de iluminar en dos direcciones, por un lado, la circulaci\u00f3n vehicular, y en la otra direcci\u00f3n alcanzar la senda peatonal y el exterior del predio. En ese sentido, manifest\u00f3 que es importante tener en cuenta la distribuci\u00f3n y ubicaci\u00f3n de la luminaria a la hora de dise\u00f1ar los espacios p\u00fablicos ya que deben ser seguros para todos, sobre todo para los peatones.<\/p>\n\n\n\n<p><strong>Sus beneficios<\/strong><\/p>\n\n\n\n<p>El especialista calific\u00f3 a este sistema como \u201cinnovador\u201d, en tanto que explic\u00f3 que \u201cutilizando luminarias con paneles solares brindamos una autonom\u00eda a la hora de su instalaci\u00f3n, eliminando grandes distribuciones de tendidos el\u00e9ctricos, brindando menos contaminaci\u00f3n visual, y adem\u00e1s reduciendo las utilizaciones de materiales el\u00e9ctricos\u201d.<\/p>\n\n\n\n<p>A\u00f1adi\u00f3 que este desarrollo es clave a la hora de pensar el espacio p\u00fablico de manera m\u00e1s sustentable aprovechando energ\u00edas renovables y con la menor cantidad de recursos.<\/p>\n\n\n\n<p>La implementaci\u00f3n de energ\u00eda fotovoltaica y las tecnolog\u00edas LED ser\u00e1 el referente en este proyecto que se lleva adelante en Formosa desde el CID para brindar conectividad y accesibilidad para la comunidad, aportar al desarrollo social y tecnol\u00f3gico del pa\u00eds. Asimismo, esta medida pretende reducir el consumo energ\u00e9tico.<\/p>\n\n\n\n<p><strong>\u00bfC\u00f3mo funciona?<\/strong><\/p>\n\n\n\n<p>Son luminarias que dan una autonom\u00eda de 72 horas y tienen una gran vida \u00fatil, se activan cuando el panel detecta que ya no hay presencia de iluminaci\u00f3n solar.<\/p>\n\n\n\n<p>Un dato importante es que actualmente si se reemplaza el alumbrado p\u00fablico por tecnolog\u00edas con iluminaci\u00f3n Led significar\u00eda un 60% de ahorro de energ\u00eda, con respecto a las luminarias convencionales.<\/p>\n\n\n\n<p>El arquitecto Nahuel Brito de Smart Energy, dijo que se est\u00e1 avanzando en el aprovechamiento de la energ\u00eda solar para la alimentaci\u00f3n de luminarias, el ahorro energ\u00e9tico y la eliminaci\u00f3n de huellas de carbono contribuyendo con el cuidado del medio ambiente.<\/p>\n\n\n\n<p>Por otra parte, se\u00f1al\u00f3 que en el edificio del Centro de Inclusi\u00f3n Digital (CID), se est\u00e1 trabajando para que cuente con un sistema de 100 paneles solares que distribuidos en las cubiertas del predio inyectar\u00e1n energ\u00eda el\u00e9ctrica a trav\u00e9s de un sistema h\u00edbrido (red, bater\u00edas, y grupos electr\u00f3genos), adem\u00e1s contar\u00e1 con mobiliarios inteligentes en el interior del predio que tendr\u00e1n artefactos solares, cargadores usb para celulares y termotanques solares para brindar agua caliente de una forma sustentable.<\/p>\n\n\n\n<p><strong>M\u00e1s proyectos del CID<\/strong><\/p>\n\n\n\n<p>Otra finalidad del centro es ampliar la alfabetizaci\u00f3n digital. En el espacio de Aprendizaje se contar\u00e1 con notebooks y\/o computadoras de escritorio para la capacitaci\u00f3n presencial y a trav\u00e9s de la Plataforma de Aprendizaje Virtual (PAV). Adem\u00e1s de formaci\u00f3n en habilidades digitales, las personas que participen de las actividades de este espacio recibir\u00e1n asistencia en tr\u00e1mites, podr\u00e1n terminar la escuela y realizar navegaci\u00f3n libre. Estas actividades se har\u00e1n en conjunto con la Subsecretar\u00eda de Empleo.<\/p>\n\n\n\n<p>La ejecuci\u00f3n del Centro de Inclusi\u00f3n Digital y los N\u00facleos de Acceso al Conocimiento son posible porque se cuenta con la red de fibra \u00f3ptica, que hasta el momento conecta 1.745 puntos en la provincia (730 establecimientos educativos, 120 comisar\u00edas, 159 plazas y 736 organismos p\u00fablicos y servicios).<\/p>\n\n\n\n<p>Fuente: https:\/\/agenfor.com.ar\/avanza-la-construccion-del-centro-de-inclusion-digital-que-contara-con-energia-renovable<\/p>\n","protected":false},"excerpt":{"rendered":"<p>El CID contar\u00e1 energ\u00eda fotovoltaica y tecnolog\u00edas LED realizada por una empresa ubicada en el Polo Cient\u00edfico, Tecnol\u00f3gico y de Innovaci\u00f3n de Formosa que desde el 2011 trabaja y lleva adelante proyectos de innovaci\u00f3n con mano de obra formose\u00f1a. En el Centro de Inclusi\u00f3n Digital (CID) ubicado en el Lote 111 se instalaron columnas de [&hellip;]<\/p>\n","protected":false},"author":1,"featured_media":5709,"comment_status":"closed","ping_status":"closed","sticky":false,"template":"","format":"standard","meta":{"footnotes":""},"categories":[1],"tags":[],"class_list":["post-5708","post","type-post","status-publish","format-standard","has-post-thumbnail","hentry","category-noticias"],"_links":{"self":[{"href":"https:\/\/epre.gov.ar\/web\/wp-json\/wp\/v2\/posts\/5708","targetHints":{"allow":["GET"]}}],"collection":[{"href":"https:\/\/epre.gov.ar\/web\/wp-json\/wp\/v2\/posts"}],"about":[{"href":"https:\/\/epre.gov.ar\/web\/wp-json\/wp\/v2\/types\/post"}],"author":[{"embeddable":true,"href":"https:\/\/epre.gov.ar\/web\/wp-json\/wp\/v2\/users\/1"}],"replies":[{"embeddable":true,"href":"https:\/\/epre.gov.ar\/web\/wp-json\/wp\/v2\/comments?post=5708"}],"version-history":[{"count":1,"href":"https:\/\/epre.gov.ar\/web\/wp-json\/wp\/v2\/posts\/5708\/revisions"}],"predecessor-version":[{"id":5710,"href":"https:\/\/epre.gov.ar\/web\/wp-json\/wp\/v2\/posts\/5708\/revisions\/5710"}],"wp:featuredmedia":[{"embeddable":true,"href":"https:\/\/epre.gov.ar\/web\/wp-json\/wp\/v2\/media\/5709"}],"wp:attachment":[{"href":"https:\/\/epre.gov.ar\/web\/wp-json\/wp\/v2\/media?parent=5708"}],"wp:term":[{"taxonomy":"category","embeddable":true,"href":"https:\/\/epre.gov.ar\/web\/wp-json\/wp\/v2\/categories?post=5708"},{"taxonomy":"post_tag","embeddable":true,"href":"https:\/\/epre.gov.ar\/web\/wp-json\/wp\/v2\/tags?post=5708"}],"curies":[{"name":"wp","href":"https:\/\/api.w.org\/{rel}","templated":true}]}}