{"id":5705,"date":"2023-02-13T12:59:16","date_gmt":"2023-02-13T12:59:16","guid":{"rendered":"https:\/\/epre.gov.ar\/web\/?p=5705"},"modified":"2023-02-13T12:59:18","modified_gmt":"2023-02-13T12:59:18","slug":"pampa-energia-construira-un-nuevo-parque-eolico-de-300-megawatts","status":"publish","type":"post","link":"https:\/\/epre.gov.ar\/web\/pampa-energia-construira-un-nuevo-parque-eolico-de-300-megawatts\/","title":{"rendered":"Pampa Energ\u00eda construir\u00e1 un nuevo parque e\u00f3lico de 300 megawatts."},"content":{"rendered":"\n<p>Ser\u00e1 el quinto de la compa\u00f1\u00eda en el sudeste de la provincia de Buenos Aires. Se estima que para mediados del a\u00f1o que viene se encuentre operativa la primera etapa, que sumar\u00e1 94,5MW.<\/p>\n\n\n\n<p>El nuevo parque e\u00f3lico de Pampa estar\u00e1 ubicado en Bah\u00eda Blanca y tendr\u00e1 una\u00a0potencia instalada de 300 megawatts (MW). El proyecto llev\u00f3 una inversi\u00f3n de m\u00e1s de\u00a0500 millones de d\u00f3lares. Ser\u00e1 el quinto parque de la compa\u00f1\u00eda y se estima que su primera etapa -que\u00a0sumar\u00e1 94,5 MW\u2013 est\u00e9 lista para mediados del 2024. El anuncio fue realizado hoy durante la recorrida del gobernador de la provincia de Buenos Aires,\u00a0Axel Kicillof, por las obras en Coronel Rosales.<\/p>\n\n\n\n<p>La compa\u00f1\u00eda se encuentra instalando 18 aerogeneradores con una inversi\u00f3n de m\u00e1s de 128 millones de d\u00f3lares y una potencia instalada de 81 MW, equivalentes al consumo de 100.000 hogares. El gobernador estuvo acompa\u00f1ado por el presidente de Pampa Energ\u00eda,\u00a0Marcelo Mindlin; los intendentes de Coronel Rosales,\u00a0Mariano Uset\u00a0y de Bah\u00eda Blanca, H\u00e9ctor Gay; funcionarios nacionales, provinciales y municipales.<\/p>\n\n\n\n<h2 class=\"wp-block-heading\">El proyecto<\/h2>\n\n\n\n<p>Sobre el nuevo parque,\u00a0Marcelo Mindlin\u00a0afirm\u00f3 que: \u201cEn 2015, por unanimidad y con el apoyo de todas las fuerzas pol\u00edticas, se sancion\u00f3 la ley 27.191 que establece que para 2025 el 20% de la matriz energ\u00e9tica debe provenir de fuentes renovables\u00bb. A su vez, afirm\u00f3 \u00abdesde Pampa ya invertimos cerca de 600 millones de d\u00f3lares para contribuir al cumplimiento de este objetivo.\u00a0Hoy estamos anunciando nuestro sexto parque, que tendr\u00e1 una potencia de 300 MW, y nos permitir\u00e1 alcanzar una capacidad de generaci\u00f3n de energ\u00eda renovable total de 687 MW\u201d.<\/p>\n\n\n\n<p>Por \u00faltimo, el presidente de Pampa agreg\u00f3: \u201cEste nuevo parque que habilitaremos en unas pocas semanas m\u00e1s, sumado al que anunciamos hoy, nos permitir\u00e1 abastecer con energ\u00eda renovable a m\u00e1s industrias\u00bb. \u00abEstamos orgullosos de la concreci\u00f3n de estas inversiones que le permiten al pa\u00eds diversificar y ampliar su matriz energ\u00e9tica con un horizonte de mayor sostenibilidad\u00bb, concluy\u00f3.<\/p>\n\n\n\n<p><\/p>\n","protected":false},"excerpt":{"rendered":"<p>Ser\u00e1 el quinto de la compa\u00f1\u00eda en el sudeste de la provincia de Buenos Aires. Se estima que para mediados del a\u00f1o que viene se encuentre operativa la primera etapa, que sumar\u00e1 94,5MW. El nuevo parque e\u00f3lico de Pampa estar\u00e1 ubicado en Bah\u00eda Blanca y tendr\u00e1 una\u00a0potencia instalada de 300 megawatts (MW). El proyecto llev\u00f3 [&hellip;]<\/p>\n","protected":false},"author":1,"featured_media":5706,"comment_status":"closed","ping_status":"closed","sticky":false,"template":"","format":"standard","meta":{"footnotes":""},"categories":[1],"tags":[],"class_list":["post-5705","post","type-post","status-publish","format-standard","has-post-thumbnail","hentry","category-noticias"],"_links":{"self":[{"href":"https:\/\/epre.gov.ar\/web\/wp-json\/wp\/v2\/posts\/5705","targetHints":{"allow":["GET"]}}],"collection":[{"href":"https:\/\/epre.gov.ar\/web\/wp-json\/wp\/v2\/posts"}],"about":[{"href":"https:\/\/epre.gov.ar\/web\/wp-json\/wp\/v2\/types\/post"}],"author":[{"embeddable":true,"href":"https:\/\/epre.gov.ar\/web\/wp-json\/wp\/v2\/users\/1"}],"replies":[{"embeddable":true,"href":"https:\/\/epre.gov.ar\/web\/wp-json\/wp\/v2\/comments?post=5705"}],"version-history":[{"count":1,"href":"https:\/\/epre.gov.ar\/web\/wp-json\/wp\/v2\/posts\/5705\/revisions"}],"predecessor-version":[{"id":5707,"href":"https:\/\/epre.gov.ar\/web\/wp-json\/wp\/v2\/posts\/5705\/revisions\/5707"}],"wp:featuredmedia":[{"embeddable":true,"href":"https:\/\/epre.gov.ar\/web\/wp-json\/wp\/v2\/media\/5706"}],"wp:attachment":[{"href":"https:\/\/epre.gov.ar\/web\/wp-json\/wp\/v2\/media?parent=5705"}],"wp:term":[{"taxonomy":"category","embeddable":true,"href":"https:\/\/epre.gov.ar\/web\/wp-json\/wp\/v2\/categories?post=5705"},{"taxonomy":"post_tag","embeddable":true,"href":"https:\/\/epre.gov.ar\/web\/wp-json\/wp\/v2\/tags?post=5705"}],"curies":[{"name":"wp","href":"https:\/\/api.w.org\/{rel}","templated":true}]}}