{"id":5696,"date":"2023-02-08T14:20:38","date_gmt":"2023-02-08T14:20:38","guid":{"rendered":"https:\/\/epre.gov.ar\/web\/?p=5696"},"modified":"2023-02-08T14:20:40","modified_gmt":"2023-02-08T14:20:40","slug":"las-energias-renovables-y-la-nuclear-cubriran-la-demanda-electrica-mundial-hasta-2025","status":"publish","type":"post","link":"https:\/\/epre.gov.ar\/web\/las-energias-renovables-y-la-nuclear-cubriran-la-demanda-electrica-mundial-hasta-2025\/","title":{"rendered":"Las energ\u00edas renovables y la nuclear cubrir\u00e1n la demanda el\u00e9ctrica mundial hasta 2025."},"content":{"rendered":"\n<p>M\u00e1s del 45 % del incremento de la generaci\u00f3n de electricidad renovable se har\u00e1 en China<\/p>\n\n\n\n<p>El aumento de las capacidades de energ\u00edas renovables y de nuclear cubrir\u00e1n m\u00e1s del 90 % del incremento de la demanda mundial de electricidad de aqu\u00ed a 2025, seg\u00fan la Agencia Internacional de la Energ\u00eda (AIE), que al mismo tiempo calcula que\u00a0el consumo de gas y carb\u00f3n se mantendr\u00e1 estancado\u00a0en esos tres a\u00f1os.<\/p>\n\n\n\n<p>En su informe anual sobre el mercado mundial de la electricidad publicado este mi\u00e9rcoles, la AIE destaca que m\u00e1s del 45 % del incremento de la generaci\u00f3n de electricidad renovable\u00a0se har\u00e1 en China\u00a0y un 15 % en la Uni\u00f3n Europea, donde se espera un recorte significativo de las energ\u00edas f\u00f3siles.<\/p>\n\n\n\n<p>En los pr\u00f3ximos tres a\u00f1os, un 70 % de la demanda de electricidad que se genere en el mundo vendr\u00e1 de India, el sudeste asi\u00e1tico y, sobre todo, de China, cuyo peso relativo subir\u00e1 a un tercio del total en 2025, frente a un cuarto que representaba en 2015.<\/p>\n\n\n\n<p>El aumento del consumo global, que estuvo subiendo a un ritmo del 2,4 % durante los a\u00f1os que precedieron la crisis de la pandemia, se qued\u00f3 en un 2 % en 2022 por la crisis generada por la invasi\u00f3n rusa de Ucrania y por las condiciones clim\u00e1ticas excepcionales en algunas partes del mundo.<\/p>\n\n\n\n<p>Las emisiones de di\u00f3xido de carbono (CO2, principal gas de efecto invernadero) generadas por la electricidad aumentaron un 1,3 % en 2022, despu\u00e9s del 6 % en 2021, y alcanzaron un r\u00e9cord hist\u00f3rico.<\/p>\n\n\n\n<p>Para este ejercicio y para los dos siguientes, la agencia cree que esa cadencia se acelerar\u00e1 al 3 %, lo que en todo el periodo supondr\u00e1 unos 2.500 teravatios hora, que equivale a\u00a0m\u00e1s de dos veces la producci\u00f3n anual de Jap\u00f3n.<\/p>\n\n\n\n<p>En conjunto, el peso relativo de las renovables en la producci\u00f3n de electricidad en el mundo pasar\u00e1 del 29 % en 2022 al 35 % en 2025,\u00a0y eso ser\u00e1 en detrimento del carb\u00f3n y el gas.<\/p>\n\n\n\n<p>Eso ser\u00e1 particularmente pronunciado en Europa, donde los autores del informe calculan que las emisiones de di\u00f3xido de carbono (CO2) generadas por la electricidad van a disminuir a un ritmo del 10 % anual hasta 2025.<\/p>\n\n\n\n<p>En total, el recorte deber\u00eda ser del 28 % en 2025 respecto a los niveles de 2022. Eso deber\u00eda convertir en un fen\u00f3meno puntual lo ocurrido en los dos \u00faltimos a\u00f1os. En 2021, como efecto de la recuperaci\u00f3n econ\u00f3mica tras la recesi\u00f3n hist\u00f3rica por la crisis de covid, esas emisiones dieron un salto del 11 % en Europa y en 2022 volvieron a subir, un 4,5 %, sobre todo por un mayor recurso al carb\u00f3n.<\/p>\n\n\n\n<p>La AIE constata que la crisis energ\u00e9tica ha hecho m\u00e1s atractiva la energ\u00eda nuclear en algunos pa\u00edses, porque ofrece\u00a0una mayor seguridad en el aprovisionamiento\u00a0y reduce el impacto en t\u00e9rminos de emisiones de CO2.<\/p>\n\n\n\n<p>A corto plazo, prev\u00e9 que la generaci\u00f3n de electricidad nuclear aumentar\u00e1 casi un 4 % anual entre 2023 y 2025, lo que equivale a unos 100 teravatios hora anuales. De nuevo China ser\u00e1 el \u00abn\u00famero uno\u00bb en ese crecimiento, y junto a India, Jap\u00f3n y Corea del Sur representar\u00e1 la mitad de esa expansi\u00f3n.<\/p>\n\n\n\n<p>Fuente: https:\/\/www.eldebate.com\/economia\/20230208\/energias-renovables-nuclear-cubriran-demanda-electrica-mundial-hasta-2025_92080.html<\/p>\n\n\n\n<p><\/p>\n\n\n\n<p><\/p>\n","protected":false},"excerpt":{"rendered":"<p>M\u00e1s del 45 % del incremento de la generaci\u00f3n de electricidad renovable se har\u00e1 en China El aumento de las capacidades de energ\u00edas renovables y de nuclear cubrir\u00e1n m\u00e1s del 90 % del incremento de la demanda mundial de electricidad de aqu\u00ed a 2025, seg\u00fan la Agencia Internacional de la Energ\u00eda (AIE), que al mismo [&hellip;]<\/p>\n","protected":false},"author":1,"featured_media":5697,"comment_status":"closed","ping_status":"closed","sticky":false,"template":"","format":"standard","meta":{"footnotes":""},"categories":[1],"tags":[],"class_list":["post-5696","post","type-post","status-publish","format-standard","has-post-thumbnail","hentry","category-noticias"],"_links":{"self":[{"href":"https:\/\/epre.gov.ar\/web\/wp-json\/wp\/v2\/posts\/5696","targetHints":{"allow":["GET"]}}],"collection":[{"href":"https:\/\/epre.gov.ar\/web\/wp-json\/wp\/v2\/posts"}],"about":[{"href":"https:\/\/epre.gov.ar\/web\/wp-json\/wp\/v2\/types\/post"}],"author":[{"embeddable":true,"href":"https:\/\/epre.gov.ar\/web\/wp-json\/wp\/v2\/users\/1"}],"replies":[{"embeddable":true,"href":"https:\/\/epre.gov.ar\/web\/wp-json\/wp\/v2\/comments?post=5696"}],"version-history":[{"count":1,"href":"https:\/\/epre.gov.ar\/web\/wp-json\/wp\/v2\/posts\/5696\/revisions"}],"predecessor-version":[{"id":5698,"href":"https:\/\/epre.gov.ar\/web\/wp-json\/wp\/v2\/posts\/5696\/revisions\/5698"}],"wp:featuredmedia":[{"embeddable":true,"href":"https:\/\/epre.gov.ar\/web\/wp-json\/wp\/v2\/media\/5697"}],"wp:attachment":[{"href":"https:\/\/epre.gov.ar\/web\/wp-json\/wp\/v2\/media?parent=5696"}],"wp:term":[{"taxonomy":"category","embeddable":true,"href":"https:\/\/epre.gov.ar\/web\/wp-json\/wp\/v2\/categories?post=5696"},{"taxonomy":"post_tag","embeddable":true,"href":"https:\/\/epre.gov.ar\/web\/wp-json\/wp\/v2\/tags?post=5696"}],"curies":[{"name":"wp","href":"https:\/\/api.w.org\/{rel}","templated":true}]}}