{"id":5674,"date":"2023-02-03T14:58:00","date_gmt":"2023-02-03T14:58:00","guid":{"rendered":"https:\/\/epre.gov.ar\/web\/?p=5674"},"modified":"2023-02-06T15:02:42","modified_gmt":"2023-02-06T15:02:42","slug":"argentina-puede-suministrar-energia-a-europa","status":"publish","type":"post","link":"https:\/\/epre.gov.ar\/web\/argentina-puede-suministrar-energia-a-europa\/","title":{"rendered":"\u00abArgentina puede suministrar energ\u00eda a Europa\u00bb"},"content":{"rendered":"\n<h2 class=\"wp-block-heading\">Mario Mehren, CEO de Wintershall Dea, ponder\u00f3 el potencial gas\u00edfero de Argentina y consider\u00f3 que el pa\u00eds puede convertirse en un proveedor mundial de energ\u00eda.<\/h2>\n\n\n\n<p>El CEO de<strong>\u00a0Wintershall Dea<\/strong>,\u00a0<strong>Mario Mehren<\/strong>, destac\u00f3 que la\u00a0Argentina\u00a0\u00abtiene el potencial para suministrar energ\u00eda a Europa a largo plazo\u00bb, principalmente, \u00abpor los recursos de gas existentes\u00bb.<\/p>\n\n\n\n<p>En contexto de la visita del canciller alem\u00e1n Olaf Scholz al pa\u00eds, el CEO de Wintershall resalt\u00f3 que \u00abArgentina se encuentra en proceso de ejecuci\u00f3n de proyectos de infraestructura a gran escala necesarios, como la ampliaci\u00f3n de la red nacional de gasoductos, para aprovechar as\u00ed todo su potencial\u00bb.<\/p>\n\n\n\n<p>\u00abEl objetivo principal es conseguir la independencia de las importaciones de energ\u00eda como primer paso, y luego establecer a Argentina como proveedor de energ\u00eda en el mercado mundial, m\u00e1s all\u00e1 de las exportaciones regionales existentes\u00bb, a\u00f1adi\u00f3 Mehren en un comunicado de prensa.<\/p>\n\n\n\n<p>El ejecutivo agreg\u00f3 que \u00absi se logra esto,\u00a0Argentina tambi\u00e9n tendr\u00eda potencial para suministrar energ\u00eda a Europa a largo plazo\u00bb.<\/p>\n\n\n\n<p>En ese sentido, el empresario ratific\u00f3 la importancia del pa\u00eds en las inversiones de Wintershall Dea al afirmar que \u00abArgentina es uno de los pa\u00edses m\u00e1s importantes de nuestra cartera global\u00bb, entre otras cosas \u00abpor los recursos de gas existentes\u00bb<\/p>\n\n\n\n<p>La atenci\u00f3n de la firma se centra en la producci\u00f3n responsable de gas natural en las regiones de Tierra del Fuego y Neuqu\u00e9n, se precis\u00f3.<\/p>\n\n\n\n<p>Adem\u00e1s, Wintershall tiene una participaci\u00f3n del 37,5% en la concesi\u00f3n de producci\u00f3n de gas de la Cuenca Marina Austral 1 (CMA 1), que cubre actualmente alrededor del 15% de la demanda de gas natural del pa\u00eds.<\/p>\n\n\n\n<p>En el marco de CMA-1, la empresa desarrolla junto a Total Energies y Pan American Energy el proyecto F\u00e9nix, que con una inversi\u00f3n de m\u00e1s de US$ 700 millones prev\u00e9 suministrar importantes vol\u00famenes de gas natural durante m\u00e1s de 15 a\u00f1os a partir de inicios de 2025.<\/p>\n\n\n\n<p>En paralelo, en 2022 la empresa pas\u00f3 a formar parte del consorcio nacional del hidr\u00f3geno \u201cH2ar\u201d, una iniciativa intersectorial de la industria para promover la econom\u00eda del hidr\u00f3geno en Argentina.<\/p>\n\n\n\n<p>Mehren acompa\u00f1\u00f3 al Canciller alem\u00e1n, Olaf Scholz, en su visita al pa\u00eds, que incluy\u00f3 una reuni\u00f3n con el presidente Alberto Fern\u00e1ndez y la firma de distintos convenios.<\/p>\n","protected":false},"excerpt":{"rendered":"<p>Mario Mehren, CEO de Wintershall Dea, ponder\u00f3 el potencial gas\u00edfero de Argentina y consider\u00f3 que el pa\u00eds puede convertirse en un proveedor mundial de energ\u00eda. El CEO de\u00a0Wintershall Dea,\u00a0Mario Mehren, destac\u00f3 que la\u00a0Argentina\u00a0\u00abtiene el potencial para suministrar energ\u00eda a Europa a largo plazo\u00bb, principalmente, \u00abpor los recursos de gas existentes\u00bb. En contexto de la visita [&hellip;]<\/p>\n","protected":false},"author":1,"featured_media":5675,"comment_status":"closed","ping_status":"closed","sticky":false,"template":"","format":"standard","meta":{"footnotes":""},"categories":[1],"tags":[],"class_list":["post-5674","post","type-post","status-publish","format-standard","has-post-thumbnail","hentry","category-noticias"],"_links":{"self":[{"href":"https:\/\/epre.gov.ar\/web\/wp-json\/wp\/v2\/posts\/5674","targetHints":{"allow":["GET"]}}],"collection":[{"href":"https:\/\/epre.gov.ar\/web\/wp-json\/wp\/v2\/posts"}],"about":[{"href":"https:\/\/epre.gov.ar\/web\/wp-json\/wp\/v2\/types\/post"}],"author":[{"embeddable":true,"href":"https:\/\/epre.gov.ar\/web\/wp-json\/wp\/v2\/users\/1"}],"replies":[{"embeddable":true,"href":"https:\/\/epre.gov.ar\/web\/wp-json\/wp\/v2\/comments?post=5674"}],"version-history":[{"count":1,"href":"https:\/\/epre.gov.ar\/web\/wp-json\/wp\/v2\/posts\/5674\/revisions"}],"predecessor-version":[{"id":5676,"href":"https:\/\/epre.gov.ar\/web\/wp-json\/wp\/v2\/posts\/5674\/revisions\/5676"}],"wp:featuredmedia":[{"embeddable":true,"href":"https:\/\/epre.gov.ar\/web\/wp-json\/wp\/v2\/media\/5675"}],"wp:attachment":[{"href":"https:\/\/epre.gov.ar\/web\/wp-json\/wp\/v2\/media?parent=5674"}],"wp:term":[{"taxonomy":"category","embeddable":true,"href":"https:\/\/epre.gov.ar\/web\/wp-json\/wp\/v2\/categories?post=5674"},{"taxonomy":"post_tag","embeddable":true,"href":"https:\/\/epre.gov.ar\/web\/wp-json\/wp\/v2\/tags?post=5674"}],"curies":[{"name":"wp","href":"https:\/\/api.w.org\/{rel}","templated":true}]}}