{"id":5618,"date":"2023-01-18T12:48:01","date_gmt":"2023-01-18T12:48:01","guid":{"rendered":"https:\/\/epre.gov.ar\/web\/?p=5618"},"modified":"2023-01-18T12:48:03","modified_gmt":"2023-01-18T12:48:03","slug":"ford-presenta-una-nueva-planta-de-energia-solar-en-valencia-que-le-permite-seguir-avanzando-hacia-sus-ambiciosos-objetivos-de-sostenibilidad","status":"publish","type":"post","link":"https:\/\/epre.gov.ar\/web\/ford-presenta-una-nueva-planta-de-energia-solar-en-valencia-que-le-permite-seguir-avanzando-hacia-sus-ambiciosos-objetivos-de-sostenibilidad\/","title":{"rendered":"FORD PRESENTA UNA NUEVA PLANTA DE ENERG\u00cdA SOLAR EN VALENCIA QUE LE PERMITE SEGUIR AVANZANDO HACIA SUS AMBICIOSOS OBJETIVOS DE SOSTENIBILIDAD."},"content":{"rendered":"\n<ul class=\"wp-block-list\">\n<li>La nueva planta solar de Valencia supone un paso m\u00e1s hacia el objetivo de Ford de lograr la neutralidad en toda su huella de carbono europea en instalaciones, log\u00edstica y proveedores para 2035<\/li>\n\n\n\n<li>La planta de veh\u00edculos Ford de Almussafes ha instalado 2,8 megavatios de electricidad fotovoltaica, que aumentar\u00e1n en 2,2 megavatios en los pr\u00f3ximos meses<\/li>\n\n\n\n<li>La ampliaci\u00f3n de la actual planta fotovoltaica tiene como objetivo alcanzar los 10 megavatios para 2024<\/li>\n\n\n\n<li>Toda la energ\u00eda el\u00e9ctrica empleada por las plantas de fabricaci\u00f3n de Ford procede ya de fuentes renovables; la planta de Almussafes alcanz\u00f3 este hito el 1 de enero de 2022\u00a0 \u00a0<\/li>\n<\/ul>\n\n\n\n<p><strong>COLONIA, Alemania, 17 de enero, 2023&nbsp;<\/strong>\u2013 Ford sigue avanzando hacia un futuro m\u00e1s sostenible con la creaci\u00f3n de una nueva planta de energ\u00eda solar en sus instalaciones de Almussafes, en Valencia (Espa\u00f1a). Para 2035, Ford se ha comprometido a que todos los veh\u00edculos que venda en Europa sean el\u00e9ctricos cero emisiones, y tiene como objetivo la neutralidad en toda su huella de carbono europea tanto en instalaciones como en log\u00edstica y proveedores. Esta \u00faltima iniciativa localizada en Valencia, que arranc\u00f3 a finales de 2022, pone de manifiesto la firme apuesta de la compa\u00f1\u00eda para cumplir ese compromiso.&nbsp;&nbsp; &nbsp;<\/p>\n\n\n\n<p>El \u00e1rea fotovoltaica, que convierte la energ\u00eda solar en electricidad, se encuentra en una zona no productiva de la planta valenciana que abarca dos zonas de paneles solares capaces de producir cada a\u00f1o la energ\u00eda equivalente al funcionamiento de 1.400 hogares medios<sup>1<\/sup>. La producci\u00f3n actual de cerca de 4.641 megavatios hora anuales aumentar\u00e1 este verano en 3.762 megavatios hora anuales; el equivalente a 1.100 hogares medios m\u00e1s. En la pr\u00e1ctica, esto significa que este a\u00f1o, la f\u00e1brica de Ford en Valencia reducir\u00e1 significativamente su actual demanda de electricidad a la red nacional.&nbsp; &nbsp;<\/p>\n\n\n\n<p>Con el objetivo de alcanzar los 10 megavatios de potencia m\u00e1xima para 2024, Ford quiere ampliar las zonas de paneles solares a otros terrenos no productivos. Tambi\u00e9n se est\u00e1 estudiando la viabilidad de instalar en un futuro paneles solares en los tejados de los edificios de las instalaciones. &nbsp;<\/p>\n\n\n\n<p>\u00abAhora m\u00e1s que nunca, todos somos conscientes de la necesidad de utilizar fuentes de energ\u00eda renovables. A medida que en Ford avanzamos hacia un futuro totalmente el\u00e9ctrico y hacia la neutralidad de la huella de carbono en todo nuestro proceso de producci\u00f3n, invertir en innovaciones como esta nueva planta de energ\u00eda solar en Valencia supone la creaci\u00f3n de energ\u00eda renovable autoabastecida, lo que contribuye de una manera importante en nuestro objetivo de ayudar a construir un mundo mejor\u00bb, ha dicho Stuart Southgate, director de Ingenier\u00eda Sostenible, Medioambiental y de Seguridad, Ford Europa.<\/p>\n\n\n\n<p>Desde el 1 de enero de 2022, toda la energ\u00eda el\u00e9ctrica utilizada en la planta de Ford en Almussafes procede de fuentes renovables, al igual que toda la energ\u00eda el\u00e9ctrica adquirida para alimentar las instalaciones de fabricaci\u00f3n de Ford en toda Europa. La empresa busca continuamente formas de aumentar el uso de energ\u00eda limpia, y tiene por meta utilizar el 100% de electricidad libre de carbono en toda su fabricaci\u00f3n mundial para 2035.<\/p>\n\n\n\n<h3 class=\"wp-block-heading\">Acerca de Ford Motor Company<\/h3>\n\n\n\n<p><em><strong>Ford Motor Company\u00a0<\/strong>(NYSE: F) es una compa\u00f1\u00eda global con sede en Dearborn, Michigan, que se compromete a ayudar a construir un mundo mejor, donde cada persona sea libre de moverse y perseguir sus sue\u00f1os.\u00a0 El plan Ford+ de la compa\u00f1\u00eda para el crecimiento y la creaci\u00f3n de valor combina los puntos fuertes existentes, las nuevas capacidades y las relaciones permanentes con los clientes para enriquecer las experiencias y profundizar en la fidelidad de esos clientes.\u00a0 Ford desarrolla y ofrece innovadores e imprescindibles camiones, furgonetas comerciales y coches deportivos y veh\u00edculos de lujo Lincoln, as\u00ed como servicios conectados.\u00a0 Adem\u00e1s, Ford est\u00e1 estableciendo posiciones de liderazgo en soluciones de movilidad, incluyendo la tecnolog\u00eda aut\u00f3noma, y proporciona servicios financieros a trav\u00e9s de Ford Motor Credit Company.\u00a0 Ford emplea a unas 176.000 personas en todo el mundo.\u00a0 M\u00e1s informaci\u00f3n sobre la compa\u00f1\u00eda, sus productos y Ford Credit est\u00e1 disponible en\u00a0corporate.ford.com.<\/em><\/p>\n\n\n\n<p><em><strong>Ford Europa<\/strong>\u00a0es responsable de la producci\u00f3n, venta y mantenimiento de los veh\u00edculos de la marca Ford en 50 mercados individuales y emplea a aproximadamente 34.000 empleados en sus instalaciones propias y en las empresas conjuntas consolidadas y a aproximadamente 55.000 personas si se incluyen los negocios no consolidados. Adem\u00e1s de Ford Motor Credit Company, las operaciones de Ford Europa incluyen la Divisi\u00f3n de Servicio al Cliente de Ford y 14 instalaciones de fabricaci\u00f3n (ocho instalaciones propias y seis instalaciones de empresas conjuntas no consolidadas). Los primeros coches Ford se enviaron a Europa en 1903, el mismo a\u00f1o en que se fund\u00f3 Ford Motor Company. La producci\u00f3n europea comenz\u00f3 en 1911.<\/em><\/p>\n\n\n\n<p>Fuente: https:\/\/media.ford.com\/content\/fordmedia\/feu\/es\/es\/news\/2023\/01\/17\/ford-presenta-una-nueva-planta-de-energia-solar-en-valencia.html<\/p>\n","protected":false},"excerpt":{"rendered":"<p>COLONIA, Alemania, 17 de enero, 2023&nbsp;\u2013 Ford sigue avanzando hacia un futuro m\u00e1s sostenible con la creaci\u00f3n de una nueva planta de energ\u00eda solar en sus instalaciones de Almussafes, en Valencia (Espa\u00f1a). Para 2035, Ford se ha comprometido a que todos los veh\u00edculos que venda en Europa sean el\u00e9ctricos cero emisiones, y tiene como objetivo [&hellip;]<\/p>\n","protected":false},"author":1,"featured_media":5619,"comment_status":"closed","ping_status":"closed","sticky":false,"template":"","format":"standard","meta":{"footnotes":""},"categories":[1,12],"tags":[],"class_list":["post-5618","post","type-post","status-publish","format-standard","has-post-thumbnail","hentry","category-noticias","category-solar"],"_links":{"self":[{"href":"https:\/\/epre.gov.ar\/web\/wp-json\/wp\/v2\/posts\/5618","targetHints":{"allow":["GET"]}}],"collection":[{"href":"https:\/\/epre.gov.ar\/web\/wp-json\/wp\/v2\/posts"}],"about":[{"href":"https:\/\/epre.gov.ar\/web\/wp-json\/wp\/v2\/types\/post"}],"author":[{"embeddable":true,"href":"https:\/\/epre.gov.ar\/web\/wp-json\/wp\/v2\/users\/1"}],"replies":[{"embeddable":true,"href":"https:\/\/epre.gov.ar\/web\/wp-json\/wp\/v2\/comments?post=5618"}],"version-history":[{"count":1,"href":"https:\/\/epre.gov.ar\/web\/wp-json\/wp\/v2\/posts\/5618\/revisions"}],"predecessor-version":[{"id":5620,"href":"https:\/\/epre.gov.ar\/web\/wp-json\/wp\/v2\/posts\/5618\/revisions\/5620"}],"wp:featuredmedia":[{"embeddable":true,"href":"https:\/\/epre.gov.ar\/web\/wp-json\/wp\/v2\/media\/5619"}],"wp:attachment":[{"href":"https:\/\/epre.gov.ar\/web\/wp-json\/wp\/v2\/media?parent=5618"}],"wp:term":[{"taxonomy":"category","embeddable":true,"href":"https:\/\/epre.gov.ar\/web\/wp-json\/wp\/v2\/categories?post=5618"},{"taxonomy":"post_tag","embeddable":true,"href":"https:\/\/epre.gov.ar\/web\/wp-json\/wp\/v2\/tags?post=5618"}],"curies":[{"name":"wp","href":"https:\/\/api.w.org\/{rel}","templated":true}]}}