{"id":5595,"date":"2023-01-11T13:51:21","date_gmt":"2023-01-11T13:51:21","guid":{"rendered":"https:\/\/epre.gov.ar\/web\/?p=5595"},"modified":"2023-01-13T13:58:01","modified_gmt":"2023-01-13T13:58:01","slug":"un-parque-eolico-argentino-se-posiciono-como-uno-de-los-mas-productivos-del-mundo","status":"publish","type":"post","link":"https:\/\/epre.gov.ar\/web\/un-parque-eolico-argentino-se-posiciono-como-uno-de-los-mas-productivos-del-mundo\/","title":{"rendered":"Un parque e\u00f3lico argentino se posicion\u00f3 como uno de los m\u00e1s productivos del mundo."},"content":{"rendered":"\n<p>Se trata del parque Manantiales Behr de YPF Luz en Chubut.\u00a0Durante un mes super\u00f3 el 70% de factor de carga, un porcentaje destacado a nivel mundial.<\/p>\n\n\n\n<p>Argentina se posiciona como\u00a0uno de los pa\u00edses con mejores recursos e\u00f3licos del mundo\u00a0seg\u00fan muestra el Global Wind Atlas. El parque e\u00f3lico Manantiales Behr hizo eco de esta capacidad y en septiembre de 2022\u00a0su factor de carga lleg\u00f3 a 70,48%, muy por encima del promedio mundial, que\u00a0ronda el 30%\u00a0seg\u00fan el Programa de colaboraci\u00f3n de tecnolog\u00eda e\u00f3lica de la Agencia Internacional de Energ\u00eda (IEA Wind TCP).<\/p>\n\n\n\n<p>El parque Manantiales Behr se ubica en Chubut,\u00a0una de las regiones con mayor densidad media de potencia e\u00f3lica y velocidad media de viento en el pa\u00eds.\u00a0Al resultar altos ambos indicadores, sugieren que\u00a0el recurso e\u00f3lico es de mayor calidad.<\/p>\n\n\n\n<p>En particular, el parque de YPF Luz est\u00e1 ubicado en una zona que cuenta con una\u00a0potencia de 5.505 Vatios por metro cuadrado\u00a0(W\/m2) seg\u00fan Global Wind Atlas.<\/p>\n\n\n\n<p>Manantiales Behr\u00a0cuenta con 30 aerogeneradores\u00a0con una capacidad de generaci\u00f3n de 3,3 MW cada uno. La potencia del parque es de 99 MW. Est\u00e1 ubicado a 40 kil\u00f3metros de Comodoro Rivadavia.<\/p>\n\n\n\n<p>Es el primer proyecto de YPF Luz y se instal\u00f3 sobre\u00a0uno de los yacimientos m\u00e1s antiguos de gas y petr\u00f3leo de YPF, lo que caracteriza su paisaje.<\/p>\n\n\n\n<p>Seg\u00fan la edici\u00f3n 2022 del Informe del mercado e\u00f3lico terrestre del Departamento de Energ\u00eda de Estados Unidos,\u00a0el factor de capacidad promedio de 2021 entre los proyectos construidos entre 2014 y 2020 fue del 39%.<\/p>\n\n\n\n<p>Por su parte, la IEA Wind TCP midi\u00f3 el factor de capacidad en 2020 de los pa\u00edses miembros ubicados en Asia, Europa y Am\u00e9rica del Norte, promediando el 30,3% en conjunto.<\/p>\n\n\n\n<p>Con datos de Jap\u00f3n (20,8%) y China (39%), el factor de carga de\u00a0Asia estuvo en 29,9%. En cuanto a Europa, con datos de Francia (26,5%), Alemania (22%), Irlanda (30%), Italia (19,9%), Noruega (37,4%), Portugal (26%), Suiza (15-20%) y Reino Unido (28%),\u00a0el promedio del factor de carga fue de 26,22%. Mientras que en Am\u00e9rica del Norte, con datos de Estados Unidos (39%) y Canad\u00e1 (30,6%),\u00a0el promedio pis\u00f3 el 34,8%.<\/p>\n\n\n\n<p>El factor de carga mide la\u00a0productividad de los parques e\u00f3licos. Este porcentaje se define a partir de la potencia instalada, que representa la producci\u00f3n m\u00e1xima a la que podr\u00edan llegar los complejos en condiciones \u00f3ptimas. Sobre el total de capacidad del parque,\u00a0se calcula\u00a0qu\u00e9 porcentaje pudo finalmente ser utilizado en un per\u00edodo de tiempo.<\/p>\n\n\n\n<p>Con los datos de septiembre, mes del mayor factor en Manantiales Behr,\u00a0Argentina tuvo un factor de carga de 52,9% con 56 parques e\u00f3licos en funcionamiento\u00a0seg\u00fan inform\u00f3 la compa\u00f1\u00eda mayorista del mercado el\u00e9ctrico argentino, Cammesa, incluyendo en el total las fases de los distintos parques.<\/p>\n\n\n\n<p>Se trata de\u00a0uno de los meses m\u00e1s ventosos del a\u00f1o\u00a0en el pa\u00eds seg\u00fan un reporte del analista de clima Weather Spark, por esta raz\u00f3n el promedio anual es menor.<\/p>\n\n\n\n<p>El factor de carga en Argentina para los primeros 11 meses de 2022 es casi del 49%. A simple vista, supera los porcentajes del resto de los pa\u00edses. Sin embargo, es necesario hacer la salvedad de que esta nota tom\u00f3 todos los parques en operaci\u00f3n en el pa\u00eds, incluso los de menos de 10 MW de potencia. En general,\u00a0los reportes internacionales no toman estos datos\u00a0que podr\u00edan modificar los valores<strong>.<\/strong><\/p>\n\n\n\n<p><\/p>\n\n\n\n<p><\/p>\n","protected":false},"excerpt":{"rendered":"<p>Se trata del parque Manantiales Behr de YPF Luz en Chubut.\u00a0Durante un mes super\u00f3 el 70% de factor de carga, un porcentaje destacado a nivel mundial. Argentina se posiciona como\u00a0uno de los pa\u00edses con mejores recursos e\u00f3licos del mundo\u00a0seg\u00fan muestra el Global Wind Atlas. El parque e\u00f3lico Manantiales Behr hizo eco de esta capacidad y [&hellip;]<\/p>\n","protected":false},"author":1,"featured_media":5596,"comment_status":"closed","ping_status":"closed","sticky":false,"template":"","format":"standard","meta":{"footnotes":""},"categories":[17],"tags":[],"class_list":["post-5595","post","type-post","status-publish","format-standard","has-post-thumbnail","hentry","category-eolica-energias"],"_links":{"self":[{"href":"https:\/\/epre.gov.ar\/web\/wp-json\/wp\/v2\/posts\/5595","targetHints":{"allow":["GET"]}}],"collection":[{"href":"https:\/\/epre.gov.ar\/web\/wp-json\/wp\/v2\/posts"}],"about":[{"href":"https:\/\/epre.gov.ar\/web\/wp-json\/wp\/v2\/types\/post"}],"author":[{"embeddable":true,"href":"https:\/\/epre.gov.ar\/web\/wp-json\/wp\/v2\/users\/1"}],"replies":[{"embeddable":true,"href":"https:\/\/epre.gov.ar\/web\/wp-json\/wp\/v2\/comments?post=5595"}],"version-history":[{"count":1,"href":"https:\/\/epre.gov.ar\/web\/wp-json\/wp\/v2\/posts\/5595\/revisions"}],"predecessor-version":[{"id":5597,"href":"https:\/\/epre.gov.ar\/web\/wp-json\/wp\/v2\/posts\/5595\/revisions\/5597"}],"wp:featuredmedia":[{"embeddable":true,"href":"https:\/\/epre.gov.ar\/web\/wp-json\/wp\/v2\/media\/5596"}],"wp:attachment":[{"href":"https:\/\/epre.gov.ar\/web\/wp-json\/wp\/v2\/media?parent=5595"}],"wp:term":[{"taxonomy":"category","embeddable":true,"href":"https:\/\/epre.gov.ar\/web\/wp-json\/wp\/v2\/categories?post=5595"},{"taxonomy":"post_tag","embeddable":true,"href":"https:\/\/epre.gov.ar\/web\/wp-json\/wp\/v2\/tags?post=5595"}],"curies":[{"name":"wp","href":"https:\/\/api.w.org\/{rel}","templated":true}]}}