{"id":5403,"date":"2022-11-14T11:30:14","date_gmt":"2022-11-14T11:30:14","guid":{"rendered":"https:\/\/epre.gov.ar\/web\/?p=5403"},"modified":"2022-11-14T11:30:16","modified_gmt":"2022-11-14T11:30:16","slug":"la-argentina-volvera-a-exportar-energia-electrica-a-chile-desde-salta","status":"publish","type":"post","link":"https:\/\/epre.gov.ar\/web\/la-argentina-volvera-a-exportar-energia-electrica-a-chile-desde-salta\/","title":{"rendered":"La Argentina volver\u00e1 a exportar energ\u00eda el\u00e9ctrica a Chile desde Salta."},"content":{"rendered":"\n<p>Se conect\u00f3 una l\u00ednea de transmisi\u00f3n de 345 kV que se extiende 409 kil\u00f3metros entre la subestaci\u00f3n Andes, en Chile, y la subestaci\u00f3n Cobos, en Salta, que estaba fuera de servicio desde 2011.<\/p>\n\n\n\n<p>La Argentina y Chile volvieron a conectar\u00a0la l\u00ednea de interconexi\u00f3n el\u00e9ctrica bidireccional, InterAndes, entre ambos pa\u00edses. El anuncio se realiz\u00f3 en una ceremonia en el Ministerio de Energ\u00eda en Santiago de Chile.\u00a0Se trata de una l\u00ednea de transmisi\u00f3n de 345 kV que se extiende 409 kil\u00f3metros\u00a0entre la subestaci\u00f3n Andes, en Chile, y la subestaci\u00f3n Cobos, en Salta, que estaba\u00a0desconectada desde 2011.<\/p>\n\n\n\n<p>Con este acuerdo,\u00a0durante el d\u00eda se podr\u00e1n importar hasta 80 MW desde Chile y, durante la noche, la Argentina podr\u00e1 exportar a Chile hasta 200 MW.\u00a0De esta manera, se podr\u00e1n desplazar generaci\u00f3n a di\u00e9sel en Chile durante la noche, abaratando costos sist\u00e9micos y reduciendo emisiones. Tambi\u00e9n permitir\u00e1 disminuir los vertimientos de energ\u00eda renovable en el sistema el\u00e9ctrico chileno.<\/p>\n\n\n\n<p>La modalidad aprobada consiste en intercambios de oportunidad econ\u00f3mica,\u00a0los que ser\u00e1n interrumpibles en caso de que los operadores de red de los respectivos pa\u00edses lo consideren necesario.<\/p>\n\n\n\n<p>El acuerdo establece que los sistemas no operar\u00e1n sincronizados, sino que se destinar\u00e1n componentes de generaci\u00f3n en forma aislada el\u00e9ctricamente, desde Chile durante el d\u00eda, y desde la Argentina en el transcurso de la noche. Adem\u00e1s, este enlace\u00a0servir\u00e1 tambi\u00e9n de respaldo en caso de presentarse contingencias el\u00e9ctricas, mejorando la resiliencia en ambos sistemas.<\/p>\n\n\n\n<p>Por lo tanto, \u201cel proyecto que comienza nuevamente a operar entre ambos pa\u00edses representa un paso m\u00e1s en la cooperaci\u00f3n energ\u00e9tica y un avance concreto en la integraci\u00f3n energ\u00e9tica regional que anhelamos\u201d, explicaron.<\/p>\n\n\n\n<p>La secretaria de Energ\u00eda, Flavia Roy\u00f3n, asegur\u00f3: \u201cCuando pensamos en la energ\u00eda estamos pensando en el crecimiento de nuestro sector industrial, en que acceda a un insumo a precios competitivos, y en la posibilidad de que las peque\u00f1as y medianas empresas se incorporen con una participaci\u00f3n cada vez mayor en las oportunidades que la diversificaci\u00f3n energ\u00e9tica brinda en el marco de la transici\u00f3n\u201d.<\/p>\n\n\n\n<p>Adem\u00e1s de agradecer los esfuerzos de las autoridades de ambos pa\u00edses, Bernerd Da Santos, vicepresidente ejecutivo y COO de AES, la empresa a cargo de la transmisi\u00f3n el\u00e9ctrica, dijo: \u201cEste acuerdo que celebramos hoy es un vivo ejemplo de c\u00f3mo trabajando juntos podemos impulsar transiciones energ\u00e9ticas justas y responsables en Chile y la Argentina. Prueba de ello es que la cooperaci\u00f3n entre pa\u00edses vecinos y el sector privado puede contribuir a la integraci\u00f3n energ\u00e9tica de la regi\u00f3n, en busca de alcanzar sus metas de reducci\u00f3n de emisiones y dinamizar sus econom\u00edas. Agradecemos a ambos gobiernos por permitirnos ser parte activa de su desarrollo y seguiremos trabajando juntos por un futuro energ\u00e9tico m\u00e1s sostenible, confiable y asequible\u201d.<\/p>\n\n\n\n<p>El CEO de AES Argentina, Mart\u00edn Genesio, por su parte, coment\u00f3: \u201cLa\u00a0transici\u00f3n energ\u00e9tica\u00a0no solo abarca la irrupci\u00f3n de fuentes de energ\u00edas renovables, sino tambi\u00e9n la interconexi\u00f3n regional y el aprovechar las oportunidades de intercambio de energ\u00eda para lograr un abastecimiento con mayor sustentabilidad. Hoy dimos un gran paso en ese sentido. Quiero agradecer y felicitar a ambos gobiernos que han demostrado saber trabajar mancomunadamente por un gran objetivo en com\u00fan\u201d.<\/p>\n\n\n\n<p>El ministro de Energ\u00eda de Chile, Diego Pardow, indic\u00f3: \u201cEl proyecto de interconexi\u00f3n el\u00e9ctrica Andes \u2013 Salta, que vuelve a operar entre ambos pa\u00edses, representa un paso m\u00e1s de cooperaci\u00f3n entre Chile y la Argentina. Representa un aporte al desarrollo de la generaci\u00f3n renovable, debido a que permite exportar energ\u00eda de vertimiento. Por otro lado, constituye un incremento en la seguridad del abastecimiento energ\u00e9tico, dado el aporte que har\u00eda hacia nuestro pa\u00eds en las horas de menor generaci\u00f3n renovable.<\/p>\n\n\n\n<p>Fuente: https:\/\/www.lanacion.com.ar\/economia\/la-argentina-volvera-a-exportar-energia-electrica-a-chile-desde-salta-nid11112022<\/p>\n\n\n\n<p><\/p>\n\n\n\n<p><\/p>\n\n\n\n<p><\/p>\n","protected":false},"excerpt":{"rendered":"<p>Se conect\u00f3 una l\u00ednea de transmisi\u00f3n de 345 kV que se extiende 409 kil\u00f3metros entre la subestaci\u00f3n Andes, en Chile, y la subestaci\u00f3n Cobos, en Salta, que estaba fuera de servicio desde 2011. La Argentina y Chile volvieron a conectar\u00a0la l\u00ednea de interconexi\u00f3n el\u00e9ctrica bidireccional, InterAndes, entre ambos pa\u00edses. El anuncio se realiz\u00f3 en una [&hellip;]<\/p>\n","protected":false},"author":1,"featured_media":5404,"comment_status":"closed","ping_status":"closed","sticky":false,"template":"","format":"standard","meta":{"footnotes":""},"categories":[1],"tags":[],"class_list":["post-5403","post","type-post","status-publish","format-standard","has-post-thumbnail","hentry","category-noticias"],"_links":{"self":[{"href":"https:\/\/epre.gov.ar\/web\/wp-json\/wp\/v2\/posts\/5403","targetHints":{"allow":["GET"]}}],"collection":[{"href":"https:\/\/epre.gov.ar\/web\/wp-json\/wp\/v2\/posts"}],"about":[{"href":"https:\/\/epre.gov.ar\/web\/wp-json\/wp\/v2\/types\/post"}],"author":[{"embeddable":true,"href":"https:\/\/epre.gov.ar\/web\/wp-json\/wp\/v2\/users\/1"}],"replies":[{"embeddable":true,"href":"https:\/\/epre.gov.ar\/web\/wp-json\/wp\/v2\/comments?post=5403"}],"version-history":[{"count":1,"href":"https:\/\/epre.gov.ar\/web\/wp-json\/wp\/v2\/posts\/5403\/revisions"}],"predecessor-version":[{"id":5405,"href":"https:\/\/epre.gov.ar\/web\/wp-json\/wp\/v2\/posts\/5403\/revisions\/5405"}],"wp:featuredmedia":[{"embeddable":true,"href":"https:\/\/epre.gov.ar\/web\/wp-json\/wp\/v2\/media\/5404"}],"wp:attachment":[{"href":"https:\/\/epre.gov.ar\/web\/wp-json\/wp\/v2\/media?parent=5403"}],"wp:term":[{"taxonomy":"category","embeddable":true,"href":"https:\/\/epre.gov.ar\/web\/wp-json\/wp\/v2\/categories?post=5403"},{"taxonomy":"post_tag","embeddable":true,"href":"https:\/\/epre.gov.ar\/web\/wp-json\/wp\/v2\/tags?post=5403"}],"curies":[{"name":"wp","href":"https:\/\/api.w.org\/{rel}","templated":true}]}}