{"id":5391,"date":"2022-11-09T11:51:45","date_gmt":"2022-11-09T11:51:45","guid":{"rendered":"https:\/\/epre.gov.ar\/web\/?p=5391"},"modified":"2022-11-09T11:51:46","modified_gmt":"2022-11-09T11:51:46","slug":"instalaron-una-estacion-ambiental-de-monitoreo-internacional-en-el-complejo-nuclear-atucha","status":"publish","type":"post","link":"https:\/\/epre.gov.ar\/web\/instalaron-una-estacion-ambiental-de-monitoreo-internacional-en-el-complejo-nuclear-atucha\/","title":{"rendered":"Instalaron una estaci\u00f3n ambiental de monitoreo internacional en el Complejo Nuclear Atucha."},"content":{"rendered":"\n<p>Nucleoel\u00e9ctrica Argentina, la operadora de las centrales del pa\u00eds, anunci\u00f3 la puesta en marcha de un equipo de \u00faltima generaci\u00f3n. Buscan desarrollar una red de medici\u00f3n ambiental y radiol\u00f3gico en tiempo real.<\/p>\n\n\n\n<p>La compa\u00f1\u00eda administradora de las centrales nucleares del pa\u00eds, Nucleoel\u00e9ctrica Argentina (Nasa),\u00a0anunci\u00f3 la puesta en marcha de una nueva instalaci\u00f3n ambiental\u00a0que ser\u00e1 de monitoreo internacional en el Complejo Nuclear Atucha.<\/p>\n\n\n\n<p>Seg\u00fan confirmaron, la instalaci\u00f3n de \u00faltima generaci\u00f3n fue entregada por el Organismo Internacional de Energ\u00eda At\u00f3mica (OIEA) y funciona de manera aut\u00f3noma desde el centro de capacitaci\u00f3n Milillo ubicado en Lima, partido de Z\u00e1rate.\u00a0<\/p>\n\n\n\n<p>\u00abEstamos comprometidos con el cuidado del medioambiente, las localidades vecinas a las centrales nucleares y las personas que all\u00ed habitan\u00bb, indicaron desde Nasa. \u00a0<\/p>\n\n\n\n<p>Hace unas semanas visit\u00f3 el pa\u00eds el director general del OIEA, Rafael Grossi,\u00a0que adem\u00e1s de recorrer las diversas instalaciones nucleares del pa\u00eds tambi\u00e9n\u00a0destac\u00f3 el potencial internacional del reactor nuclear de dise\u00f1o nacional CAREM.<\/p>\n\n\n\n<p>La instalaci\u00f3n la confirm\u00f3 Nasa a trav\u00e9s de un comunicado oficial en el que tambi\u00e9n adelantaron que\u00a0colocar\u00e1n una estaci\u00f3n ambiental similar en las inmediaciones a la Central Nuclear Embalse, situada en C\u00f3rdoba.\u00a0<\/p>\n\n\n\n<p>Los detalles de la estaci\u00f3n ambiental\u00a0.<\/p>\n\n\n\n<p>Acorde a informaci\u00f3n oficial, el equipo recoge datos del ambiente y las condiciones clim\u00e1ticas de la zona\u00a0que son seguidos por la Universidad de Rovira i Virgili en\u00a0Espa\u00f1a, instituci\u00f3n designada por el OIEA para el desarrollo e instalaci\u00f3n de la estaci\u00f3n. <\/p>\n\n\n\n<p>De esta forma,\u00a0el objetivo central de Nasa es desarrollar una red de monitoreo ambiental y radiol\u00f3gico en tiempo real, compuesta por las dos estaciones anal\u00edticas con soporte t\u00e9cnico y cient\u00edfico remoto.\u00a0<\/p>\n\n\n\n<p>\u00abAsumimos una pol\u00edtica ambiental que se centra en adaptar continuamente la gesti\u00f3n ambiental a la normativa aplicable, promover la capacitaci\u00f3n del personal en el cuidado del ambiente, comunicar nuestra pol\u00edtica y mejorar continuamente el desempe\u00f1o en este aspecto\u00bb, concluye el comunicado oficial.\u00a0<\/p>\n\n\n\n<p><\/p>\n\n\n\n<p>\u00a0<\/p>\n","protected":false},"excerpt":{"rendered":"<p>Nucleoel\u00e9ctrica Argentina, la operadora de las centrales del pa\u00eds, anunci\u00f3 la puesta en marcha de un equipo de \u00faltima generaci\u00f3n. Buscan desarrollar una red de medici\u00f3n ambiental y radiol\u00f3gico en tiempo real. La compa\u00f1\u00eda administradora de las centrales nucleares del pa\u00eds, Nucleoel\u00e9ctrica Argentina (Nasa),\u00a0anunci\u00f3 la puesta en marcha de una nueva instalaci\u00f3n ambiental\u00a0que ser\u00e1 de [&hellip;]<\/p>\n","protected":false},"author":1,"featured_media":5392,"comment_status":"closed","ping_status":"closed","sticky":false,"template":"","format":"standard","meta":{"footnotes":""},"categories":[1],"tags":[],"class_list":["post-5391","post","type-post","status-publish","format-standard","has-post-thumbnail","hentry","category-noticias"],"_links":{"self":[{"href":"https:\/\/epre.gov.ar\/web\/wp-json\/wp\/v2\/posts\/5391","targetHints":{"allow":["GET"]}}],"collection":[{"href":"https:\/\/epre.gov.ar\/web\/wp-json\/wp\/v2\/posts"}],"about":[{"href":"https:\/\/epre.gov.ar\/web\/wp-json\/wp\/v2\/types\/post"}],"author":[{"embeddable":true,"href":"https:\/\/epre.gov.ar\/web\/wp-json\/wp\/v2\/users\/1"}],"replies":[{"embeddable":true,"href":"https:\/\/epre.gov.ar\/web\/wp-json\/wp\/v2\/comments?post=5391"}],"version-history":[{"count":1,"href":"https:\/\/epre.gov.ar\/web\/wp-json\/wp\/v2\/posts\/5391\/revisions"}],"predecessor-version":[{"id":5393,"href":"https:\/\/epre.gov.ar\/web\/wp-json\/wp\/v2\/posts\/5391\/revisions\/5393"}],"wp:featuredmedia":[{"embeddable":true,"href":"https:\/\/epre.gov.ar\/web\/wp-json\/wp\/v2\/media\/5392"}],"wp:attachment":[{"href":"https:\/\/epre.gov.ar\/web\/wp-json\/wp\/v2\/media?parent=5391"}],"wp:term":[{"taxonomy":"category","embeddable":true,"href":"https:\/\/epre.gov.ar\/web\/wp-json\/wp\/v2\/categories?post=5391"},{"taxonomy":"post_tag","embeddable":true,"href":"https:\/\/epre.gov.ar\/web\/wp-json\/wp\/v2\/tags?post=5391"}],"curies":[{"name":"wp","href":"https:\/\/api.w.org\/{rel}","templated":true}]}}