{"id":5378,"date":"2022-11-04T12:12:50","date_gmt":"2022-11-04T12:12:50","guid":{"rendered":"https:\/\/epre.gov.ar\/web\/?p=5378"},"modified":"2022-11-04T12:12:52","modified_gmt":"2022-11-04T12:12:52","slug":"ypf-ha-decidido-ser-un-jugador-en-el-terreno-del-litio","status":"publish","type":"post","link":"https:\/\/epre.gov.ar\/web\/ypf-ha-decidido-ser-un-jugador-en-el-terreno-del-litio\/","title":{"rendered":"\u00abYPF ha decidido ser un jugador en el terreno del litio\u00bb."},"content":{"rendered":"\n<p>Roberto Salvarezza destac\u00f3 que la planta de producci\u00f3n de celdas de litio est\u00e1 cada vez m\u00e1s cerca de ponerse en marcha.<\/p>\n\n\n\n<p>El presidente de la empresa de investigaci\u00f3n y desarrollo tecnol\u00f3gico Y-TEC,\u00a0Roberto Salvarezza, destac\u00f3 que \u00abcon una mirada hacia la transici\u00f3n energ\u00e9tica,\u00a0YPF ha decidido ser un jugador en el terreno del litio\u00bb.<\/p>\n\n\n\n<p>Salvarezza se refiri\u00f3 as\u00ed a la posici\u00f3n estrat\u00e9gica de la Argentina ante\u00a0la inminente puesta en marcha de una planta de producci\u00f3n de celdas de litio\u00a0en la localidad bonaerense de La Plata.<\/p>\n\n\n\n<p>\u00abDos aspectos muy importantes de la transici\u00f3n energ\u00e9tica son que el mundo marcha en esa direcci\u00f3n y afortunadamente Argentina tiene los segundos recursos en cantidad del mundo en litio\u00bb, subray\u00f3 Salvarezza en declaraciones a Radio Nacional.<\/p>\n\n\n\n<p>En este sentido, a\u00f1adi\u00f3 que el pa\u00eds se convierte en \u00abun jugador estrat\u00e9gico y apetecido por la mirada de todas las empresas multinacionales\u00bb.<\/p>\n\n\n\n<p>\u00abPara eso, YPF tiene dos ramas: YPF Litio con un proyecto en Fiambal\u00e1 norte (Catamarca) donde ya comenz\u00f3 la exploraci\u00f3n de un salar; e Y-TEC, que hoy en d\u00eda tiene la capacidad para desarrollar celdas, y en diciembre pondr\u00e1 en funcionamiento una planta de producci\u00f3n de celdas de ion de litio y junto a pymes van a estar fabricando las primeras bater\u00edas\u00bb, se explay\u00f3 Salvarezza.<\/p>\n\n\n\n<p>El funcionario consider\u00f3 al litio como \u00abun tema estrat\u00e9gico debido a que el mundo hoy enfrenta el desaf\u00edo del cambio clim\u00e1tico\u00a0y estamos en plena transici\u00f3n energ\u00e9tica\u00bb.<\/p>\n\n\n\n<p>Al respecto, destac\u00f3 que el litio \u00abtiene la capacidad en sus bater\u00edas de almacenar energ\u00edas renovables, como la solar y la e\u00f3lica, que tienen intermitencias porque el viento no siempre es constante y el sol tiene sus ciclos\u00bb.<\/p>\n\n\n\n<p>Por \u00faltimo, el titular de Y-TEC -brazo tecnol\u00f3gico de YPF- hizo hincapi\u00e9 en \u00abla electromovilidad, la posibilidad de ir reemplazando en forma progresiva los coches que hoy funcionan con combustibles f\u00f3siles por combustibles el\u00e9ctricos, y ah\u00ed entra en juego de nuevo la bater\u00eda de ion de litio\u00bb.<\/p>\n","protected":false},"excerpt":{"rendered":"<p>Roberto Salvarezza destac\u00f3 que la planta de producci\u00f3n de celdas de litio est\u00e1 cada vez m\u00e1s cerca de ponerse en marcha. El presidente de la empresa de investigaci\u00f3n y desarrollo tecnol\u00f3gico Y-TEC,\u00a0Roberto Salvarezza, destac\u00f3 que \u00abcon una mirada hacia la transici\u00f3n energ\u00e9tica,\u00a0YPF ha decidido ser un jugador en el terreno del litio\u00bb. Salvarezza se refiri\u00f3 [&hellip;]<\/p>\n","protected":false},"author":1,"featured_media":5379,"comment_status":"closed","ping_status":"closed","sticky":false,"template":"","format":"standard","meta":{"footnotes":""},"categories":[28,1],"tags":[],"class_list":["post-5378","post","type-post","status-publish","format-standard","has-post-thumbnail","hentry","category-alternativa","category-noticias"],"_links":{"self":[{"href":"https:\/\/epre.gov.ar\/web\/wp-json\/wp\/v2\/posts\/5378","targetHints":{"allow":["GET"]}}],"collection":[{"href":"https:\/\/epre.gov.ar\/web\/wp-json\/wp\/v2\/posts"}],"about":[{"href":"https:\/\/epre.gov.ar\/web\/wp-json\/wp\/v2\/types\/post"}],"author":[{"embeddable":true,"href":"https:\/\/epre.gov.ar\/web\/wp-json\/wp\/v2\/users\/1"}],"replies":[{"embeddable":true,"href":"https:\/\/epre.gov.ar\/web\/wp-json\/wp\/v2\/comments?post=5378"}],"version-history":[{"count":1,"href":"https:\/\/epre.gov.ar\/web\/wp-json\/wp\/v2\/posts\/5378\/revisions"}],"predecessor-version":[{"id":5380,"href":"https:\/\/epre.gov.ar\/web\/wp-json\/wp\/v2\/posts\/5378\/revisions\/5380"}],"wp:featuredmedia":[{"embeddable":true,"href":"https:\/\/epre.gov.ar\/web\/wp-json\/wp\/v2\/media\/5379"}],"wp:attachment":[{"href":"https:\/\/epre.gov.ar\/web\/wp-json\/wp\/v2\/media?parent=5378"}],"wp:term":[{"taxonomy":"category","embeddable":true,"href":"https:\/\/epre.gov.ar\/web\/wp-json\/wp\/v2\/categories?post=5378"},{"taxonomy":"post_tag","embeddable":true,"href":"https:\/\/epre.gov.ar\/web\/wp-json\/wp\/v2\/tags?post=5378"}],"curies":[{"name":"wp","href":"https:\/\/api.w.org\/{rel}","templated":true}]}}