{"id":5363,"date":"2022-10-31T12:10:42","date_gmt":"2022-10-31T12:10:42","guid":{"rendered":"https:\/\/epre.gov.ar\/web\/?p=5363"},"modified":"2022-10-31T12:10:44","modified_gmt":"2022-10-31T12:10:44","slug":"por-primera-vez-en-chile-la-energia-eolica-y-solar-superaron-la-generacion-a-carbon","status":"publish","type":"post","link":"https:\/\/epre.gov.ar\/web\/por-primera-vez-en-chile-la-energia-eolica-y-solar-superaron-la-generacion-a-carbon\/","title":{"rendered":"Por primera vez en Chile la energ\u00eda e\u00f3lica y solar superaron la generaci\u00f3n a carb\u00f3n."},"content":{"rendered":"\n<p>Este nuevo escenario abre una puerta hacia una aceleraci\u00f3n de la transici\u00f3n energ\u00e9tica justa y cumplir as\u00ed con el cronograma de cierre de termoel\u00e9ctricas a carb\u00f3n de aqu\u00ed al a\u00f1o 2030.<\/p>\n\n\n\n<p>La energ\u00eda e\u00f3lica y solar no solo satisfacen la creciente demanda energ\u00e9tica de Chile, sino que est\u00e1 empezando a sustituir la generaci\u00f3n a carb\u00f3n. Una\u00a0publicaci\u00f3n en ingl\u00e9s y espa\u00f1ol\u00a0\u00a0de Ember Climate con apoyo de Chile Sustentable muestra el avance de las Energ\u00edas Renovables no Convencionales en contraposici\u00f3n a la disminuci\u00f3n creciente de las termoel\u00e9ctricas a carb\u00f3n. El An\u00e1lisis de Ember revisa los datos sobre generaci\u00f3n el\u00e9ctrica en Chile seg\u00fan consigna el\u00a0Coordinador El\u00e9ctrico Nacional\u00a0del pa\u00eds, y los datos anuales y mensuales de\u00a0Ember.<\/p>\n\n\n\n<p>As\u00ed se dio a conocer en el lanzamiento de esta publicaci\u00f3n y que muestra el r\u00e1pido avance de energ\u00eda e\u00f3lica y solar.\u00a0\u201cSignifica que Chile est\u00e1 bien posicionado para alcanzar el cierre de todas sus termoel\u00e9ctricas a carb\u00f3n al a\u00f1o 2030\u201d, se\u00f1ala Sara Larra\u00edn, directora de Chile Sustentable, organizaci\u00f3n que tambi\u00e9n apoy\u00f3 la publicaci\u00f3n de este an\u00e1lisis.<\/p>\n\n\n\n<p>Entre los datos obtenidos destaca que mientras muchos pa\u00edses siguen dependiendo del carb\u00f3n para satisfacer su creciente demanda de electricidad, Chile demuestra que la energ\u00eda e\u00f3lica y solar pueden satisfacer esa demanda.\u00a0\u201cEn 2016, Chile lleg\u00f3 a su punto m\u00e1ximo de utilizaci\u00f3n de combustibles f\u00f3siles en el sector el\u00e9ctrico, y desde entonces ha reducido r\u00e1pidamente su dependencia del carb\u00f3n, a pesar de que la demanda de electricidad ha crecido durante todo ese per\u00edodo\u201d,\u00a0indica la publicaci\u00f3n.<\/p>\n\n\n\n<p>Los datos estad\u00edsticos m\u00e1s importantes son que hoy por primera vez las energ\u00edas renovables superan al carb\u00f3n en Chile. En los \u00faltimos 12 meses la generaci\u00f3n e\u00f3lica y solar aument\u00f3 en un 27,5% y la generaci\u00f3n a carb\u00f3n solo alcanz\u00f3 el 26,5%.<\/p>\n\n\n\n<p>As\u00ed tambi\u00e9n, la generaci\u00f3n e\u00f3lica y solar se han duplican desde 2018. Aument\u00f3 de 9TWh (12%) en 2018 a 18 TWh (22%) en 2021. Entre 2016 y 2021 hay un aumento de la demanda de electricidad en Chile (11%), pero las emisiones de CO2 se redujeron s\u00f3lo en un 6%.<\/p>\n\n\n\n<p>As\u00ed tambi\u00e9n destaca el rol de las organizaciones de la sociedad civil que han realizado diversas campa\u00f1as para lograr un cronograma de descarbonizaci\u00f3n m\u00e1s ambicioso en Chile, pidiendo el cierre de todas las centrales de carb\u00f3n entre 2025 y 2030, y su sustituci\u00f3n por capacidad renovable. El \u00e9xito obtenido hasta ahora con el r\u00e1pido despliegue de energ\u00eda e\u00f3lica y solar significa que Chile va por buen camino para hacerlo. El\u00a0objetivo actual de Chile\u00a0es conseguir un 80% de electricidad renovable para 2030 y una red el\u00e9ctrica 100% sin emisiones para 2050.<\/p>\n\n\n\n<p>La directora de Chile Sustentable, es clara en destacar que como pa\u00eds miembro de la OCDE,\u00a0\u201cChile deber\u00eda tener como objetivo la eliminaci\u00f3n del carb\u00f3n para 2030 y luego una red el\u00e9ctrica de cero emisiones para 2035, seg\u00fan la hoja de ruta\u00a0Net Zero para 2050\u00a0de la Agencia Internacional de la Energ\u00eda. Chile empez\u00f3 la carrera de su transici\u00f3n energ\u00e9tica en el sector el\u00e9ctrico; ahora es el momento de acelerar el ritmo\u201d, dice.<\/p>\n\n\n\n<p>Todo indica que los \u00edndices seguir\u00e1n en aumento, ya que por primera vez desde 2007, los combustibles f\u00f3siles abastecieron menos de la mitad de la electricidad en Chile durante un a\u00f1o. El aumento de la generaci\u00f3n e\u00f3lica y solar se espera siga en aumento en un futuro inmediato.<\/p>\n\n\n\n<p>Fuente: https:\/\/radio.uchile.cl\/2022\/10\/29<\/p>\n","protected":false},"excerpt":{"rendered":"<p>Este nuevo escenario abre una puerta hacia una aceleraci\u00f3n de la transici\u00f3n energ\u00e9tica justa y cumplir as\u00ed con el cronograma de cierre de termoel\u00e9ctricas a carb\u00f3n de aqu\u00ed al a\u00f1o 2030. La energ\u00eda e\u00f3lica y solar no solo satisfacen la creciente demanda energ\u00e9tica de Chile, sino que est\u00e1 empezando a sustituir la generaci\u00f3n a carb\u00f3n. [&hellip;]<\/p>\n","protected":false},"author":1,"featured_media":5364,"comment_status":"closed","ping_status":"closed","sticky":false,"template":"","format":"standard","meta":{"footnotes":""},"categories":[1],"tags":[],"class_list":["post-5363","post","type-post","status-publish","format-standard","has-post-thumbnail","hentry","category-noticias"],"_links":{"self":[{"href":"https:\/\/epre.gov.ar\/web\/wp-json\/wp\/v2\/posts\/5363","targetHints":{"allow":["GET"]}}],"collection":[{"href":"https:\/\/epre.gov.ar\/web\/wp-json\/wp\/v2\/posts"}],"about":[{"href":"https:\/\/epre.gov.ar\/web\/wp-json\/wp\/v2\/types\/post"}],"author":[{"embeddable":true,"href":"https:\/\/epre.gov.ar\/web\/wp-json\/wp\/v2\/users\/1"}],"replies":[{"embeddable":true,"href":"https:\/\/epre.gov.ar\/web\/wp-json\/wp\/v2\/comments?post=5363"}],"version-history":[{"count":1,"href":"https:\/\/epre.gov.ar\/web\/wp-json\/wp\/v2\/posts\/5363\/revisions"}],"predecessor-version":[{"id":5365,"href":"https:\/\/epre.gov.ar\/web\/wp-json\/wp\/v2\/posts\/5363\/revisions\/5365"}],"wp:featuredmedia":[{"embeddable":true,"href":"https:\/\/epre.gov.ar\/web\/wp-json\/wp\/v2\/media\/5364"}],"wp:attachment":[{"href":"https:\/\/epre.gov.ar\/web\/wp-json\/wp\/v2\/media?parent=5363"}],"wp:term":[{"taxonomy":"category","embeddable":true,"href":"https:\/\/epre.gov.ar\/web\/wp-json\/wp\/v2\/categories?post=5363"},{"taxonomy":"post_tag","embeddable":true,"href":"https:\/\/epre.gov.ar\/web\/wp-json\/wp\/v2\/tags?post=5363"}],"curies":[{"name":"wp","href":"https:\/\/api.w.org\/{rel}","templated":true}]}}