{"id":5342,"date":"2022-10-24T11:51:03","date_gmt":"2022-10-24T11:51:03","guid":{"rendered":"https:\/\/epre.gov.ar\/web\/?p=5342"},"modified":"2022-10-24T11:51:05","modified_gmt":"2022-10-24T11:51:05","slug":"dia-mundial-del-ahorro-de-energia-7-consejos-para-su-consumo-responsable","status":"publish","type":"post","link":"https:\/\/epre.gov.ar\/web\/dia-mundial-del-ahorro-de-energia-7-consejos-para-su-consumo-responsable\/","title":{"rendered":"D\u00eda Mundial del Ahorro de Energ\u00eda: 7 consejos para su consumo responsable."},"content":{"rendered":"\n<p>El objetivo principal es asegurar el acceso a energ\u00eda factible, fiable y actual para todos en 2030.<\/p>\n\n\n\n<p>Los\u00a021 de octubre se celebra el D\u00eda Mundial del Ahorro de Energ\u00eda, una iniciativa creada por el\u00a0Foro Energ\u00e9tico Mundial\u00a0(WorldEnergyForum) en el 2012. La fecha tiene como fin\u00a0promover el\u00a0acceso universal a la energ\u00eda, visibilizar el\u00a0impacto que genera el uso de la energ\u00eda\u00a0en el ambiente, reflexionar sobre el\u00a0consumo energ\u00e9tico\u00a0en la vida cotidiana y a concientizar sobre la necesidad de trabajar en\u00a0lograr la eficiencia energ\u00e9tica\u00a0y la reducci\u00f3n de recursos naturales.<\/p>\n\n\n\n<p>El objetivo principal del\u00a0D\u00eda Mundial del Ahorro de Energ\u00eda\u00a0es\u00a0asegurar el acceso a energ\u00eda factible, fiable y actual\u00a0para todos en 2030, sin dejar de lado la importancia de la energ\u00eda para el crecimiento econ\u00f3mico, el desarrollo humano y la sostenibilidad ambiental.<\/p>\n\n\n\n<p>Si bien a nivel dom\u00e9stico,\u00a0el ahorro energ\u00e9tico implica un ahorro econ\u00f3mico, a nivel global, representa muchas menos emisiones de gases con efecto invernadero, un uso m\u00e1s eficiente de los recursos naturales, crecimiento de la econom\u00eda global y una reducci\u00f3n de la dependencia energ\u00e9tica.<\/p>\n\n\n\n<p>CONSEJOS PARA EL CONSUMO RESPONSABLE DE ENERG\u00cdA<\/p>\n\n\n\n<p>Seg\u00fan el\u00a0Instituto de Energ\u00eda y Desarrollo Sustentable\u00a0del ministerio de Econom\u00eda de la Naci\u00f3n, algunas acciones que se pueden realizar para disminuir el consumo de energ\u00eda son:<\/p>\n\n\n\n<p>\u2022 Utilizar la luz natural mientras sea posible.\u2022 Desenchufar dispositivos o cargadores que no necesitemos.\u2022 Utilizar bombillas de bajo consumo.\u2022 Apagar luces o televisores que no estemos utilizando.\u2022 Regular adecuadamente la calefacci\u00f3n y aire acondicionado.\u2022 Procurar descongelar los alimentos a temperatura ambiente, sin la utilizaci\u00f3n del microondas.\u2022 No derrochar agua potable.<\/p>\n\n\n\n<p>C\u00d3MO MEJORAR EL CONSUMO EL\u00c9CTRICO EN VERANO<\/p>\n\n\n\n<p>Al igual que el invierno,\u00a0el verano es la estaci\u00f3n en la que se consume mayor cantidad de energ\u00eda, especialmente el\u00e9ctrica. El pa\u00eds est\u00e1 atravesando los primeros calores de la temporada y es por ello que es se debe tener en cuenta ciertos aspectos para hacer un uso m\u00e1s eficiente de la energ\u00eda.<\/p>\n\n\n\n<p>\u2022\u00a0Aire acondicionado:\u00a0Poner el\u00a0aire a 24\u00b0C. Es importante saber que los ambientes no se enfriar\u00e1n m\u00e1s r\u00e1pido por bajar la temperatura y cada grado de diferencia supone un\u00a0ahorro de un 8% de energ\u00eda.<\/p>\n\n\n\n<p>Tambi\u00e9n hay que revisar que los\u00a0filtros del aire acondicionado est\u00e9n limpios\u00a0ya que cuando est\u00e1n sucios, el equipo tiene que funcionar durante m\u00e1s tiempo para enfriar de la misma manera que con los filtros limpios.<\/p>\n\n\n\n<p>La altura recomendada para colocar el aire acondicionado es de 1.80 a 2 metros.<\/p>\n\n\n\n<p>\u2022\u00a0Luces: Es recomendable utilizar\u00a0l\u00e1mparas de bajo consumo o led. Estas \u00faltimas duran hasta 7 veces m\u00e1s que las l\u00e1mparas cl\u00e1sicas y consumen 8 veces menos.\u00a0Mantener limpias las l\u00e1mparas y pantallas, aumentar\u00e1 la luminosidad sin aumentar su potencia.<\/p>\n\n\n\n<p>\u2022\u00a0Heladera y\u00a0 freezer:\u00a0para que la heladera no consuma m\u00e1s energ\u00eda de lo normal, es aconsejable\u00a0evitar introducir alimentos calientes en ella. Tambi\u00e9n hay que mantener sus puertas cerradas durante el mayor tiempo posible para no tener p\u00e9rdidas de fr\u00edo innecesarias.<\/p>\n\n\n\n<p>En cuanto al freezer, se debe\u00a0procurar que no se forme hielo\u00a0o escarcha en el freezer, porque al hacerlo usa m\u00e1s energ\u00eda para mantener la temperatura de los alimentos.<\/p>\n\n\n\n<p>Fuente: https:\/\/www.cronista.com\/informacion.<\/p>\n\n\n\n<p><\/p>\n","protected":false},"excerpt":{"rendered":"<p>El objetivo principal es asegurar el acceso a energ\u00eda factible, fiable y actual para todos en 2030. Los\u00a021 de octubre se celebra el D\u00eda Mundial del Ahorro de Energ\u00eda, una iniciativa creada por el\u00a0Foro Energ\u00e9tico Mundial\u00a0(WorldEnergyForum) en el 2012. La fecha tiene como fin\u00a0promover el\u00a0acceso universal a la energ\u00eda, visibilizar el\u00a0impacto que genera el uso [&hellip;]<\/p>\n","protected":false},"author":1,"featured_media":5343,"comment_status":"closed","ping_status":"closed","sticky":false,"template":"","format":"standard","meta":{"footnotes":""},"categories":[1,32],"tags":[],"class_list":["post-5342","post","type-post","status-publish","format-standard","has-post-thumbnail","hentry","category-noticias","category-breves"],"_links":{"self":[{"href":"https:\/\/epre.gov.ar\/web\/wp-json\/wp\/v2\/posts\/5342","targetHints":{"allow":["GET"]}}],"collection":[{"href":"https:\/\/epre.gov.ar\/web\/wp-json\/wp\/v2\/posts"}],"about":[{"href":"https:\/\/epre.gov.ar\/web\/wp-json\/wp\/v2\/types\/post"}],"author":[{"embeddable":true,"href":"https:\/\/epre.gov.ar\/web\/wp-json\/wp\/v2\/users\/1"}],"replies":[{"embeddable":true,"href":"https:\/\/epre.gov.ar\/web\/wp-json\/wp\/v2\/comments?post=5342"}],"version-history":[{"count":1,"href":"https:\/\/epre.gov.ar\/web\/wp-json\/wp\/v2\/posts\/5342\/revisions"}],"predecessor-version":[{"id":5344,"href":"https:\/\/epre.gov.ar\/web\/wp-json\/wp\/v2\/posts\/5342\/revisions\/5344"}],"wp:featuredmedia":[{"embeddable":true,"href":"https:\/\/epre.gov.ar\/web\/wp-json\/wp\/v2\/media\/5343"}],"wp:attachment":[{"href":"https:\/\/epre.gov.ar\/web\/wp-json\/wp\/v2\/media?parent=5342"}],"wp:term":[{"taxonomy":"category","embeddable":true,"href":"https:\/\/epre.gov.ar\/web\/wp-json\/wp\/v2\/categories?post=5342"},{"taxonomy":"post_tag","embeddable":true,"href":"https:\/\/epre.gov.ar\/web\/wp-json\/wp\/v2\/tags?post=5342"}],"curies":[{"name":"wp","href":"https:\/\/api.w.org\/{rel}","templated":true}]}}