{"id":5293,"date":"2022-10-10T10:20:00","date_gmt":"2022-10-10T10:20:00","guid":{"rendered":"https:\/\/epre.gov.ar\/web\/?p=5293"},"modified":"2022-10-12T14:27:52","modified_gmt":"2022-10-12T14:27:52","slug":"las-energias-renovables-cubrieron-todo-el-crecimiento-de-la-demanda-mundial-de-electricidad","status":"publish","type":"post","link":"https:\/\/epre.gov.ar\/web\/las-energias-renovables-cubrieron-todo-el-crecimiento-de-la-demanda-mundial-de-electricidad\/","title":{"rendered":"Las energ\u00edas renovables cubrieron todo el crecimiento de la demanda mundial de electricidad."},"content":{"rendered":"\n<p>La energ\u00eda e\u00f3lica y solar cubrieron el 77 % de este crecimiento de la demanda, y la hidroel\u00e9ctrica cubri\u00f3 con creces el resto.<\/p>\n\n\n\n<p>El mundo est\u00e1 en medio de una crisis energ\u00e9tica y, con todo lo que se habla, se podr\u00eda haber esperado que el uso de carb\u00f3n y gas hubiera aumentado en 2022. Pero eso no fue lo que sucedi\u00f3, al menos en el sector el\u00e9ctrico. De hecho,\u00a0en la primera mitad de 2022, las renovables cubrieron todo el crecimiento de la demanda el\u00e9ctrica mundial, frenando el auge de los combustibles f\u00f3siles, seg\u00fan un informe de la consultora\u00a0Ember Climate<\/p>\n\n\n\n<p>La demanda mundial de electricidad aument\u00f3 un 3% en el primer semestre de 2022 en comparaci\u00f3n con el mismo per\u00edodo del a\u00f1o pasado; esto estuvo en l\u00ednea con el promedio hist\u00f3rico. La energ\u00eda e\u00f3lica y solar cubrieron el 77 % de este crecimiento de la demanda, y la hidroel\u00e9ctrica cubri\u00f3 con creces el resto. En China, el aumento de la generaci\u00f3n e\u00f3lica y solar cubri\u00f3 el 92% del aumento de su demanda el\u00e9ctrica; en EE. UU. fue del 81 %, mientras que en la India fue del 23 %.<\/p>\n\n\n\n<p>Debido a que el crecimiento de las energ\u00edas renovables satisfizo todo el crecimiento de la demanda, la generaci\u00f3n f\u00f3sil casi no cambi\u00f3. El carb\u00f3n disminuy\u00f3 un 1% y el gas disminuy\u00f3 un 0,05%; estos fueron compensados \u200b\u200bpor un leve aumento en el petr\u00f3leo. En consecuencia, las emisiones mundiales de CO2 del sector el\u00e9ctrico no cambiaron, a pesar del aumento de la demanda el\u00e9ctrica. El carb\u00f3n en la UE aument\u00f3 un 15% solo para cubrir un d\u00e9ficit temporal en la generaci\u00f3n nuclear e hidroel\u00e9ctrica. El carb\u00f3n en India aument\u00f3 un 10% debido a un fuerte repunte en la demanda de electricidad desde los m\u00ednimos de principios del a\u00f1o pasado, cuando la pandemia de Covid-19 golpe\u00f3 con m\u00e1s fuerza. Estos aumentos se compensaron con ca\u00eddas del 3% en China y del 7% en EE. UU.<\/p>\n\n\n\n<h3 class=\"wp-block-heading\" id=\"el-crecimiento-de-eolica-y-solar-genero-costos-tangibles-y-beneficios-climaticos\">El crecimiento de e\u00f3lica y solar gener\u00f3 costos tangibles y beneficios clim\u00e1ticos<\/h3>\n\n\n\n<p>El crecimiento de la energ\u00eda e\u00f3lica y solar en la primera mitad de 2022 evit\u00f3 un aumento del 4% en la generaci\u00f3n f\u00f3sil. Esto evit\u00f3 40.000 millones de d\u00f3lares en costos de combustible y 230 Mt de CO2 en emisiones. En China, el crecimiento de la energ\u00eda e\u00f3lica y solar permiti\u00f3 que la energ\u00eda de combustibles f\u00f3siles cayera un 3 %, en lugar de aumentar un 1 %. En India, ralentiz\u00f3 el aumento de la energ\u00eda de combustibles f\u00f3siles del 12% al 9%. En EE. UU., ralentiz\u00f3 el aumento de la energ\u00eda de combustibles f\u00f3siles del 7% al 1%. En la UE, impidi\u00f3 un gran aumento de la energ\u00eda de combustibles f\u00f3siles: sin la energ\u00eda e\u00f3lica y solar, la generaci\u00f3n de combustibles f\u00f3siles habr\u00eda aumentado un 16 % en lugar de un 6 %.<\/p>\n\n\n\n<p>A pesar de ello, las emisiones del sector el\u00e9ctrico a\u00fan pueden establecer un nuevo r\u00e9cord en 2022. En julio y agosto hubo un aumento en la generaci\u00f3n mundial de carb\u00f3n y gas, lo que deja abierta la posibilidad de que las emisiones de CO2 del sector el\u00e9ctrico en 2022 a\u00fan aumenten, despu\u00e9s del m\u00e1ximo hist\u00f3rico del a\u00f1o pasado. Esto sucedi\u00f3 porque el super\u00e1vit hidroel\u00e9ctrico de China se convirti\u00f3 en d\u00e9ficit debido a sequ\u00edas r\u00e9cord y a que las olas de calor golpearon todo el mundo, elevando la demanda de electricidad.<\/p>\n\n\n\n<p>Seg\u00fan Ember, nos estamos acercando a un punto de inflexi\u00f3n, donde la electricidad limpia, liderada por la energ\u00eda e\u00f3lica y solar, satisfar\u00e1 todo el crecimiento futuro de la demanda de electricidad y, por lo tanto, los picos de generaci\u00f3n de energ\u00eda de combustibles f\u00f3siles. El crecimiento de la generaci\u00f3n renovable ha igualado antes el crecimiento de la demanda mundial de electricidad en 2015 y 2019. Pero cuando estemos all\u00ed, eso es solo el comienzo. El sector el\u00e9ctrico deber\u00eda estar reduciendo r\u00e1pidamente las emisiones. El hecho de que todav\u00eda estemos en m\u00e1ximos hist\u00f3ricos o cerca de ellos muestra cu\u00e1nto m\u00e1s r\u00e1pido debe ocurrir la transici\u00f3n de la electricidad.<\/p>\n\n\n\n<p>La energ\u00eda e\u00f3lica y solar est\u00e1n demostrando ser una soluci\u00f3n eficaz a medida que el mundo se enfrenta a impactos clim\u00e1ticos cada vez mayores, inseguridad energ\u00e9tica e inestabilidad econ\u00f3mica. Est\u00e1n reduciendo costos y mejorando la seguridad.<\/p>\n\n\n\n<p>\u201cLa energ\u00eda e\u00f3lica y solar est\u00e1n demostrando su val\u00eda durante la crisis energ\u00e9tica. El primer paso para terminar con el control de los combustibles f\u00f3siles costosos y contaminantes es generar suficiente energ\u00eda limpia para satisfacer el creciente apetito mundial por la electricidad. No podemos estar seguros de si hemos alcanzado el pico del carb\u00f3n y el gas en el sector el\u00e9ctrico. Las emisiones del sector energ\u00e9tico global todav\u00eda est\u00e1n alcanzando m\u00e1ximos hist\u00f3ricos cuando deben caer muy r\u00e1pidamente. Y los mismos combustibles f\u00f3siles que nos empujan a una crisis clim\u00e1tica tambi\u00e9n est\u00e1n causando la crisis energ\u00e9tica mundial. Tenemos una soluci\u00f3n: la energ\u00eda e\u00f3lica y solar son de cosecha propia y baratas, y ya est\u00e1n reduciendo r\u00e1pidamente tanto las facturas como las emisiones\u201d, dijo\u00a0Malgorzata Wiatros-Motyka, analista s\u00e9nior de electricidad de Ember .<\/p>\n\n\n\n<p>Fuente: https:\/\/elperiodicodelaenergia.com\/las-energias-renovables-cubrieron-todo-el-crecimiento-de-la-demanda-mundial-de-electricidad\/<\/p>\n","protected":false},"excerpt":{"rendered":"<p>La energ\u00eda e\u00f3lica y solar cubrieron el 77 % de este crecimiento de la demanda, y la hidroel\u00e9ctrica cubri\u00f3 con creces el resto. El mundo est\u00e1 en medio de una crisis energ\u00e9tica y, con todo lo que se habla, se podr\u00eda haber esperado que el uso de carb\u00f3n y gas hubiera aumentado en 2022. Pero [&hellip;]<\/p>\n","protected":false},"author":1,"featured_media":5294,"comment_status":"closed","ping_status":"closed","sticky":false,"template":"","format":"standard","meta":{"footnotes":""},"categories":[1],"tags":[],"class_list":["post-5293","post","type-post","status-publish","format-standard","has-post-thumbnail","hentry","category-noticias"],"_links":{"self":[{"href":"https:\/\/epre.gov.ar\/web\/wp-json\/wp\/v2\/posts\/5293","targetHints":{"allow":["GET"]}}],"collection":[{"href":"https:\/\/epre.gov.ar\/web\/wp-json\/wp\/v2\/posts"}],"about":[{"href":"https:\/\/epre.gov.ar\/web\/wp-json\/wp\/v2\/types\/post"}],"author":[{"embeddable":true,"href":"https:\/\/epre.gov.ar\/web\/wp-json\/wp\/v2\/users\/1"}],"replies":[{"embeddable":true,"href":"https:\/\/epre.gov.ar\/web\/wp-json\/wp\/v2\/comments?post=5293"}],"version-history":[{"count":1,"href":"https:\/\/epre.gov.ar\/web\/wp-json\/wp\/v2\/posts\/5293\/revisions"}],"predecessor-version":[{"id":5295,"href":"https:\/\/epre.gov.ar\/web\/wp-json\/wp\/v2\/posts\/5293\/revisions\/5295"}],"wp:featuredmedia":[{"embeddable":true,"href":"https:\/\/epre.gov.ar\/web\/wp-json\/wp\/v2\/media\/5294"}],"wp:attachment":[{"href":"https:\/\/epre.gov.ar\/web\/wp-json\/wp\/v2\/media?parent=5293"}],"wp:term":[{"taxonomy":"category","embeddable":true,"href":"https:\/\/epre.gov.ar\/web\/wp-json\/wp\/v2\/categories?post=5293"},{"taxonomy":"post_tag","embeddable":true,"href":"https:\/\/epre.gov.ar\/web\/wp-json\/wp\/v2\/tags?post=5293"}],"curies":[{"name":"wp","href":"https:\/\/api.w.org\/{rel}","templated":true}]}}