{"id":5229,"date":"2022-09-23T12:04:02","date_gmt":"2022-09-23T12:04:02","guid":{"rendered":"https:\/\/epre.gov.ar\/web\/?p=5229"},"modified":"2022-09-23T12:04:04","modified_gmt":"2022-09-23T12:04:04","slug":"transicion-energetica-los-desafios-a-la-hora-de-producir-energia-electrica-de-fuentes-renovables","status":"publish","type":"post","link":"https:\/\/epre.gov.ar\/web\/transicion-energetica-los-desafios-a-la-hora-de-producir-energia-electrica-de-fuentes-renovables\/","title":{"rendered":"Transici\u00f3n energ\u00e9tica. Los desaf\u00edos a la hora de producir energ\u00eda el\u00e9ctrica de fuentes renovables."},"content":{"rendered":"\n<p>\u201cEs necesario que se construyan nuevas l\u00edneas de transmisi\u00f3n en alta tensi\u00f3n\u201d, asegura el CEO de PCR. La compa\u00f1\u00eda fundada en 1921 es la principal fabricante de cemento de la Patagonia, hace poco se diversific\u00f3 hacia las renovables y se convirti\u00f3 el a\u00f1o pasado en la segunda mayor generadora de energ\u00eda e\u00f3lica del pa\u00eds.<\/p>\n\n\n\n<p>Hace 101 a\u00f1os que PCR naci\u00f3 en esa ciudad chubutense como una empresa petrolera: de hecho es la segunda compa\u00f1\u00eda m\u00e1s antigua de la industria. Hoy contin\u00faa con la actividad en cinco yacimientos de la Argentina y cuatro de Ecuador, aunque con los a\u00f1os diversific\u00f3 su negocio en otras dos verticales: el cemento y las renovables.<\/p>\n\n\n\n<p>PCR es, no obstante,\u00a0el principal fabricante de cemento de toda la Patagonia, el mayor exportador y el cuarto fabricante a nivel pa\u00eds. Hoy cuenta con dos plantas en operaci\u00f3n una de las cuales -la de Pico Truncado- est\u00e1 entre las m\u00e1s modernas de la Argentina: uno de los \u00faltimos proyectos greenfield del pa\u00eds, construida totalmente desde cero e inaugurada en 2008.<\/p>\n\n\n\n<p>De acuerdo a Martin Brandi, CEO de PCR, la industria nacional del cemento es madura, competitiva y tiene una huella de carbono m\u00e1s baja que la media mundial. \u201cSin embargo \u2013advierte- reducir la huella de carbono sigue siendo un desaf\u00edo frente al cual la primera medida es incorporar energ\u00edas renovables. Hoy el 50 por ciento de la energ\u00eda el\u00e9ctrica que utilizan nuestras plantas de cemento proviene de fuentes renovables. Y apuntamos a superar el 90 por ciento para 2025\u2033.<\/p>\n\n\n\n<h2 class=\"wp-block-heading\"><strong>La apuesta por las renovables<\/strong><\/h2>\n\n\n\n<p>Fue\u00a0en 2016 que PCR lanz\u00f3 su divisi\u00f3n renovables, bajo la cual opera tres parques e\u00f3licos: PEBSA I (100,8 MW), PEBSA II (25,2 MW) y San Jorge El Mataco (203,4 MW), que en conjunto suman una capacidad instalada de 329,4 MW. En 2021 la empresa se convirti\u00f3 en la segunda mayor productora de energ\u00eda e\u00f3lica del pa\u00eds al generar el 12 por ciento del total de la Argentina. Hoy tiene otros\u00a0tres parques en construcci\u00f3n:\u00a0Mataco III, Vivorat\u00e1 y San Luis Norte. \u00c9ste \u00faltimo, en sociedad con ArcelorMittal Acindar, fue recientemente adjudicado con m\u00e1s prioridad de despacho para ampliar su capacidad. En total la compa\u00f1\u00eda proyecta contar en 2024 con 527,4 MW operativos.<\/p>\n\n\n\n<p>\u201cActualmente la mayor\u00eda de las industrias est\u00e1 buscando reducir su huella de carbono. Y entre los primeros pasos para lograrlo aparecen la eficiencia energ\u00e9tica y la incorporaci\u00f3n de energ\u00eda el\u00e9ctrica de fuentes renovables\u201d, observa el ejecutivo. \u201cEn ese contexto, el plan de PCR pasa por abastecer de energ\u00eda limpia y sustentable a las empresas. Todo el tiempo estamos evaluando oportunidades tanto en Argentina como en otros pa\u00edses de la regi\u00f3n, siempre con la idea de acercar a la industria opciones competitivas para que pueda cumplir sus metas de reducci\u00f3n de huella de carbono\u201d.<\/p>\n\n\n\n<p>En linea con su compromiso con la sustentabilidad, hace poco PCR alcanz\u00f3 la certificaci\u00f3n en sistema de gesti\u00f3n ambiental en todos los parques operativos bajo la Norma ISO 14001. \u201cEsto significa que trabajamos bajo est\u00e1ndares ambientales internaciones protegiendo el medioambiente, identificando riesgos y promoviendo la mejora continua como cultura de trabajo. Ya estamos trabajando para lograr la certificaci\u00f3n sobre los nuevos parques en construcci\u00f3n\u201d, explica Brandi.<\/p>\n\n\n\n<p>\u201cSin embargo hay un cuello de botella que limita el crecimiento del sector. Es necesario que se construyan nuevas l\u00edneas de transmisi\u00f3n en alta tensi\u00f3n para lograr las metas de abastecer la creciente demanda, que no se limite el crecimiento econ\u00f3mico y que puedan incorporarse nuevos proyectos de generaci\u00f3n de energ\u00eda el\u00e9ctrica de fuentes renovables\u201d, a\u00f1ade y precisa que en un futuro la electrificaci\u00f3n de la econom\u00eda, por caso en el sector de la movilidad, traer\u00e1 una mayor demanda el\u00e9ctrica, todo en tanto alternativas como el hidr\u00f3geno verde \u201cpueden traer al pa\u00eds grandes oportunidades\u201d.<\/p>\n\n\n\n<h2 class=\"wp-block-heading\"><strong>\u201cProtagonistas de la transici\u00f3n energ\u00e9tica\u201d<\/strong><\/h2>\n\n\n\n<p>PCR logr\u00f3 recientemente la extensi\u00f3n del plazo del yacimiento mendocino \u201cEl Sosneado\u201d hasta 2035, dato que reafirma el compromiso de crecimiento e inversi\u00f3n en el pa\u00eds.<\/p>\n\n\n\n<p>\u201cEn el corto y mediano plazo el mundo seguir\u00e1 necesitando hidrocarburos. La grave crisis energ\u00e9tica que est\u00e1 viviendo Europa, con precios de energ\u00eda el\u00e9ctrica seis veces superiores al costo de generaci\u00f3n argentino, son un claro ejemplo de eso. La brusca salida de los combustibles f\u00f3siles tiene un impacto econ\u00f3mico enorme que sin duda afecta a toda la poblaci\u00f3n\u201d, se\u00f1ala Brandi.<\/p>\n\n\n\n<p>Y finaliza: \u201cDesde PCR estamos comprometidos en seguir siendo actores protag\u00f3nicos de la transici\u00f3n energ\u00e9tica. Tenemos un equipo de trabajo comprometido, profesional y \u00e1gil, que nos permite alcanzar nuestros objetivos y mantener el rumbo en momentos dif\u00edciles gracias a la profunda convicci\u00f3n en lo que hacemos. El compromiso de nuestros accionistas con la empresa es un diferencial que le da respaldo al equipo de trabajo\u201d.<\/p>\n\n\n\n<p><\/p>\n\n\n\n<p><\/p>\n","protected":false},"excerpt":{"rendered":"<p>\u201cEs necesario que se construyan nuevas l\u00edneas de transmisi\u00f3n en alta tensi\u00f3n\u201d, asegura el CEO de PCR. La compa\u00f1\u00eda fundada en 1921 es la principal fabricante de cemento de la Patagonia, hace poco se diversific\u00f3 hacia las renovables y se convirti\u00f3 el a\u00f1o pasado en la segunda mayor generadora de energ\u00eda e\u00f3lica del pa\u00eds. Hace [&hellip;]<\/p>\n","protected":false},"author":1,"featured_media":5230,"comment_status":"closed","ping_status":"closed","sticky":false,"template":"","format":"standard","meta":{"footnotes":""},"categories":[17],"tags":[],"class_list":["post-5229","post","type-post","status-publish","format-standard","has-post-thumbnail","hentry","category-eolica-energias"],"_links":{"self":[{"href":"https:\/\/epre.gov.ar\/web\/wp-json\/wp\/v2\/posts\/5229","targetHints":{"allow":["GET"]}}],"collection":[{"href":"https:\/\/epre.gov.ar\/web\/wp-json\/wp\/v2\/posts"}],"about":[{"href":"https:\/\/epre.gov.ar\/web\/wp-json\/wp\/v2\/types\/post"}],"author":[{"embeddable":true,"href":"https:\/\/epre.gov.ar\/web\/wp-json\/wp\/v2\/users\/1"}],"replies":[{"embeddable":true,"href":"https:\/\/epre.gov.ar\/web\/wp-json\/wp\/v2\/comments?post=5229"}],"version-history":[{"count":1,"href":"https:\/\/epre.gov.ar\/web\/wp-json\/wp\/v2\/posts\/5229\/revisions"}],"predecessor-version":[{"id":5231,"href":"https:\/\/epre.gov.ar\/web\/wp-json\/wp\/v2\/posts\/5229\/revisions\/5231"}],"wp:featuredmedia":[{"embeddable":true,"href":"https:\/\/epre.gov.ar\/web\/wp-json\/wp\/v2\/media\/5230"}],"wp:attachment":[{"href":"https:\/\/epre.gov.ar\/web\/wp-json\/wp\/v2\/media?parent=5229"}],"wp:term":[{"taxonomy":"category","embeddable":true,"href":"https:\/\/epre.gov.ar\/web\/wp-json\/wp\/v2\/categories?post=5229"},{"taxonomy":"post_tag","embeddable":true,"href":"https:\/\/epre.gov.ar\/web\/wp-json\/wp\/v2\/tags?post=5229"}],"curies":[{"name":"wp","href":"https:\/\/api.w.org\/{rel}","templated":true}]}}