{"id":5221,"date":"2022-09-21T12:07:25","date_gmt":"2022-09-21T12:07:25","guid":{"rendered":"https:\/\/epre.gov.ar\/web\/?p=5221"},"modified":"2022-09-21T12:07:27","modified_gmt":"2022-09-21T12:07:27","slug":"presentaron-la-primera-estacion-de-servicio-con-energia-solar","status":"publish","type":"post","link":"https:\/\/epre.gov.ar\/web\/presentaron-la-primera-estacion-de-servicio-con-energia-solar\/","title":{"rendered":"Presentaron la primera estaci\u00f3n de servicio con energ\u00eda solar."},"content":{"rendered":"\n<p>Las autoridades certificaron que el 30% de la energ\u00eda que utiliza la estaci\u00f3n de servicio proviene de energ\u00edas renovables.<\/p>\n\n\n\n<p>La\u00a0primera estaci\u00f3n de servicio con energ\u00eda solar\u00a0en la ciudad de\u00a0La Plata\u00a0fue presentada en el marco de un programa firmado entre el municipio y la Federaci\u00f3n de Empresarios de Combustibles de Argentina, que busca el crecimiento sustentable y el cuidado del medio ambiente.<\/p>\n\n\n\n<p>\u201cEsto habla de una ciudad que avanza, moderna, que mira hacia el futuro\u201d, destacaron desde la comuna al presentar\u00a0la estaci\u00f3n ubicada en 122 y 70.<\/p>\n\n\n\n<p>En esa l\u00ednea, el titular del Instituto de Desarrollo Sostenible de La Plata,\u00a0Pablo Nicoletti, dijo que el objetivo es \u00abla construcci\u00f3n de una agenda que nos lleve a\u00a0una ciudad m\u00e1s sostenible, que apueste\u00a0al crecimiento sustentable, las energ\u00edas renovables y el cuidado del ambiente\u201d.<\/p>\n\n\n\n<p>La conversi\u00f3n del establecimiento, que ahora cuenta con una identificaci\u00f3n en reconocimiento a su aporte por la protecci\u00f3n del planeta, est\u00e1 enmarcada en el programa \u201cImpacto positivo a la comunidad\u201d que promueve la comuna.<\/p>\n\n\n\n<p>Seg\u00fan se inform\u00f3,\u00a0se trata de la primera estaci\u00f3n con esta tecnolog\u00eda en La Plata, algo que se replicar\u00e1 luego en otras sucursales gracias a un convenio firmado entre el Municipio y la Federaci\u00f3n de Empresarios de Combustibles de Argentina.<\/p>\n\n\n\n<p>\u201cCon \u2018Impacto positivo a la comunidad\u2019 damos un paso m\u00e1s, donde reconocemos a las empresas que se sumen a cuidar el ambiente, la econom\u00eda y tengan pol\u00edticas integradoras, y adem\u00e1s les damos beneficios\u201d, explic\u00f3 Nicoletti.<\/p>\n\n\n\n<p>Asimismo, acompa\u00f1ado por\u00a0Nicol\u00e1s Eli\u00e7abe, director general de IRAM, la instituci\u00f3n encargada de certificar que\u00a0el 30% de la energ\u00eda que utiliza la estaci\u00f3n proviene de energ\u00edas renovables, asegur\u00f3 que es necesario \u201csatisfacer las necesidades del presente sin comprometer las del futuro. Y eso lo logramos trabajando todos juntos\u201d.<\/p>\n\n\n\n<p>De acuerdo con lo informado por el municipio platense, el convenio con los propietarios de estaciones de servicio busca que los establecimientos de este tipo radicados en La Plata gestionen inversiones en energ\u00edas renovables.<\/p>\n\n\n\n<p>Estas acciones incluyen la instalaci\u00f3n de paneles solares para garantizar un 30 por ciento de la energ\u00eda de las sucursales, la reutilizaci\u00f3n de agua de lluvia para su uso en los sanitarios y el tratamiento de residuos y desechos.<\/p>\n\n\n\n<p>Por su parte, la comuna se compromete a brindar un descuento de hasta el 20% de lo que percibe del sector como pol\u00edtica general o particular en las tasas de Seguridad e Higiene, y\/o a evaluar la entrega de premios en mejora de indicadores urban\u00edsticos para reformas.<\/p>\n\n\n\n<p><\/p>\n\n\n\n<p><\/p>\n","protected":false},"excerpt":{"rendered":"<p>Las autoridades certificaron que el 30% de la energ\u00eda que utiliza la estaci\u00f3n de servicio proviene de energ\u00edas renovables. La\u00a0primera estaci\u00f3n de servicio con energ\u00eda solar\u00a0en la ciudad de\u00a0La Plata\u00a0fue presentada en el marco de un programa firmado entre el municipio y la Federaci\u00f3n de Empresarios de Combustibles de Argentina, que busca el crecimiento sustentable [&hellip;]<\/p>\n","protected":false},"author":1,"featured_media":5222,"comment_status":"closed","ping_status":"closed","sticky":false,"template":"","format":"standard","meta":{"footnotes":""},"categories":[1],"tags":[],"class_list":["post-5221","post","type-post","status-publish","format-standard","has-post-thumbnail","hentry","category-noticias"],"_links":{"self":[{"href":"https:\/\/epre.gov.ar\/web\/wp-json\/wp\/v2\/posts\/5221","targetHints":{"allow":["GET"]}}],"collection":[{"href":"https:\/\/epre.gov.ar\/web\/wp-json\/wp\/v2\/posts"}],"about":[{"href":"https:\/\/epre.gov.ar\/web\/wp-json\/wp\/v2\/types\/post"}],"author":[{"embeddable":true,"href":"https:\/\/epre.gov.ar\/web\/wp-json\/wp\/v2\/users\/1"}],"replies":[{"embeddable":true,"href":"https:\/\/epre.gov.ar\/web\/wp-json\/wp\/v2\/comments?post=5221"}],"version-history":[{"count":1,"href":"https:\/\/epre.gov.ar\/web\/wp-json\/wp\/v2\/posts\/5221\/revisions"}],"predecessor-version":[{"id":5223,"href":"https:\/\/epre.gov.ar\/web\/wp-json\/wp\/v2\/posts\/5221\/revisions\/5223"}],"wp:featuredmedia":[{"embeddable":true,"href":"https:\/\/epre.gov.ar\/web\/wp-json\/wp\/v2\/media\/5222"}],"wp:attachment":[{"href":"https:\/\/epre.gov.ar\/web\/wp-json\/wp\/v2\/media?parent=5221"}],"wp:term":[{"taxonomy":"category","embeddable":true,"href":"https:\/\/epre.gov.ar\/web\/wp-json\/wp\/v2\/categories?post=5221"},{"taxonomy":"post_tag","embeddable":true,"href":"https:\/\/epre.gov.ar\/web\/wp-json\/wp\/v2\/tags?post=5221"}],"curies":[{"name":"wp","href":"https:\/\/api.w.org\/{rel}","templated":true}]}}