{"id":5007,"date":"2022-06-14T12:53:00","date_gmt":"2022-06-14T12:53:00","guid":{"rendered":"https:\/\/epre.gov.ar\/web\/?p=5007"},"modified":"2022-06-15T13:49:11","modified_gmt":"2022-06-15T13:49:11","slug":"resolucion-no-116-2022","status":"publish","type":"post","link":"https:\/\/epre.gov.ar\/web\/resolucion-no-116-2022\/","title":{"rendered":"Resoluci\u00f3n N\u00ba 116 \/ 2022"},"content":{"rendered":"\n<p class=\"has-text-align-right\"><strong>ESOLUCI\u00d3N N\u00ba 116 EPRE<\/strong><br><strong>EXPTE. EPRE N\u00ba 292\/20<\/strong><br><strong>Paran\u00e1, 13 de junio de 2022<\/strong><\/p>\n\n\n\n<p><strong>VISTO:<\/strong><\/p>\n\n\n\n<p>El Art\u00edculo 33\u00ba de la Ley N\u00ba 8916 de Marco Regulatorio El\u00e9ctrico para la Provincia de Entre R\u00edos, los Art\u00edculos 18\u00ba a 22\u00ba de los Contratos de Concesi\u00f3n de las distribuidoras, aprobados por Decretos N\u00ba 734\/12 GOB para Energ\u00eda de Entre R\u00edos S. A. (ENERSA) y N\u00ba 1859\/13 MPIYS para las restantes distribuidoras cooperativas, y las Resoluciones EPRE N\u00ba 110\/13, 255\/20 y 59\/21 y;<\/p>\n\n\n\n<p><strong>CONSIDERANDO:<\/strong><\/p>\n\n\n\n<p>Que el Art\u00edculo 33\u00ba de la precitada ley establece que finalizado el per\u00edodo inicial de 5 (cinco) a\u00f1os, el Ente Provincial Regulador de la Energ\u00eda fijar\u00e1 nuevamente las tarifas por per\u00edodos sucesivos a los 5 (cinco) a\u00f1os. El c\u00e1lculo de las nuevas tarifas se efectuar\u00e1 de conformidad con lo establecido por los Art\u00edculos 30\u00ba y 31\u00ba y se fijar\u00e1n precios m\u00e1ximos de acuerdo a lo dispuesto por el Art\u00edculo precedente;<\/p>\n\n\n\n<p>Que el Art\u00edculo 19\u00b0 del Contrato de Concesi\u00f3n celebrado con la ENERSA S.A. y el Art\u00edculo 24\u00b0 celebrado con las Cooperativas, estipulan respectivamente que: \u201c<em>El Reglamento de Suministro, R\u00e9gimen Tarifario, Procedimientos para la Determinaci\u00f3n del Cuadro Tarifario y el Cuadro Tarifario definidos en los Anexos II, III, IV y V de este Contrato de Concesi\u00f3n ser\u00e1n de aplicaci\u00f3n desde la entrada en vigencia y hasta la realizaci\u00f3n de una Revisi\u00f3n Tarifaria que deber\u00e1 ser convocada por el EPRE. Los valores del Cuadro Tarifario a aplicar por las distribuidoras, se recalcular\u00e1n seg\u00fan lo establecido en el Anexo IV-Procedimiento para Determinaci\u00f3n del Nuevo Cuadro\u2026<\/em>\u201d;<\/p>\n\n\n\n<p>Que, por otra parte, el Art\u00edculo 22\u00ba del Contrato de Concesi\u00f3n celebrado con la ENERSA S.A. y el Art\u00edculo 27\u00b0 celebrado con las Cooperativas, estipulan respectivamente que el Plazo de Concesi\u00f3n comprender\u00e1 per\u00edodos de vigencia tarifaria de cinco a\u00f1os cada uno. A tales efectos se considerar\u00e1n los siguientes Per\u00edodos Tarifarios:<\/p>\n\n\n\n<figure class=\"wp-block-table\"><table><tbody><tr><td><strong>Per\u00edodo Tarifario<\/strong><\/td><td><strong>Inicio<\/strong><\/td><td><strong>Finalizaci\u00f3n<\/strong><\/td><\/tr><tr><td>1\u00ba<\/td><td>1\u00ba de Octubre de 2012 (ENERSA S.A) \u2013 1\u00b0 de Marzo de 2014 (Cooperativas)<\/td><td>30 de Junio de 2016<\/td><\/tr><tr><td>2\u00ba<\/td><td>1\u00ba de Julio de 2016<\/td><td>30 de Junio de 2021<\/td><\/tr><tr><td>3\u00ba<\/td><td>1\u00ba de Julio de 2021<\/td><td>30 de Junio de 2026<\/td><\/tr><tr><td>4\u00ba<\/td><td>1\u00ba de Julio de 2026<\/td><td>30 de Junio de 2031<\/td><\/tr><tr><td>5\u00ba<\/td><td>1\u00ba de Julio de 2031<\/td><td>30 de Junio de 2036<\/td><\/tr><\/tbody><\/table><\/figure>\n\n\n\n<p>Que por Resoluci\u00f3n EPRE N\u00b0 255 de fecha 17 de diciembre de 2020 se dispuso realizar la Revisi\u00f3n Tarifaria Quinquenal que tendr\u00eda vigencia para el periodo comprendido entre el 1\u00b0de julio de 2021 y el 30 de junio de 2026, se aprobaron los criterios de aplicaci\u00f3n para las propuestas que las Distribuidoras presenten ante el EPRE y se estableci\u00f3 como fecha l\u00edmite para la presentaci\u00f3n de las propuestas el d\u00eda 28 de febrero de 2021;<\/p>\n\n\n\n<p>Que la fecha l\u00edmite fue prorrogada por Resoluci\u00f3n EPRE N\u00ba 59\/21, estableci\u00e9ndose como nueva fecha l\u00edmite para la presentaci\u00f3n de las propuestas el d\u00eda 29 de abril de 2022, fundado ello en el marco de la situaci\u00f3n de emergencia sanitaria originada por la pandemia del COVID-19 que afect\u00f3 la normal actividad de las Distribuidoras, impidiendo realizar los estudios correspondientes y necesarios para la presentaci\u00f3n de propuestas;<\/p>\n\n\n\n<p>Que el Art\u00edculo 2\u00b0 de la Resoluci\u00f3n EPRE N\u00b0 59\/21 dej\u00f3 aclarado que las propuestas a presentar por las Distribuidoras deb\u00edan ser valorizadas en pesos argentinos al 31 de diciembre de 2021;<\/p>\n\n\n\n<p>Que as\u00ed, la convocatoria a Audiencia P\u00fablica, conforme lo establece el Art\u00edculo 36\u00ba de la Ley N\u00ba 8916, se fija para el d\u00eda 31 de agosto de 2022, a fin que durante el plazo de ley los usuarios\/consumidores del servicio p\u00fablico econ\u00f3mico el\u00e9ctrico provincial, puedan conocer las propuestas presentadas por las Distribuidoras que establecer\u00e1n las condiciones que regir\u00e1n el servicio p\u00fablico econ\u00f3mico el\u00e9ctrico hasta el 30 de junio de 2026 inclusive;<\/p>\n\n\n\n<p>Que es necesario designar quienes instruyan el proceso de la Revisi\u00f3n Tarifaria Integral (RTI), considerando pertinente designar a dos profesionales t\u00e9cnicos del propio Ente Regulador;<\/p>\n\n\n\n<p>Que a los fines de la defensa de los usuarios se considera conveniente convocar a la Direcci\u00f3n de Defensa al Consumidor y Lealtad Comercial de la Provincia de Entre R\u00edos a efectos de que, en forma coordinada con las Oficinas Municipales y la Defensor\u00eda del Pueblo de la Provincia, efect\u00faen la defensa de los usuarios\/consumidores;<\/p>\n\n\n\n<p>Que, adem\u00e1s de ello, se considera tambi\u00e9n conveniente y oportuno invitar al Colegio de Abogados de Entre R\u00edos y al Colegio de Ingenieros Especialistas de Entre R\u00edos, para que propongan profesionales del Derecho y de la Ingenier\u00eda, respectivamente, para que act\u00faen como Defensores de los usuarios\/consumidores;<\/p>\n\n\n\n<p>Que por Decreto N\u00ba 1127\/96 MEOSP se dispuso la intervenci\u00f3n de este Ente, atribuy\u00e9ndose al Interventor las facultades del Directorio, y que de conformidad al Decreto N\u00b0 168\/19 MPIS se ha designado Interventor del Organismo al Dr. Jos\u00e9 Carlos Halle, por lo que en cumplimiento de los deberes establecidos por los Art\u00edculos 33\u00ba y 36\u00ba y concordantes de la Ley N\u00ba 8916;<\/p>\n\n\n\n<p><strong>EL INTERVENTOR DEL EPRE<\/strong><\/p>\n\n\n\n<p><strong>R E S U E L V E:<\/strong><\/p>\n\n\n\n<p><strong>ARTICULO 1\u00b0<\/strong><strong>:<\/strong> Convocar a audiencia p\u00fablica para el d\u00eda 31 de agosto de 2022, a las 10:00 horas, a realizarse en el CENTRO DE CONVENCIONES PAPA FRANCISCO, sito en calle AV. LEOPOLDO HERRERA N\u00b0 1853 de la Ciudad de VILLAGUAY, con el objeto de tratar las propuestas presentadas por las Distribuidoras que establecer\u00e1n las condiciones que regir\u00e1n el servicio p\u00fablico econ\u00f3mico el\u00e9ctrico hasta el 30 de junio de 2026 inclusive;<\/p>\n\n\n\n<p><strong>ART\u00cdCULO 2\u00ba<\/strong><strong>:<\/strong> Disponer que la audiencia se lleve a cabo conforme al procedimiento establecido por el Reglamento de Audiencias P\u00fablicas del Ente Provincial Regulador de la Energ\u00eda, aprobado por Resoluci\u00f3n EPRE N\u00ba 110\/13.<\/p>\n\n\n\n<p><strong>ART\u00cdCULO 3\u00ba<\/strong><strong>:<\/strong> Designar Instructores de la Audiencia P\u00fablica al Dr. Alejandro Almar\u00e1 y al Dr. Pablo J. Franco.<\/p>\n\n\n\n<p><strong>ARTICULO 4\u00ba<\/strong><strong>:<\/strong> Invitar a la Direcci\u00f3n de Defensa al Consumidor y Lealtad Comercial de la Provincia de Entre R\u00edos a efectos de que en forma conjunta, alternada o separada con las OMIC\u00b4s y\/o las Defensor\u00eda del Pueblo Municipales, asuman y efect\u00faen la defensa de los intereses de los usuarios\/consumidores del servicio el\u00e9ctrico provincial.<\/p>\n\n\n\n<p><strong>ART\u00cdCULO 5\u00ba<\/strong><strong>:<\/strong> Invitar al Colegio de la Abogac\u00eda de Entre R\u00edos y al Colegio de Ingenieros Especialistas de Entre R\u00edos, para que propongan profesionales del Derecho y de la Ingenier\u00eda, respectivamente, para que act\u00faen como defensores de los usuarios\/consumidores, en conjunto o separadamente de los organismos designados en el Art\u00edculo 4\u00ba.<\/p>\n\n\n\n<p><strong>ARTICULO 6\u00ba<\/strong><strong>:<\/strong> Publicar la convocatoria en dos (2) diarios por el t\u00e9rmino de un (1) d\u00eda respectivamente; a saber, en un diario de circulaci\u00f3n provincial y en otro diario de Villaguay (sede de la audiencia). En la publicaci\u00f3n se har\u00e1n constar los recaudos previstos en el art. 12 de la Resoluci\u00f3n EPRE N\u00b0 110\/13.<\/p>\n\n\n\n<p><strong>ART\u00cdCULO 7\u00ba<\/strong><strong>:<\/strong> Registrar, publicar por 3 (tres) d\u00edas en el Bolet\u00edn Oficial, en la p\u00e1gina Web del EPRE, ordenar a las Distribuidoras El\u00e9ctricas para que lo publiquen en sus respectivas p\u00e1ginas Web y en sus oficinas comerciales, notificar al Sr. Gobernador de la Provincia, a las Distribuidoras El\u00e9ctricas de la Provincia, a la Secretaria Ministerial de Energ\u00eda de la Provincia, a la Fiscal\u00eda de Estado, a la Escriban\u00eda Mayor de Gobierno, a la Direcci\u00f3n de Defensa al Consumidor y Lealtad Comercial de la Provincia, al Colegio de la Abogac\u00eda de Entre R\u00edos y al Colegio de Ingenieros Especialistas y, oportunamente, archivar.<\/p>\n\n\n\n<p class=\"has-text-align-center\"><em><u>Dr. Jos\u00e9 Carlos Halle<\/u><\/em><br><em><u>Interventor EPRE<\/u><\/em><\/p>\n","protected":false},"excerpt":{"rendered":"<p>ESOLUCI\u00d3N N\u00ba 116 EPREEXPTE. EPRE N\u00ba 292\/20Paran\u00e1, 13 de junio de 2022 VISTO: El Art\u00edculo 33\u00ba de la Ley N\u00ba 8916 de Marco Regulatorio El\u00e9ctrico para la Provincia de Entre R\u00edos, los Art\u00edculos 18\u00ba a 22\u00ba de los Contratos de Concesi\u00f3n de las distribuidoras, aprobados por Decretos N\u00ba 734\/12 GOB para Energ\u00eda de Entre R\u00edos [&hellip;]<\/p>\n","protected":false},"author":1,"featured_media":1940,"comment_status":"open","ping_status":"closed","sticky":false,"template":"","format":"standard","meta":{"footnotes":""},"categories":[8],"tags":[],"class_list":["post-5007","post","type-post","status-publish","format-standard","has-post-thumbnail","hentry","category-resoluciones"],"_links":{"self":[{"href":"https:\/\/epre.gov.ar\/web\/wp-json\/wp\/v2\/posts\/5007","targetHints":{"allow":["GET"]}}],"collection":[{"href":"https:\/\/epre.gov.ar\/web\/wp-json\/wp\/v2\/posts"}],"about":[{"href":"https:\/\/epre.gov.ar\/web\/wp-json\/wp\/v2\/types\/post"}],"author":[{"embeddable":true,"href":"https:\/\/epre.gov.ar\/web\/wp-json\/wp\/v2\/users\/1"}],"replies":[{"embeddable":true,"href":"https:\/\/epre.gov.ar\/web\/wp-json\/wp\/v2\/comments?post=5007"}],"version-history":[{"count":1,"href":"https:\/\/epre.gov.ar\/web\/wp-json\/wp\/v2\/posts\/5007\/revisions"}],"predecessor-version":[{"id":5008,"href":"https:\/\/epre.gov.ar\/web\/wp-json\/wp\/v2\/posts\/5007\/revisions\/5008"}],"wp:featuredmedia":[{"embeddable":true,"href":"https:\/\/epre.gov.ar\/web\/wp-json\/wp\/v2\/media\/1940"}],"wp:attachment":[{"href":"https:\/\/epre.gov.ar\/web\/wp-json\/wp\/v2\/media?parent=5007"}],"wp:term":[{"taxonomy":"category","embeddable":true,"href":"https:\/\/epre.gov.ar\/web\/wp-json\/wp\/v2\/categories?post=5007"},{"taxonomy":"post_tag","embeddable":true,"href":"https:\/\/epre.gov.ar\/web\/wp-json\/wp\/v2\/tags?post=5007"}],"curies":[{"name":"wp","href":"https:\/\/api.w.org\/{rel}","templated":true}]}}