{"id":4992,"date":"2022-05-06T11:56:38","date_gmt":"2022-05-06T11:56:38","guid":{"rendered":"https:\/\/epre.gov.ar\/web\/?p=4992"},"modified":"2022-05-06T11:56:40","modified_gmt":"2022-05-06T11:56:40","slug":"argentina-y-uruguay-avanzan-en-su-integracion-energetica","status":"publish","type":"post","link":"https:\/\/epre.gov.ar\/web\/argentina-y-uruguay-avanzan-en-su-integracion-energetica\/","title":{"rendered":"Argentina y Uruguay avanzan en su integraci\u00f3n energ\u00e9tica"},"content":{"rendered":"\n<p>El secretario de Energ\u00eda, Dar\u00edo Mart\u00ednez, realiz\u00f3 un encuentro de trabajo junto al ministro de Industria, Energ\u00eda y Miner\u00eda de Uruguay, Omar Paganini y al embajador Carlos Enciso, quienes encabezaron una delegaci\u00f3n de las principales autoridades en materia energ\u00e9tica de la vecina rep\u00fablica.<\/p>\n\n\n\n<p>Con el objetivo de profundizar la cooperaci\u00f3n energ\u00e9tica entre Argentina y Uruguay, el secretario de Energ\u00eda, Dar\u00edo Mart\u00ednez, mantuvo un encuentro con el ministro de Industria, Energ\u00eda y Miner\u00eda de Uruguay, Omar Paganini, y con el embajador uruguayo en nuestro pa\u00eds, Carlos Enciso.<\/p>\n\n\n\n<p>\u201cEsperamos que este primer encuentro sea el comienzo de una agenda de definiciones que nos permita integrar en materia energ\u00e9tica a la Argentina y a Uruguay\u201d expres\u00f3 Mart\u00ednez al inicio de la jornada de trabajo.<\/p>\n\n\n\n<p>En relaci\u00f3n al eje del encuentro, explic\u00f3 que \u201cDe manera similar a como lo hemos hecho recientemente con Chile, la intenci\u00f3n es abrirle las puertas a Uruguay con las distintas \u00e1reas de cada uno de nuestros organismos para que podamos trabajar en conjunto, para ver c\u00f3mo complementarnos para lograr una sinergia entre las capacidades de nuestras dos naciones\u201d.<\/p>\n\n\n\n<p>En un sentido similar, el ministro Paganini coment\u00f3: \u201cVinimos con una delegaci\u00f3n de Uruguay para explorar la posibilidad de avanzar en el intercambio y la integraci\u00f3n energ\u00e9tica regional, tanto en electricidad como en materia de combustibles\u201d.<\/p>\n\n\n\n<p>El ministro contextualiz\u00f3 la relaci\u00f3n energ\u00e9tica en el marco de regi\u00f3n y las fortalezas complementarias, al respecto destac\u00f3 que \u201cEn electricidad Uruguay tiene mucha generaci\u00f3n renovable, puede exportar; Argentina tiene todo el potencial del desarrollo gas\u00edfero\u201d. Y agreg\u00f3: \u201cEl sur est\u00e1 muy integrado a trav\u00e9s de distintas interconexiones entre Uruguay, Argentina y Brasil, entonces, la idea de avanzar en la integraci\u00f3n energ\u00e9tica regional que nos parece al alcance de la mano\u201d.<\/p>\n\n\n\n<p>A su turno, el embajador Carlos Enciso, evalu\u00f3 el intercambio como \u201cmuy positivo\u201d y lo consider\u00f3 como la continuidad de un trabajo ya iniciado con la Secretar\u00eda de Energ\u00eda argentina: \u201cEn su momento visitamos al secretario Dar\u00edo Mart\u00ednez y qued\u00f3 la posibilidad de hacer un encuentro presencial con nuestras jerarqu\u00edas principales para conversar sobre los temas de agenda binacional para trabajar en la profundizaci\u00f3n de la integraci\u00f3n energ\u00e9tica\u201d.<br>El secretario agradeci\u00f3 \u201cla presencia de las principales autoridades de Uruguay con el objetivo de crear una instancia de dialogo en materia de cooperaci\u00f3n energ\u00e9tica y poder asumir en forma conjunta el desaf\u00edo de mejorar la calidad de vida de nuestros pueblos\u201d.<\/p>\n\n\n\n<p>Mart\u00ednez y Paganini pusieron en contacto a las responsables de la administraci\u00f3n de las distintas \u00e1reas energ\u00e9ticas de ambos pa\u00edses, tanto en el \u00e1mbito de la generaci\u00f3n y transmisi\u00f3n el\u00e9ctrica como en materia de hidrocarburos y acordaron el trabajo de los \u00e1mbitos t\u00e9cnicos para avanzar en una agenda com\u00fan que permita establecer mecanismos de cooperaci\u00f3n y afianzar la integraci\u00f3n energ\u00e9tica entre la Argentina y Uruguay.<\/p>\n\n\n\n<p>Entre los temas abordados se mencion\u00f3 el estado de la interconexi\u00f3n el\u00e9ctrica y el intercambio de energ\u00eda, as\u00ed como las posibilidades de vender gas mediante contratos en firme o interrumpibles entre IEASA y ANCAP.<\/p>\n\n\n\n<p>La delegaci\u00f3n uruguaya estuvo compuesta por integrantes del Ministerio de Industria, Energ\u00eda y Miner\u00eda junto con las principales autoridades de las empresas p\u00fablicas que intervienen en los sectores de los hidrocarburos y la electricidad: UTE (Administraci\u00f3n Nacional de Usinas y Trasmisiones El\u00e9ctricas) y ADME (Administraci\u00f3n del Mercado El\u00e9ctrico).<\/p>\n\n\n\n<p>Por parte del ministerio tambi\u00e9n estuvieron Walter Verri, subsecretario y Fitzgerald Cantero Piali, Director Nacional de Energ\u00eda. ANCAP estuvo representada por su presidente, Alejandro Stipanicic, junto con Ignacio Horvath, Gerente General y Ruben Schiavo , Sub Gerente General de Asuntos Estrat\u00e9gicos. Mientras que por UTE estuvieron Silvia Emaldi, Presidenta y Javier San Cristobal, Gerente general. Finalmente, por ADME estuvo Ruben Chaer, Gerente T\u00e9cnico y de Despacho Nacional de Cargas.<\/p>\n\n\n\n<p>El secretario Mart\u00ednez recibi\u00f3 a las autoridades uruguayas acompa\u00f1ado por Maggie Videla, subsecretaria de Hidrocarburos; Santiago Yanotti, vicepresidente de CAMMESA; Ariel Kogan, asesor presidencial en temas de energ\u00eda y Mariela Korenblum, asesora de la Subsecretar\u00eda de Energ\u00eda El\u00e9ctrica.<\/p>\n","protected":false},"excerpt":{"rendered":"<p>El secretario de Energ\u00eda, Dar\u00edo Mart\u00ednez, realiz\u00f3 un encuentro de trabajo junto al ministro de Industria, Energ\u00eda y Miner\u00eda de Uruguay, Omar Paganini y al embajador Carlos Enciso, quienes encabezaron una delegaci\u00f3n de las principales autoridades en materia energ\u00e9tica de la vecina rep\u00fablica. Con el objetivo de profundizar la cooperaci\u00f3n energ\u00e9tica entre Argentina y Uruguay, [&hellip;]<\/p>\n","protected":false},"author":1,"featured_media":4993,"comment_status":"open","ping_status":"closed","sticky":false,"template":"","format":"standard","meta":{"footnotes":""},"categories":[1],"tags":[],"class_list":["post-4992","post","type-post","status-publish","format-standard","has-post-thumbnail","hentry","category-noticias"],"_links":{"self":[{"href":"https:\/\/epre.gov.ar\/web\/wp-json\/wp\/v2\/posts\/4992","targetHints":{"allow":["GET"]}}],"collection":[{"href":"https:\/\/epre.gov.ar\/web\/wp-json\/wp\/v2\/posts"}],"about":[{"href":"https:\/\/epre.gov.ar\/web\/wp-json\/wp\/v2\/types\/post"}],"author":[{"embeddable":true,"href":"https:\/\/epre.gov.ar\/web\/wp-json\/wp\/v2\/users\/1"}],"replies":[{"embeddable":true,"href":"https:\/\/epre.gov.ar\/web\/wp-json\/wp\/v2\/comments?post=4992"}],"version-history":[{"count":1,"href":"https:\/\/epre.gov.ar\/web\/wp-json\/wp\/v2\/posts\/4992\/revisions"}],"predecessor-version":[{"id":4994,"href":"https:\/\/epre.gov.ar\/web\/wp-json\/wp\/v2\/posts\/4992\/revisions\/4994"}],"wp:featuredmedia":[{"embeddable":true,"href":"https:\/\/epre.gov.ar\/web\/wp-json\/wp\/v2\/media\/4993"}],"wp:attachment":[{"href":"https:\/\/epre.gov.ar\/web\/wp-json\/wp\/v2\/media?parent=4992"}],"wp:term":[{"taxonomy":"category","embeddable":true,"href":"https:\/\/epre.gov.ar\/web\/wp-json\/wp\/v2\/categories?post=4992"},{"taxonomy":"post_tag","embeddable":true,"href":"https:\/\/epre.gov.ar\/web\/wp-json\/wp\/v2\/tags?post=4992"}],"curies":[{"name":"wp","href":"https:\/\/api.w.org\/{rel}","templated":true}]}}