{"id":491,"date":"2006-02-28T18:33:02","date_gmt":"2006-02-28T18:33:02","guid":{"rendered":"http:\/\/epre.gov.ar\/web\/?p=491"},"modified":"2018-10-31T14:37:05","modified_gmt":"2018-10-31T14:37:05","slug":"resolucion-no-037","status":"publish","type":"post","link":"https:\/\/epre.gov.ar\/web\/resolucion-no-037\/","title":{"rendered":"Resoluci\u00f3n N\u00ba 037\/06"},"content":{"rendered":"<p style=\"text-align: right;\"><strong>PARANA, 28 DE FEBRERO DE\u00a0 2006<\/strong><br \/>\n<strong>El Expediente EPRE N\u00ba 026\/06<\/strong><\/p>\n<p style=\"text-align: justify;\"><strong>VISTO:<\/strong><\/p>\n<p style=\"text-align: justify;\"><!--more--><strong>CONSIDERANDO:<\/strong><\/p>\n<p style=\"text-align: justify;\">Que la Empresa Energ\u00eda de Entre R\u00edos -ENERSA- ha presentado para su aprobaci\u00f3n el nuevo Cuadro Tarifario a partir del 1\u00b0 de\u00a0 Febrero de 2006;<\/p>\n<p style=\"text-align: justify;\">Que de acuerdo a lo dispuesto en el Decreto N\u00b0 2154\/05 MGJEOSP en su Art\u00edculo 4\u00b0 establece \u201chasta tanto se determinen las condiciones de la Concesi\u00f3n a ENERSA, \u00e9sta se desempe\u00f1ar\u00e1 bajo los mismos t\u00e9rminos y condiciones del Contrato de Concesi\u00f3n que fuera otorgado a la anterior Concesionaria EDEERSA\u201d;<\/p>\n<p style=\"text-align: justify;\">Que conforme a lo dispuesto por el Art\u00edculo 79\u00ba, segundo p\u00e1rrafo del Decreto N\u00ba1300\/96, dicho Cuadro resultar\u00e1 aplicable a todas las Distribuidoras Concesionarias del Servicio P\u00fablico de Electricidad, en car\u00e1cter de Cuadro Tarifario Provincial;<\/p>\n<p style=\"text-align: justify;\">Que a tal efecto deben tenerse en cuenta:<\/p>\n<p style=\"text-align: justify;\">1.Los precios de la energ\u00eda y potencia que surgen de la Reprogramaci\u00f3n Estacional de Verano para el per\u00edodo Febrero-Abril de 2006, aprobada mediante Resoluci\u00f3n N\u00ba 172\/06 que mantuvo vigentes los precios sancionados por las Resoluciones Nros. 1434 y 1676\/2004 SE;<\/p>\n<p style=\"text-align: justify;\">2.La\u00a0 Resoluci\u00f3n N\u00b0 1434\/2004 SE ha establecido cinco precios mayoristas para los distintos sectores del Mercado El\u00e9ctrico, introduciendo una nueva apertura a lo resuelto oportunamente por las Resoluciones N\u00b0 93 y 824\/2004 SE, para las demandas destinadas al Alumbrado P\u00fablico;<\/p>\n<p style=\"text-align: justify;\">3.El reconocimiento de las variaciones en el c\u00e1lculo del Fondo Nacional de la Energ\u00eda El\u00e9ctrica, establecido en la Ley N\u00b0 25957 y Res N\u00b0 1061\/05 para la facturaci\u00f3n que se emita a partir de Agosto de 2005;<\/p>\n<p style=\"text-align: justify;\">4.El reconocimiento del cargo tarifario identificado como \u201cCARGO TRANSITORIO PARA LA CONFORMACI\u00d3N DEL FONINVEMEM\u201d creado por Resoluci\u00f3n N\u00b0 1866 SE;<\/p>\n<p style=\"text-align: justify;\">5.El reconocimiento del canon correspondiente a la construcci\u00f3n de las Ampliaciones del Sistema de Transporte. En este aspecto cabe recordar que si bien los ajustes por aplicaci\u00f3n del Coeficiente de Estabilizaci\u00f3n de Referencia (CER), autorizados por el ENRE, son objetados ante el citado Organismo, tal cuesti\u00f3n excede a la Distribuidora, siendo aplicable en este caso lo dispuesto por el\u00a0 Art\u00edculo 30\u00ba, inciso c) de la Ley N\u00ba 8916. Sobre este \u00edtem se puntualiza la autorizaci\u00f3n efectuada por el EPRE mediante Resoluci\u00f3n N\u00b0 159\/05, para que ENERSA efect\u00fae los pagos correspondientes;<\/p>\n<p style=\"text-align: justify;\">6.La solicitud efectuada por ENERSA, mediante RN N\u00b0 238\/06, a incluir en el Cuadro Tarifario los costos de la ampliaci\u00f3n de la capacidad de transporte\u00a0 que consiste en la provisi\u00f3n, puesta en servicio, operaci\u00f3n y mantenimiento de un Tercer Transformador de 500\/132\/13,2 kV de 300\/300\/100 MVA y un Campo de Salida de 132 kV para la futura L\u00ednea de Santo Tom\u00e9-Calchines en la ET Santo Tom\u00e9; obras ubicadas en la Provincia de Santa Fe;<\/p>\n<p style=\"text-align: justify;\">7.La vigencia de la Resoluci\u00f3n N\u00b0 22\/06 EPRE que modific\u00f3 par\u00e1metros de los Procedimientos para la Determinaci\u00f3n del Cuadro Tarifario, vigentes por las Resoluciones Nros. 107\/01 y 155\/04;<\/p>\n<p style=\"text-align: justify;\">8.La disminuci\u00f3n en la al\u00edcuota del Impuesto a los Ingresos Brutos establecida en el Decreto N\u00b0 9182\/05 MEHF, que alcanza a las Empresas Prestadoras de Servicios de Electricidad, Tel\u00e9fono y Gas Natural;<\/p>\n<p style=\"text-align: justify;\">9.La no indexaci\u00f3n de los costos de distribuci\u00f3n y de comercializaci\u00f3n por imperio del Decreto N\u00b0 424\/2002 de la Provincia de Entre R\u00edos;<\/p>\n<p style=\"text-align: justify;\">10.La utilizaci\u00f3n del Fondo de Estabilizaci\u00f3n de Precios Estacionales FEPE;<\/p>\n<p style=\"text-align: justify;\">11.El mantenimiento en las mismas condiciones a las actuales del Fondo Compensador de Tarifas;<\/p>\n<p style=\"text-align: justify;\">Que se han producido los correspondientes dict\u00e1menes t\u00e9cnico y legal, obrantes en el expediente de la referencia a fs. 79 y 103 respectivamente;<\/p>\n<p style=\"text-align: justify;\">Que el ENTE PROVINCIAL REGULADOR DE LA ENERG\u00cdA est\u00e1 facultado para el dictado de la presente, en virtud de lo dispuesto en los Art\u00edculos 48\u00ba inciso b) y 56\u00ba inciso g) de la Ley N\u00ba 8.916 y en el Subanexo 2 del Contrato de Concesi\u00f3n de la Distribuidora \u00abEDEER S.A.\u00bb;<\/p>\n<p style=\"text-align: justify;\">Que por Decreto N\u00ba 1127\/96 se ha dispuesto la Intervenci\u00f3n del Ente, por lo que en uso de sus facultades;<\/p>\n<p style=\"text-align: justify;\"><strong>EL INTERVENTOR DEL EPRE<\/strong><br \/>\n<strong>RESUELVE :<\/strong><\/p>\n<p style=\"text-align: justify;\"><strong>ARTICULO 1\u00ba:<\/strong> Considerar de aplicaci\u00f3n los precios mayoristas establecidos en el Anexo XIII \u2013 Resoluci\u00f3n N\u00ba 1676\/04 y Art\u00edculo 8\u00b0 de la Resoluci\u00f3n N\u00ba 1434\/04 SE a todos los usuarios considerados como Tarifa 1 Uso Residencial, Urbano y Rural del Cuadro Tarifario Provincial.<\/p>\n<p style=\"text-align: justify;\"><strong>ARTICULO 2\u00ba:<\/strong> Considerar de aplicaci\u00f3n los Precios Mayoristas establecidos en el Anexo XV \u2013 Resoluci\u00f3n N\u00ba 1676\/04 y Art\u00edculo 9\u00b0 de la Resoluci\u00f3n N\u00ba 1434\/04 SE a todos los usuarios considerados como Tarifa 4 Alumbrado P\u00fablico del Cuadro Tarifario Provincial.<\/p>\n<p style=\"text-align: justify;\"><strong>ARTICULO 3\u00ba:<\/strong> Considerar de aplicaci\u00f3n los Precios Mayoristas establecidos en el Anexo XVII \u2013 Resoluci\u00f3n N\u00ba 1676\/04 y Art\u00edculo 10\u00b0 de la Resoluci\u00f3n N\u00ba 1434\/04 SE a todos los usuarios considerados como Tarifa 1 Uso No Residencial, Urbano y Rural del Cuadro Tarifario Provincial, con consumos que no superen los 3954 kWh-mes.<\/p>\n<p style=\"text-align: justify;\"><strong>ARTICULO 4\u00ba:<\/strong> Considerar de aplicaci\u00f3n los Precios Mayoristas establecidos en el Art\u00edculo 11\u00b0 de la Resoluci\u00f3n N\u00ba 1434\/04 SE a todos los usuarios con demandas mayores a 300 kW, ya sean de Grandes Demandas, Peaje y Peaje en un Solo Nivel de Tensi\u00f3n del Cuadro Tarifario Provincial.<\/p>\n<p style=\"text-align: justify;\"><strong>ARTICULO 5\u00ba:<\/strong> Considerar de aplicaci\u00f3n los Precios Mayoristas establecidos en el Anexo VII \u2013 Resoluci\u00f3n N\u00ba 1676\/04 y Art\u00edculo 2\u00b0 y 4\u00b0 de la Resoluci\u00f3n N\u00ba 1434\/04 SE al resto de los usuarios no comprendidos en los Art\u00edculos 1\u00b0, 2\u00b0, 3\u00b0 y 4\u00b0 de la presente del Cuadro Tarifario Provincial.<\/p>\n<p style=\"text-align: justify;\"><strong>ARTICULO 6\u00ba:<\/strong> Considerar de aplicaci\u00f3n la Resoluci\u00f3n N\u00ba 172\/06 SE que mantuvo vigentes los precios sancionados por las Resoluciones Nros. 1434 y 1676\/2004 SE.<\/p>\n<p style=\"text-align: justify;\"><strong>ARTICULO 7\u00ba:<\/strong> Para la facturaci\u00f3n en Tarifa 5 \u2013 Otros Distribuidores Provinciales, los Distribuidores considerar\u00e1n la\u00a0 composici\u00f3n de venta incluyendo las p\u00e9rdidas del punto de suministro, seg\u00fan la siguiente apertura:<br \/>\nkWh en Tarifa 1 Uso Residencial Urbano y Rural<br \/>\nkWh en Tarifa 4 Alumbrado Publico.<br \/>\nkWh en Tarifa 1 Uso No Residencial Urbano y Rural con consumos que no superen los 3954 kWh-mes<br \/>\nkWh\u00a0 en Tarifa 3 con potencias facturadas mayor o igual a 300 kW<br \/>\nkWh Resto<\/p>\n<p style=\"text-align: justify;\"><strong>ARTICULO 8\u00ba:<\/strong> Toda la informaci\u00f3n necesaria para la correcta aplicaci\u00f3n de la Resoluci\u00f3n N\u00b0 93\/2004 SE, Resoluci\u00f3n N\u00b0 842\/2004 SE, Resoluci\u00f3n N\u00ba 1434\/2004 SE y las que en el futuro se emitan sobre este t\u00f3pico, ser\u00e1 previamente informada ante el EPRE por todas las Distribuidoras Provinciales, incluyendo aquellas que operan en el Mercado El\u00e9ctrico Mayorista -MEM- como Agentes de Mercado.<\/p>\n<p style=\"text-align: justify;\"><strong>ARTICULO 9\u00ba:<\/strong> Mantener los par\u00e1metros tarifarios para los usuarios que encuadren como T1 Uso No Residencial con consumos que superen los 3954 kWh-mes, definidos en la Resoluci\u00f3n N\u00b0 079\/04 EPRE.<\/p>\n<p style=\"text-align: justify;\"><strong>ARTICULO 10\u00ba:<\/strong> Aprobar el traslado a tarifa de los costos asociados a la ampliaci\u00f3n de la capacidad de transporte\u00a0 generados por la construcci\u00f3n, puesta en servicio, operaci\u00f3n y mantenimiento de un Tercer Transformador de 500\/132\/13,2 kV de 300\/300\/100 MVA y un Campo de Salida de 132 kV para la futura l\u00ednea de Santo Tom\u00e9-Calchines en la E.T. Santo Tom\u00e9.<\/p>\n<p style=\"text-align: justify;\"><strong>ARTICULO 11\u00ba:<\/strong> Establecer que, &#8211; por resultar el acceso a la disminuci\u00f3n de la al\u00edcuota del Impuesto a los Ingresos Brutos facultativo del contribuyente que re\u00fane las condiciones para acceder al beneficio -, las Distribuidoras que opten por tal beneficio, deber\u00e1n informar tal situaci\u00f3n al EPRE, y trasladar explicitamente en su facturaci\u00f3n al usuario final dicha reducci\u00f3n en su justa proporci\u00f3n.<\/p>\n<p style=\"text-align: justify;\"><strong>ARTICULO 12\u00ba:<\/strong> Aprobar los Valores del Cuadro Tarifario Provincial, contenidos en el ANEXO I de la presente Resoluci\u00f3n, de la que forma parte integrante, con vigencia a partir de la facturaci\u00f3n correspondiente a la lectura de medidores posteriores a la cero hora del 1\u00b0 de Febrero de 2006, los que ser\u00e1n de aplicaci\u00f3n para todas las Distribuidoras.<\/p>\n<p style=\"text-align: justify;\"><strong>ARTICULO 13\u00ba:<\/strong> Registrar, notificar, publicar en el Bolet\u00edn Oficial y archivar.<\/p>\n","protected":false},"excerpt":{"rendered":"<p>PARANA, 28 DE FEBRERO DE\u00a0 2006 El Expediente EPRE N\u00ba 026\/06 VISTO:<\/p>\n","protected":false},"author":1,"featured_media":0,"comment_status":"open","ping_status":"closed","sticky":false,"template":"","format":"standard","meta":{"footnotes":""},"categories":[8],"tags":[],"class_list":["post-491","post","type-post","status-publish","format-standard","hentry","category-resoluciones"],"_links":{"self":[{"href":"https:\/\/epre.gov.ar\/web\/wp-json\/wp\/v2\/posts\/491","targetHints":{"allow":["GET"]}}],"collection":[{"href":"https:\/\/epre.gov.ar\/web\/wp-json\/wp\/v2\/posts"}],"about":[{"href":"https:\/\/epre.gov.ar\/web\/wp-json\/wp\/v2\/types\/post"}],"author":[{"embeddable":true,"href":"https:\/\/epre.gov.ar\/web\/wp-json\/wp\/v2\/users\/1"}],"replies":[{"embeddable":true,"href":"https:\/\/epre.gov.ar\/web\/wp-json\/wp\/v2\/comments?post=491"}],"version-history":[{"count":3,"href":"https:\/\/epre.gov.ar\/web\/wp-json\/wp\/v2\/posts\/491\/revisions"}],"predecessor-version":[{"id":3836,"href":"https:\/\/epre.gov.ar\/web\/wp-json\/wp\/v2\/posts\/491\/revisions\/3836"}],"wp:attachment":[{"href":"https:\/\/epre.gov.ar\/web\/wp-json\/wp\/v2\/media?parent=491"}],"wp:term":[{"taxonomy":"category","embeddable":true,"href":"https:\/\/epre.gov.ar\/web\/wp-json\/wp\/v2\/categories?post=491"},{"taxonomy":"post_tag","embeddable":true,"href":"https:\/\/epre.gov.ar\/web\/wp-json\/wp\/v2\/tags?post=491"}],"curies":[{"name":"wp","href":"https:\/\/api.w.org\/{rel}","templated":true}]}}