{"id":489,"date":"2006-06-30T18:25:02","date_gmt":"2006-06-30T18:25:02","guid":{"rendered":"http:\/\/epre.gov.ar\/web\/?p=489"},"modified":"2018-10-31T14:40:26","modified_gmt":"2018-10-31T14:40:26","slug":"resolucion-no-117","status":"publish","type":"post","link":"https:\/\/epre.gov.ar\/web\/resolucion-no-117\/","title":{"rendered":"Resoluci\u00f3n N\u00ba 117\/06"},"content":{"rendered":"<p style=\"text-align: right;\"><strong>30 de Junio de 2006<br \/>\n<\/strong><strong>EXPTE. N\u00ba\u00a0 048\/06\u00a0 EPRE.-<\/strong><\/p>\n<p><strong>VISTO:<\/strong><\/p>\n<p>El Expediente EPRE N\u00b0 048\/06, el Decreto No 2154\/05 MGJEOSP; y<\/p>\n<p style=\"text-align: justify;\"><!--more--><strong>CONSIDERANDO:<\/strong><\/p>\n<p style=\"text-align: justify;\">Que la Empresa Energ\u00eda de Entre R\u00edos -ENERSA\u00bb ha presentado para su aprobaci\u00f3n un nuevo Cuadro Tarifario a partir del 1\u00b0 de Mayo de 2006;<\/p>\n<p style=\"text-align: justify;\">Que de acuerdo a lo dispuesto en el Decreto No 2154\/05 MGJEOSP en su Art\u00edculo 4\u00b0 establece \u00abhasta tanto se determinen las condiciones de la Concesi\u00f3n a ENERSA, \u00e9sta se desempe\u00f1ar\u00e1 bajo los mismos t\u00e9rminos y condiciones del Contrato de Concesi\u00f3n que fuera otorgado a la anterior Concesionaria EDEERSA?;<\/p>\n<p style=\"text-align: justify;\">Que conforme a lo dispuesto por el Art\u00edculo 79\u00b0, segundo p\u00e1rrafo del Decreto N\u00b0 1300\/96, dicho Cuadro resultar\u00e1 aplicable a todas las Distribuidoras Concesionarias del Servicio P\u00fablico de Electricidad, en car\u00e1cter de Cuadro Tarifario Provincial;<\/p>\n<p style=\"text-align: justify;\">Que a tal efecto deben tenerse en cuenta:<\/p>\n<p style=\"text-align: justify;\">1.Que la Secretar\u00eda de Energ\u00eda de la Naci\u00f3n no ha emitido hasta la fecha Resoluci\u00f3n aprobatoria de la Programaci\u00f3n Estacional de Invierno para el per\u00edodo Mayo-Octubre de 2006;<\/p>\n<p style=\"text-align: justify;\">2.Que la Distribuidora ENERSA ha solicitado con fecha 22 de junio del corriente que se recalcule el Cuadro Tarifario Provincial con los precios estacionales vigentes para el per\u00edodo Febrero-Abril de 2006 seg\u00fan lo establecen los Procedimientos para la Programaci\u00f3n de la operaci\u00f3n, el Despacho de Cargas y el C\u00e1lculo de Precios del Mercado El\u00e9ctrico Mayorista;<\/p>\n<p style=\"text-align: justify;\">3.Que el Departamento Legal del EPRE ha dictaminado que dadas las caracter\u00edsticas especiales del per\u00edodo, corresponde la autorizaci\u00f3n a la utilizaci\u00f3n de lo establecido en los Procedimientos del MEM y proceder\u00a0 la actualizaci\u00f3n del Cuadro Tarifario a partir del 1\u00b0 de julio de presente a\u00f1o;<br \/>\n4.Que ante la publicaci\u00f3n de la Programaci\u00f3n Estacional posterior a la presentaci\u00f3n de ENERSA, \u00e9sta ha ratificado su original ponencia;<\/p>\n<p style=\"text-align: justify;\">5.Los precios de la energ\u00eda y potencia que surgen de la Reprogramaci\u00f3n Estacional de Verano para el per\u00edodo Febrero-Abril de 2006, aprobada mediante Resoluci\u00f3n No 172\/06 que mantuvo vigentes los precios sancionados por las Resoluciones Nros. 1434 y 1676\/2004 SE;<\/p>\n<p style=\"text-align: justify;\">6.La Resoluci\u00f3n No 1434\/2004 SE ha establecido cinco precios mayoristas para los distintos sectores del Mercado El\u00e9ctrico, introduciendo una nueva apertura a lo resuelto oportunamente por las Resoluciones No 93 y 824\/2004 SE, para las demandas destinadas al Alumbrado P\u00fablico;<\/p>\n<p style=\"text-align: justify;\">7.El reconocimiento de las variaciones en el c\u00e1lculo del Fondo Nacional de la Energ\u00eda El\u00e9ctrica, establecido en la Ley N\u00b0 25957 y Re N\u00b0 1061\/05 para la facturaci\u00f3n que se emita a partir de noviembre de 2005;<\/p>\n<p style=\"text-align: justify;\">8.El reconocimiento del cargo tarifario identificado como \u00abCARGO TRANSITORIO PARA LA CONFORMACI\u00d3N DEL FONINVEMEM\u00bb creado por Resoluci\u00f3n No 1866 SE;<\/p>\n<p style=\"text-align: justify;\">9.El reconocimiento del canon correspondiente a la construcci\u00f3n de las Ampliaciones del Sistema de Transporte. En este aspecto cabe recordar que si bien los ajustes por aplicaci\u00f3n del Coeficiente de Estabilizaci\u00f3n de Referencia (CER), autorizados por el ENRE, son objetados ante el citado Organismo, tal cuesti\u00f3n excede a la Distribuidora, siendo aplicable en este caso lo dispuesto por el Art\u00edculo 30\u00b0, inciso c) de la Ley No 8916. Sobre este \u00edtem se puntualiza la autorizaci\u00f3n efectuada por el EPRE mediante Resoluci\u00f3n No\u00a0 159\/05, para que ENERSA efect\u00fae los pagos correspondientes;<\/p>\n<p style=\"text-align: justify;\">10.La solicitud efectuada por ENERSA, mediante RN\u00b0 238\/06, a incluir en el Cuadro Tarifario los costos de la ampliaci\u00f3n de la capacidad de transporte que consiste en la provisi\u00f3n, puesta en servicio, operaci\u00f3n y mantenimiento de un Tercer Transformador de 500\/132\/13,2 kV de 300\/300\/100 MVA y un Campo de Salida de 132 kV para la futura L\u00ednea de\u00a0 Santo Tom\u00e9-Calchines\u00a0 en la ET Santo Tom\u00e9; obras ubicadas en las Provincia de Santa Fe;<\/p>\n<p style=\"text-align: justify;\">11.La no indexaci\u00f3n de los costos de distribuci\u00f3n y de comercializaci\u00f3n por imperio del Decreto No 424\/2002 de la Provincia de Entre R\u00edos;<\/p>\n<p style=\"text-align: justify;\">12.La no utilizaci\u00f3n del Fondo de Estabilizaci\u00f3n de Precios Estacionales FEPE;<\/p>\n<p style=\"text-align: justify;\">13.El mantenimiento en las mismas condiciones a las actuales del Fondo Compensador de Tarifas;<\/p>\n<p style=\"text-align: justify;\">Que se han producido los correspondientes dict\u00e1menes t\u00e9cnico y legal, obrantes en el expediente de la referencia a fs. 48\/49 y 50 respectivamente;<\/p>\n<p style=\"text-align: justify;\">Que el ENTE PROVINCIAL REGULADOR DE LA ENERG\u00cdA est\u00e1 facultado para el dictado de la presente, en virtud de lo dispuesto en los Art\u00edculos 48\u00ba inciso b) y 56\u00ba inciso g) de la Ley N\u00ba 8.916 y en el Subanexo 2 del Contrato de Concesi\u00f3n de la Distribuidora \u00abEDEER S.A.\u00bb;<\/p>\n<p style=\"text-align: justify;\">Que por Decreto N\u00ba 1127\/96 se ha dispuesto la Intervenci\u00f3n del Ente, por lo que en uso de sus facultades;<\/p>\n<p style=\"text-align: justify;\"><strong>EL INTERVENTOR DEL EPRE<\/strong><br \/>\n<strong>RESUELVE:<\/strong><\/p>\n<p style=\"text-align: justify;\"><strong>ARTICULO 1\u00b0:<\/strong> Considerar de aplicaci\u00f3n los precios mayoristas establecidos en el Anexo XIII &#8211; Resoluci\u00f3n No 1676\/04 y Art\u00edculo 8\u00b0 de la Resoluci\u00f3n N\u00b0 1434\/04 SE a todos los usuarios considerados como Tarifa 1 Uso Residencial, Urbano y Rural del Cuadro Tarifario Provincial.<\/p>\n<p style=\"text-align: justify;\"><strong>ARTICULO 2\u00b0:<\/strong> Considerar de aplicaci\u00f3n los Precios Mayoristas establecidos en el Anexo XV &#8211; Resoluci\u00f3n N\u00b0 1676\/04 y Art\u00edculo 9\u00b0 de la Resoluci\u00f3n No 1434\/04 SE a todos los usuarios considerados como Tarifa 4 Alumbrado P\u00fablico del Cuadro Tarifario Provincial.<\/p>\n<p style=\"text-align: justify;\"><strong>ARTICULO 3\u00b0:<\/strong> Considerar de aplicaci\u00f3n los Precios Mayoristas establecidos en el Anexo XVII &#8211; Resoluci\u00f3n N\u00b0 1676\/04 y Art\u00edculo 10\u00b0 de la Resoluci\u00f3n No 1434\/04 SE a todos los usuarios considerados como Tarifa 1 Uso No Residencial, Urbano y Rural del Cuadro Tarifario Provincial, con consumos que no superen los 3954 kWh-mes.<\/p>\n<p style=\"text-align: justify;\"><strong>ARTICULO 4\u00b0:<\/strong> Considerar de aplicaci\u00f3n los Precios Mayoristas establecidos en el Art\u00edculo 11\u00b0 de la Resoluci\u00f3n No 1434\/04 SE a todos los usuarios con demandas mayores a 300 kW, ya sean de Grandes Demandas, Peaje y Peaje en un Solo Nivel de Tensi\u00f3n del Cuadro Tarifario Provincial.<\/p>\n<p style=\"text-align: justify;\"><strong>ARTICULO 5\u00b0:<\/strong> Considerar de aplicaci\u00f3n los Precios Mayoristas establecidos en el Anexo VII &#8211; Resoluci\u00f3n No 1676\/04 y Art\u00edculo 2\u00b0 y 4\u00b0 de la Resoluci\u00f3n No 1434\/04 SE al resto de los usuarios no comprendidos en los Art\u00edculos 1\u00b0, 2\u00b0, 3\u00b0 y 4\u00b0 de la presente del Cuadro Tarifario Provincial.<\/p>\n<p style=\"text-align: justify;\"><strong>ARTICULO 6\u00b0:<\/strong> Considerar de aplicaci\u00f3n la Resoluci\u00f3n N\u00b0 1069\/06 SE que mantuvo vigentes los precios sancionados por las Resoluciones Nros. 1434 y 1676\/2004 SE.<\/p>\n<p style=\"text-align: justify;\"><strong>ARTICULO 7\u00b0:<\/strong> Para la facturaci\u00f3n en Tarifa 5 &#8211; Otros Distribuidores Provinciales, los Distribuidores considerar\u00e1n la composici\u00f3n de venta incluyendo las p\u00e9rdidas del punto de suministro, seg\u00fan la siguiente apertura:<br \/>\nkWh en Tarifa 1 Uso Residencial Urbano y Rural<br \/>\nkWh en Tarifa 4 Alumbrado P\u00fablico.<br \/>\nkWh en Tarifa 1 Uso No Residencial Urbano y Rural con consumos que no superen los 3954 kWh-mes<br \/>\nkWh en Tarifa 3 con potencias facturadas mayor o igual a 300 kW<br \/>\nkWh Resto<\/p>\n<p style=\"text-align: justify;\"><strong>ARTICULO 8\u00b0:<\/strong> Toda la informaci\u00f3n necesaria para la correcta aplicaci\u00f3n de la Resoluci\u00f3n No 93\/2004 SE, Resoluci\u00f3n No 842\/2004 SE, Resoluci\u00f3n N\u00b0 1434\/2004 SE y las que en el futuro se emitan sobre este t\u00f3pico, ser\u00e1 previamente informada ante el EPRE por todas las Distribuidoras Provinciales, incluyendo aquellas que operan en el Mercado El\u00e9ctrico Mayorista -MEM- como Agentes del Mercado.<\/p>\n<p style=\"text-align: justify;\"><strong>ARTICULO 9\u00b0:<\/strong> Mantener los par\u00e1metros tarifarios para los usuarios que encuadren como T1 Uso No Residencial con consumos que superen los 3954 kWh-mes, definidos en la Resoluci\u00f3n No 79\/04 EPRE.<\/p>\n<p style=\"text-align: justify;\"><strong>ARTICULO 10\u00b0:<\/strong> Aprobar el traslado a tarifa de los costos asociados a la ampliaci\u00f3n de la capacidad de transporte generados por la construcci\u00f3n, puesta en servicio, operaci\u00f3n y mantenimiento de un Tercer Transformador de 500\/132\/13,2 kV de 300\/300\/100 MVA y un Campo de Salida de 132 kV para la construcci\u00f3n de la l\u00ednea de Santo Tom\u00e9-Calchines en la E.T. Santo Tom\u00e9.<\/p>\n<p style=\"text-align: justify;\"><strong>ART\u00cdCULO 11\u00b0:<\/strong> Establecer que, -por resultar el acceso a la disminuci\u00f3n del Impuesto a los Ingresos Brutos facultativo del contribuyente que re\u00fane las condiciones para acceder al beneficio-, las Distribuidoras que opten por tal beneficio, deber\u00e1n informar tal situaci\u00f3n al EPRE, y trasladar expl\u00edcitamente en su facturaci\u00f3n al usuario final dicha reducci\u00f3n en su justa proporci\u00f3n.<\/p>\n<p style=\"text-align: justify;\"><strong>ARTICULO 12\u00b0:<\/strong> Aprobar los Valores del Cuadro Tarifario Provincial, contenidos en el ANEXO I de la presente Resoluci\u00f3n, de la que forma parte integrante, con vigencia a partir de la facturaci\u00f3n correspondiente a la lectura de medidores posteriores a la cero hora del 1\u00b0 de julio de 2006, los que ser\u00e1n de aplicaci\u00f3n para todas las Distribuidoras.<\/p>\n<p style=\"text-align: justify;\"><strong>ARTICULO 12\u00b0:<\/strong> Registrar, notificar, publicar en el Bolet\u00edn Oficial y archivar.<\/p>\n","protected":false},"excerpt":{"rendered":"<p>30 de Junio de 2006 EXPTE. N\u00ba\u00a0 048\/06\u00a0 EPRE.- VISTO: El Expediente EPRE N\u00b0 048\/06, el Decreto No 2154\/05 MGJEOSP; y<\/p>\n","protected":false},"author":1,"featured_media":0,"comment_status":"open","ping_status":"closed","sticky":false,"template":"","format":"standard","meta":{"footnotes":""},"categories":[8],"tags":[],"class_list":["post-489","post","type-post","status-publish","format-standard","hentry","category-resoluciones"],"_links":{"self":[{"href":"https:\/\/epre.gov.ar\/web\/wp-json\/wp\/v2\/posts\/489","targetHints":{"allow":["GET"]}}],"collection":[{"href":"https:\/\/epre.gov.ar\/web\/wp-json\/wp\/v2\/posts"}],"about":[{"href":"https:\/\/epre.gov.ar\/web\/wp-json\/wp\/v2\/types\/post"}],"author":[{"embeddable":true,"href":"https:\/\/epre.gov.ar\/web\/wp-json\/wp\/v2\/users\/1"}],"replies":[{"embeddable":true,"href":"https:\/\/epre.gov.ar\/web\/wp-json\/wp\/v2\/comments?post=489"}],"version-history":[{"count":3,"href":"https:\/\/epre.gov.ar\/web\/wp-json\/wp\/v2\/posts\/489\/revisions"}],"predecessor-version":[{"id":3838,"href":"https:\/\/epre.gov.ar\/web\/wp-json\/wp\/v2\/posts\/489\/revisions\/3838"}],"wp:attachment":[{"href":"https:\/\/epre.gov.ar\/web\/wp-json\/wp\/v2\/media?parent=489"}],"wp:term":[{"taxonomy":"category","embeddable":true,"href":"https:\/\/epre.gov.ar\/web\/wp-json\/wp\/v2\/categories?post=489"},{"taxonomy":"post_tag","embeddable":true,"href":"https:\/\/epre.gov.ar\/web\/wp-json\/wp\/v2\/tags?post=489"}],"curies":[{"name":"wp","href":"https:\/\/api.w.org\/{rel}","templated":true}]}}