{"id":4835,"date":"2022-03-21T09:57:00","date_gmt":"2022-03-21T09:57:00","guid":{"rendered":"https:\/\/epre.gov.ar\/web\/?p=4835"},"modified":"2022-04-16T10:00:52","modified_gmt":"2022-04-16T10:00:52","slug":"inauguracion-oficial-para-la-exposicion-internacional-argentina-oil-gas-sobre-energia","status":"publish","type":"post","link":"https:\/\/epre.gov.ar\/web\/inauguracion-oficial-para-la-exposicion-internacional-argentina-oil-gas-sobre-energia\/","title":{"rendered":"Inauguraci\u00f3n oficial para la Exposici\u00f3n Internacional Argentina Oil &#038; Gas sobre energ\u00eda"},"content":{"rendered":"\n<p>El evento de apertura se desarrollar\u00e1 desde las 18:30. Habr\u00e1 actividades relacionadas a operaciones productivas, destac\u00e1ndose la exploraci\u00f3n offshore en el Mar Argentino.<\/p>\n\n\n\n<p>El encuentro, que se extender\u00e1 hasta el mi\u00e9rcoles, es organizado por el Instituto Argentino de Gas y Petr\u00f3leo (IAGP). Los focos de atenci\u00f3n de la Exposici\u00f3n Internacional ser\u00e1n la situaci\u00f3n actual de las empresas petroleras que trabajan en el pa\u00eds y la situaci\u00f3n energ\u00e9tica en general<\/p>\n\n\n\n<p>Habr\u00e1 agenda de actividades vinculadas a la productividad, la competitividad alcanzada en la formaci\u00f3n no convencional de Vaca Muerta y, sobre todo, ser\u00e1 mesa de informaci\u00f3n y debate debido a la expectativa generada por una probable futura exploraci\u00f3n offshore del Mar Argentino.<\/p>\n\n\n\n<p>A las 18:30 ser\u00e1 la inauguraci\u00f3n oficial del evento, que contar\u00e1 con la presencia de directivos de empresas del sector, gobernadores y funcionarios de las provincias argentinas petroleras y del Gobierno nacional, como el ministro de Econom\u00eda, Mart\u00edn Guzm\u00e1n, y el secretario de Energ\u00eda, Dar\u00edo Mart\u00ednez. Tambi\u00e9n estar\u00e1n presentes: Javier Mart\u00ednez \u00c1lvarez, presidente para el Cono Sur de Tenaris; Javier Gremes<\/p>\n\n\n\n<p>Cordero, CEO de Pecom; Ricardo Markous, CEO de Tecpetrol; Osvaldo del Campo, CEO de Galileo Technologies; y el cierre estar\u00e1 a cargo de Sergio Affronti, CEO de YPF.<\/p>\n\n\n\n<p>Habr\u00e1 actividades gratuitas, entre las que se destaca el tradicional espacio de la expo conocido como \u201cEncuentro con los CEO\u201d, un ciclo de conferencias que re\u00fane a los conductores de las empresas protagonistas de la industria de los hidrocarburos para que expongan informaci\u00f3n sobre su experiencia.<\/p>\n\n\n\n<p><strong>Fuente<\/strong>: https:\/\/diariohoy.net\/interes-general\/inauguracion-oficial-para-la-exposicion-internacional-argentina-oil-gas-sobre-energia-194110<\/p>\n","protected":false},"excerpt":{"rendered":"<p>El evento de apertura se desarrollar\u00e1 desde las 18:30. Habr\u00e1 actividades relacionadas a operaciones productivas, destac\u00e1ndose la exploraci\u00f3n offshore en el Mar Argentino. El encuentro, que se extender\u00e1 hasta el mi\u00e9rcoles, es organizado por el Instituto Argentino de Gas y Petr\u00f3leo (IAGP). Los focos de atenci\u00f3n de la Exposici\u00f3n Internacional ser\u00e1n la situaci\u00f3n actual de [&hellip;]<\/p>\n","protected":false},"author":1,"featured_media":4836,"comment_status":"open","ping_status":"closed","sticky":false,"template":"","format":"standard","meta":{"footnotes":""},"categories":[1],"tags":[],"class_list":["post-4835","post","type-post","status-publish","format-standard","has-post-thumbnail","hentry","category-noticias"],"_links":{"self":[{"href":"https:\/\/epre.gov.ar\/web\/wp-json\/wp\/v2\/posts\/4835","targetHints":{"allow":["GET"]}}],"collection":[{"href":"https:\/\/epre.gov.ar\/web\/wp-json\/wp\/v2\/posts"}],"about":[{"href":"https:\/\/epre.gov.ar\/web\/wp-json\/wp\/v2\/types\/post"}],"author":[{"embeddable":true,"href":"https:\/\/epre.gov.ar\/web\/wp-json\/wp\/v2\/users\/1"}],"replies":[{"embeddable":true,"href":"https:\/\/epre.gov.ar\/web\/wp-json\/wp\/v2\/comments?post=4835"}],"version-history":[{"count":1,"href":"https:\/\/epre.gov.ar\/web\/wp-json\/wp\/v2\/posts\/4835\/revisions"}],"predecessor-version":[{"id":4837,"href":"https:\/\/epre.gov.ar\/web\/wp-json\/wp\/v2\/posts\/4835\/revisions\/4837"}],"wp:featuredmedia":[{"embeddable":true,"href":"https:\/\/epre.gov.ar\/web\/wp-json\/wp\/v2\/media\/4836"}],"wp:attachment":[{"href":"https:\/\/epre.gov.ar\/web\/wp-json\/wp\/v2\/media?parent=4835"}],"wp:term":[{"taxonomy":"category","embeddable":true,"href":"https:\/\/epre.gov.ar\/web\/wp-json\/wp\/v2\/categories?post=4835"},{"taxonomy":"post_tag","embeddable":true,"href":"https:\/\/epre.gov.ar\/web\/wp-json\/wp\/v2\/tags?post=4835"}],"curies":[{"name":"wp","href":"https:\/\/api.w.org\/{rel}","templated":true}]}}