{"id":483,"date":"2006-02-02T18:13:26","date_gmt":"2006-02-02T18:13:26","guid":{"rendered":"http:\/\/epre.gov.ar\/web\/?p=483"},"modified":"2018-10-11T16:39:11","modified_gmt":"2018-10-11T16:39:11","slug":"resolucion-no-22","status":"publish","type":"post","link":"https:\/\/epre.gov.ar\/web\/resolucion-no-22\/","title":{"rendered":"Resoluci\u00f3n N\u00ba 22\/06"},"content":{"rendered":"<p style=\"text-align: justify;\"><strong>02 de Febrero de 2006<\/strong><\/p>\n<p style=\"text-align: justify;\"><strong>VISTO:<\/strong><\/p>\n<p style=\"text-align: justify;\">La Resoluci\u00f3n N\u00b0 25\/05 EPRE que dispuso convocar a Audiencia P\u00fablica con el objeto de considerar la solicitud de Modificaci\u00f3n de Tarifas El\u00e9ctricas a Usuarios Urbanos de Peque\u00f1as, Medianas y Grandes Demandas, del Cuadro Tarifario vigente formulada por la Cooperativa El\u00e9ctrica y Otros Servicios de Concordia Ltda.; y<\/p>\n<p style=\"text-align: justify;\"><!--more--><strong>CONSIDERANDO:<\/strong><\/p>\n<p style=\"text-align: justify;\">Que el d\u00eda 22 de Diciembre de 2004 la Cooperativa realiz\u00f3 una presentaci\u00f3n sometiendo a consideraci\u00f3n de este Ente la solicitud de Modificaci\u00f3n de Tarifas a Usuarios Urbanos de Peque\u00f1as, Medianas y Grandes Demandas;<\/p>\n<p style=\"text-align: justify;\">Que en dicha presentaci\u00f3n y luego de rese\u00f1ar sint\u00e9ticamente su historia, la Cooperativa indica que el servicio el\u00e9ctrico en el Area de Concesi\u00f3n se hallar\u00eda hoy en un serio riesgo de colapsar por carecer de recursos genuinos para la adecuada explotaci\u00f3n, debido fundamentalmente a:<\/p>\n<p style=\"text-align: justify;\">Que la tarifa ha dejado de ser justa y razonable, ya que operando en forma econ\u00f3mica y prudente no satisface los costos operativos.<\/p>\n<p style=\"text-align: justify;\">Que la tasa de rentabilidad ser\u00eda hoy inexistente.<\/p>\n<p style=\"text-align: justify;\">Que no se reflejaron los dr\u00e1sticos cambios desde que la Argentina abandon\u00f3 la convertibilidad.<\/p>\n<p style=\"text-align: justify;\">Que los indicadores no se han ajustado para estimular la eficiencia y las inversiones.<\/p>\n<p style=\"text-align: justify;\">Que por tales motivos y en raz\u00f3n del flagrante incumplimiento de la Ley de Marco Regulatorio N\u00b0 8916, y amparados en el Art\u00edculo 36 de dicha Ley, se present\u00f3 ante el EPRE requiriendo una modificaci\u00f3n de la tarifa aplicable a los usuarios urbanos finales, en todas las categor\u00edas;<\/p>\n<p style=\"text-align: justify;\">Que la Distribuidora indica enmarcar dicha propuesta dentro de las siguientes consideraciones, a saber:<\/p>\n<p style=\"text-align: justify;\">El m\u00e9todo empleado es el del Valor Nuevo de Reposici\u00f3n de los bienes puestos al servicio, y que, utilizado el a\u00f1o 2003 como base, reconoce los siguientes costos:<\/p>\n<p style=\"text-align: justify;\">a) La Compra Mayorista: La Cooperativa compra la mayor parte de la potencia y energ\u00eda directamente al MEM y una \u00ednfima cantidad (2,5%) a ENERSA, por lo que se ha decidido solo utilizar la compra en el MEM para determinar el costo unitario de energ\u00eda y potencia. Los costos fijos y variables se determinan con id\u00e9ntico criterio, considerando solo los cargos por peaje que se abonan a ENERSA.<\/p>\n<p style=\"text-align: justify;\">b) Los gastos de comercializaci\u00f3n: Para los recursos materiales se ha determinado su anualidad por el m\u00e9todo del VNR y el factor de recuperaci\u00f3n de capital. A ello se le adicionan los gastos de mantenimiento como un porcentaje del valor nuevo de los activos descriptos, as\u00ed como tambi\u00e9n un porcentaje sobre la mencionada anualidad destinada a cubrir los gastos debidos a la administraci\u00f3n de todos estos recursos. Tambi\u00e9n se han incluido los recursos humanos destinados a conexiones, lectura de medidores, facturaci\u00f3n cobranza, env\u00edo de facturas y atenci\u00f3n al p\u00fablico. Todos estos costos se han prorrateado entre las distintas categor\u00edas tarifarias en funci\u00f3n del n\u00famero de clientes de cada una de ellas, m\u00e1s el agregado de los costos propios comerciales de los que es responsable cada categor\u00eda.<\/p>\n<p style=\"text-align: justify;\">c) Los costos de redes: A partir de los recursos materiales puestos a disposici\u00f3n de los usuarios se ha determinado su anualidad por el m\u00e9todo del VNR y el factor de recuperaci\u00f3n de capital. Los recursos as\u00ed incluidos son l\u00edneas de distribuci\u00f3n de energ\u00eda, centros de transformaci\u00f3n, inmuebles, veh\u00edculos, y bienes destinados al control de la calidad de servicio.<br \/>\nLuego la anualidad ha sido prorrateada entre las distintas categor\u00edas tarifarias que hacen uso de los activos empleados para cada nivel de tensi\u00f3n de la red y dentro de \u00e9l en funci\u00f3n de la demanda de potencia agregada de cada una de dichas categor\u00edas y el grado de dispersi\u00f3n de su demanda de potencia en la red.<\/p>\n<p style=\"text-align: justify;\">d) Los costos de conexi\u00f3n y rehabilitaci\u00f3n: Atento a que los recursos de que dispone esta DISTRIBUIDORA COOPERATIVA en estos servicios tiene una composici\u00f3n de costos similar al conjunto de la Distribuci\u00f3n se propone que la actualizaci\u00f3n de precios de estos cargos se realice en la misma proporci\u00f3n en que se incrementa el precio promedio del resto de los cargos del cuadro tarifario.<\/p>\n<p style=\"text-align: justify;\">e) Adecuaci\u00f3n de clasificaci\u00f3n de clientes por demanda de Potencia:<br \/>\nCon el fin de aunar criterios de agrupamiento de clientes por categor\u00edas conforme a su m\u00e1xima demanda de potencia vigentes en el resto del pa\u00eds que permiten la determinaci\u00f3n precios mayoristas segmentados, en el c\u00e1lculo tarifario se ha considerado:<br \/>\nQue los clientes de peque\u00f1as demandas T1 son todos aquellos usuarios cuya demanda m\u00e1xima de Potencia sea igual o menor a 10 kW.<br \/>\nEn cambio que quienes en la actualidad est\u00e9n clasificados como clientes de peque\u00f1as demandas T1 pero superen los 10 kW sean considerados como clientes de medianas demandas T2, hasta los 50 kW.<\/p>\n<p style=\"text-align: justify;\">Que tambi\u00e9n la Cooperativa describe el proceso de c\u00e1lculo que permiti\u00f3 determinar el Cuadro Tarifario que satisface la necesidad de cubrir los costos de prestaci\u00f3n del Servicio de Distribuci\u00f3n de Electricidad. Asimismo el c\u00e1lculo seguido permitir\u00e1 realizar las habituales actualizaciones trimestrales conforme a la evoluci\u00f3n de los precios en el Mercado Mayorista;<\/p>\n<p style=\"text-align: justify;\">Que la presentaci\u00f3n contiene exclusivamente categor\u00edas tarifarias para las que actualmente tiene la Cooperativa;<\/p>\n<p style=\"text-align: justify;\">Que en cuanto al resto de las categor\u00edas propone asimilar los valores definidos con los correspondientes a las tarifas equivalentes;<\/p>\n<p style=\"text-align: justify;\">Que tambi\u00e9n ha presentado planillas conteniendo la informaci\u00f3n b\u00e1sica utilizada, y los resultados arrojados, a saber:<br \/>\na.Resultados de los c\u00e1lculos<br \/>\nb.Compra mayorista<br \/>\nc.Res\u00famenes de par\u00e1metros<br \/>\nd.Informaci\u00f3n Comercial.<br \/>\ne.Activos puestos al servicio<br \/>\nf.Asignaci\u00f3n del VADP<br \/>\ng.Impacto y producido.<br \/>\nh.An\u00e1lisis de sensibilidad<br \/>\ni.Curvas de carga.<\/p>\n<p style=\"text-align: justify;\">Que el d\u00eda 06 de Enero de 2005, este EPRE requiri\u00f3 a la Cooperativa una serie de aclaraciones y ampliaciones sobre la propuesta original (fs. 233-234), fundamentalmente en lo que refer\u00eda a estudio de demandas, valorizaci\u00f3n de los activos, personal, e impacto tarifario;<\/p>\n<p style=\"text-align: justify;\">Que con fecha 13 y 16 de Enero de 2005 ingresan notas de la Cooperativa dando respuesta a los requerimientos del EPRE;<\/p>\n<p style=\"text-align: justify;\">Que habi\u00e9ndose cumplido con los requisitos establecidos en el Art\u00edculo 36 de la Ley N\u00ba 8916, el EPRE mediante Resoluci\u00f3n N\u00b0 25\/05 convoc\u00f3 a Audiencia Publica a realizarse el d\u00eda 14 de Marzo 2005 en la ciudad de Paran\u00e1, designando a los Instructores y disponiendo solicitar al Colegio de Abogados la designaci\u00f3n de un Defensor del Usuario;<\/p>\n<p style=\"text-align: justify;\">Que el d\u00eda 23 de Febrero de 2005, el Colegio de Abogados comunica la designaci\u00f3n de los Dres. Jorge Antonio Cuesta de la ciudad de Paran\u00e1, Arturo Andr\u00e9s Mc Loughlin de la ciudad de Concordia y Juan Eugenio Mar\u00eda Giacominio de la ciudad de Villaguay como Defensores del Usuario;<\/p>\n<p style=\"text-align: justify;\">Que mediante Resoluci\u00f3n N\u00b0 41\/05 EPRE, y a pedido de la Honorable C\u00e1mara de Diputados de Entre R\u00edos se prorroga la realizaci\u00f3n de la Audiencia P\u00fablica para el 14 de Junio de 2005;<\/p>\n<p style=\"text-align: justify;\">Que por Resoluci\u00f3n N\u00b0 130\/05 EPRE, se produce una nueva prorroga, esta vez a solicitud de la Cooperativa Concordia, fij\u00e1ndose la Audiencia P\u00fablica para el d\u00eda 20 de Diciembre de 2005;<\/p>\n<p style=\"text-align: justify;\">Que finalmente, la Resoluci\u00f3n N\u00ba 225\/05 EPRE, haciendo lugar a la petici\u00f3n del Consejo Regional Entre R\u00edos de la Federaci\u00f3n Argentina de Cooperativas El\u00e9ctricas (FACE), fija que la Audiencia se celebrar\u00e1 en la ciudad de Villaguay el d\u00eda 19 de Diciembre de 2005 a las 09:00 hs.;<\/p>\n<p style=\"text-align: justify;\">Que el texto de la citada Resoluci\u00f3n fue debidamente notificado a a la Cooperativa Concordia, y a todas las Distribuidoras del Servicio El\u00e9ctrico de la Provincia, como asimismo se efectuaron las publicaciones conforme a los t\u00e9rminos de los Art\u00edculos 11\u00b0, 12\u00b0 y 13\u00b0 de la Resoluci\u00f3n N\u00b0 55 EPRE, mediante edictos en el Bolet\u00edn Oficial y en diarios de circulaci\u00f3n Nacional y Provincial;<\/p>\n<p>Que conforme a los t\u00e9rminos del Art\u00edculo 4\u00b0 del Reglamento de Audiencias P\u00fablicas (Res. N\u00b0 55 EPRE) y dentro de los plazos fijados por la Resoluci\u00f3n N\u00b0 225\/05 EPRE, se presentaron como partes: Cooperativa de Consumo de Electricidad y Afines de Gualeguaych\u00fa Ltda.; Cooperativa Victoria Electrificaci\u00f3n Rural Ltda.; Cooperativa de Electricidad y Otros Servicios La Paz Ltda.; Cooperativa de Servicios P\u00fablicos General Urquiza Ltda.; Cooperativa de Servicios P\u00fablicos Ruta \u201cJ\u201d Ltda.; Cooperativa de Servicios P\u00fablicos El Tala Ltda.; Cooperativa de Servicios P\u00fablicos Villaguay Ltda.; La Agr\u00edcola Regional Cooperativa Ltda.; Cooperativa de Servicios P\u00fablicos Gral. San Mart\u00edn Ltda.; Cooperativa de Servicios P\u00fablicos La Esperanza Ltda.; Cooperativa de Servicios P\u00fablicos Quebracho Ltda.; Cooperativa de Servicios P\u00fablicos \u201c25 de Mayo\u201d Ltda.; Cooperativa El\u00e9ctrica de Chajar\u00ed Ltda.; Cooperativa de Provisi\u00f3n de Servicios P\u00fablicos San Antonio Ltda.; La empresa Energ\u00eda de Entre R\u00edos SA; El Consejo Regional de la Provincia de Entre R\u00edos de FACE; La Federaci\u00f3n Argentina de Cooperativas de Electricidad y Otros Servicios P\u00fablicos Ltda.; La Defensor\u00eda del Pueblo de la Municipalidad de Paran\u00e1; El Colegio de Ingenieros Especialistas de Entre R\u00edos -CIEER-;<\/p>\n<p style=\"text-align: justify;\">Que cumplidos los recaudos formales se realiz\u00f3 la Audiencia P\u00fablica en la cual las partes expusieron sus respectivos fundamentos;<\/p>\n<p style=\"text-align: justify;\">Que de la desgrabaci\u00f3n fonomagn\u00e9tica de dicha Audiencia puede extraerse los aspectos m\u00e1s importantes se\u00f1alados por cada una de las partes;<\/p>\n<p style=\"text-align: justify;\">Que los representantes de la Cooperativa Concordia realizaron una pormenorizada presentaci\u00f3n de la necesidad del aumento solicitado y de la cual se puede resaltar lo siguiente:<\/p>\n<p style=\"text-align: justify;\">Presidente Contador Cesar GOTTFRIED: Realiza una introducci\u00f3n de la situaci\u00f3n general del suministro el\u00e9ctrico en la ciudad de Concordia, de la realidad social de la ciudad y de las condiciones econ\u00f3micas y financieras de la Cooperativa.<\/p>\n<p style=\"text-align: justify;\">Se\u00f1ala que existen m\u00e1s de 15.000 familias con importantes porcentajes de necesidades b\u00e1sicas insatisfechas, muchas de las cuales, unas 5.000, se abastecen con medidores comunitarios, mientras que el resto acrecienta la lista de los que consumen los kWh conocidos como p\u00e9rdidas no t\u00e9cnicas.<\/p>\n<p style=\"text-align: justify;\">La Cooperativa realiza importantes esfuerzos para incorporar esas familias, pero la tarifa social necesita el apoyo estatal tanto para la incorporaci\u00f3n como para la permanencia.<\/p>\n<p style=\"text-align: justify;\">Para las familias que tienen ingresos medios y altos, la incidencia de la energ\u00eda el\u00e9ctrica en la canasta familiar, es del 3% seg\u00fan el INDEC. Los ingresos de estos sectores han recuperado desde el 2002 a la fecha entre el 4 y el 40%.<\/p>\n<p style=\"text-align: justify;\">Para las familias de bajos ingresos se debe pensar en la aplicaci\u00f3n de incrementos que no afecten sus condiciones de vida.<\/p>\n<p style=\"text-align: justify;\">El Sector comercial e industrial, ya ha sido afectado por incrementos provenientes del MEM.<br \/>\nPara los peque\u00f1os usuarios de este sector la energ\u00eda representa un 25 % de sus costos, en tanto para los usuarios m\u00e1s importantes entre el 2 y el 7%.<\/p>\n<p style=\"text-align: justify;\">De las 38000 conexiones activas, la mitad pagan por la energ\u00eda el\u00e9ctrica un monto entre $10 y $30 y otros 10000 no supera los $50, lo que comparado con otros servicios resulta muy inferior.<\/p>\n<p style=\"text-align: justify;\">Las tarifas de nuestra provincia, son sustancialmente menores que las de Santa Fe y C\u00f3rdoba, en algunos casos un 34%.<\/p>\n<p style=\"text-align: justify;\">Para atenuar el impacto, la presentaci\u00f3n de la Cooperativa consider\u00f3 una tasa de retorno menor que el techo establecido por el EPRE, y adem\u00e1s disminuy\u00f3 el capital de la Estaci\u00f3n Transformadora R\u00edo Uruguay, en funci\u00f3n del aporte realizado por CTM.<\/p>\n<p style=\"text-align: justify;\">Ing. Alfredo SCHATENOFER: Realiza una descripci\u00f3n del Mercado El\u00e9ctrico.<\/p>\n<p style=\"text-align: justify;\">El mercado nacional est\u00e1 compuesto por 3 agentes, los generadores, los transportistas, y los distribuidores. En los dos primeros se han tomado una serie de medidas para paliar la incomoda situaci\u00f3n econ\u00f3mica producida a partir de comienzos del 2002. En el \u00fanico que no se han tomado medidas es en Distribuci\u00f3n.<\/p>\n<p style=\"text-align: justify;\">La tarifa se compone por la compra mayorista de potencia y energ\u00eda y el valor agregado de Distribuci\u00f3n (VAD), que incluye costos operativos, costos comerciales, costos de capital y rentabilidad.<\/p>\n<p style=\"text-align: justify;\">En el 2001 se realizo la primera revisi\u00f3n del VAD, las Distribuidoras presentaron incrementos entre el 10 y el 50%, y el EPRE dispuso una disminuci\u00f3n de la tarifa media del 8,6%, motivo por el cual las prestatarias perdieron el equilibrio econ\u00f3mico financiero y comenzaron a trabajar con d\u00e9ficit operativo.<\/p>\n<p style=\"text-align: justify;\">Despu\u00e9s de diciembre de 2001, se sali\u00f3 de la convertibilidad, y en el sector se produjo la pesificaci\u00f3n y congelamiento de tarifas, en tanto se presentaban notables incrementos de costos en todos los rubros. Como ejemplo, los transformadores aumentaron a la fecha un 278%, los cables un 193%, los medidores un 148%.<\/p>\n<p style=\"text-align: justify;\">Para paliar esta dif\u00edcil situaci\u00f3n, existen dos tipos de soluciones<br \/>\nSi la energ\u00eda el\u00e9ctrica es considerada como un bien de mercado, la soluci\u00f3n es la actualizaci\u00f3n tarifaria, bajo los t\u00e9rminos del Contrato de Concesi\u00f3n.<\/p>\n<p style=\"text-align: justify;\">Si la energ\u00eda el\u00e9ctrica se considera un bien social, la soluci\u00f3n pasa por subsidiar los consumos. Esta alternativa, ha sido en parte utilizada durante el 2005, donde el Poder Concedente reconociendo las inadecuadas tarifas, mediante dos decretos estableci\u00f3 subsidios a las Cooperativas, que si bien no fueron suficientes si fueron importantes.<\/p>\n<p style=\"text-align: justify;\">Ing. Carlos PADULA: Comenta el entorno jur\u00eddico sobre el cual est\u00e1 sustentada la presentaci\u00f3n de la Cooperativa.<\/p>\n<p style=\"text-align: justify;\">En tal sentido se\u00f1ala los Art\u00edculos 30, 31 y 32 de la Ley Provincial N\u00ba 8916 de Marco Regulatorio. Fundamentalmente el inciso que expresa que las tarifas estar\u00e1n sujetas a ajustes que permitan reflejar cualquier cambio de costos del concesionario que este no pueda controlar.<\/p>\n<p style=\"text-align: justify;\">El Decreto N\u00ba 1300\/96 reglamentario de la mencionada Ley indica que el costo se compone de:<br \/>\na. Un costo econ\u00f3mico de redes puestas a disposici\u00f3n de los usuarios, afectado por coeficientes representen las p\u00e9rdidas t\u00e9cnicas.<br \/>\nb. Los costos de operaci\u00f3n y mantenimiento de las redes puestas a disposici\u00f3n del usuario.<br \/>\nc. Los gastos de comercializaci\u00f3n incluyendo los gastos de medici\u00f3n y administrativos relacionados con la atenci\u00f3n a los usuarios.<\/p>\n<p style=\"text-align: justify;\">Por otra parte el Art\u00edculo 36 indica que los Distribuidores aplicar\u00e1n estrictamente las tarifas aprobadas por el EPRE, pero tambi\u00e9n establece que las Distribuidoras podr\u00e1n solicitar las modificaciones que considere necesarias, si su pedido se basa en circunstancias objetivas y justificadas.<\/p>\n<p style=\"text-align: justify;\">Este \u00faltimo art\u00edculo de la Ley, es finalmente el sustento jur\u00eddico de la presentaci\u00f3n. Anteriormente se ha mostrado los incrementos de los principales insumos de la distribuci\u00f3n el\u00e9ctrica a lo que hay que agregarle el incremento salarial que se ha producido desde el 2002 a la fecha que para el INDEC es del 74% y para la Cooperativa algo menos del 62%.<\/p>\n<p style=\"text-align: justify;\">Mientras las tarifas el\u00e9ctricas se han mantenido invariables, quitando las se\u00f1ales y el aliento a las inversiones, otras actividades de riesgos similares y que se prestan a trav\u00e9s de redes en las calles, como las de televisi\u00f3n por cable, han incrementado sus tarifas m\u00e1s de un 55%.<\/p>\n<p style=\"text-align: justify;\">Ing. DACOSTA: Desarrolla el m\u00e9todo de c\u00e1lculo tarifario utilizado.<\/p>\n<p style=\"text-align: justify;\">Para el c\u00e1lculo se utiliz\u00f3 el m\u00e9todo del valor nuevo de reposici\u00f3n de las redes existentes que debido a lo ajustado a la demanda que actualmente se encuentran tales redes, se puede asegurar que no hay riesgo de sobreinversiones, suponiendo adem\u00e1s de que no existen subinversiones que puedan atentar contra la calidad de servicio.<\/p>\n<p style=\"text-align: justify;\">La estructura de costos es la que ya anticipara el Ing. Schatenofer.<br \/>\na. Los costos comerciales se ver\u00e1n reflejado en el cargo fijo de cada factura.<br \/>\nb. La compra de potencia y el transporte asociado, se trasladan al cargo de potencia para los usuarios en que se mide la misma, y para el resto de los usuarios se coloca en el cargo fijo, o en el cargo por energ\u00eda para el alumbrado p\u00fablico.<br \/>\nc. La compra de energ\u00eda con las p\u00e9rdidas incluidas y los cargos variables del transporte, se ve en los respectivos cargos por energ\u00eda.<br \/>\nd. Al costo de redes, el usuario los ve reflejado en los cargos por capacidad para el caso de usuarios que tienen tal discriminaci\u00f3n, y para el resto en los cargos variables o fijos.La presentaci\u00f3n tarifaria efectuada prev\u00e9 y de tal forma propone que la Tarifa T1 Peque\u00f1as Demandas, llegue solo hasta los 10 kW., para alinear la segmentaci\u00f3n de usuarios con la jurisdicci\u00f3n nacional y la mayor\u00eda de las provinciales.<br \/>\nDe tal forma, la tarifa T2 Medianas Demandas abarcar\u00e1 entre los 10 y 50 kW.<br \/>\nEste es el \u00fanico cambio solicitado en el r\u00e9gimen tarifario, manteni\u00e9ndose el resto de las categor\u00edas de la manera que hasta ahora se encuentran previstas.<br \/>\nUn cargo tarifario gen\u00e9rico se compone por:<br \/>\na. La compra de potencia incluyendo el factor de p\u00e9rdidas de la misma, adem\u00e1s del cargo fijo de transporte.<br \/>\nb. La compra mayorista de energ\u00eda, las p\u00e9rdidas de energ\u00eda en las redes propias, m\u00e1s los cargos variables del transporte y tambi\u00e9n el impuesto al Fondo Nacional de la Energ\u00eda El\u00e9ctrica.<br \/>\nc. Los gastos comerciales.<br \/>\nd. El costo de redes, que incluye el valor nuevo de reposici\u00f3n de los bienes afectados al servicio, afectado del factor de recuperaci\u00f3n de capital y la tasa de retribuci\u00f3n del mismo.<\/p>\n<p style=\"text-align: justify;\">Aplicando los mencionados rubros en las formulas previstas para el pass through en los procedimientos para la Determinaci\u00f3n del Cuadro Tarifario del Contrato de Concesi\u00f3n, se obtiene la tarifa buscada.<\/p>\n<p style=\"text-align: justify;\">Dentro de los costos comerciales se incluyen la medici\u00f3n, la lectura de medidores, la facturaci\u00f3n, los costos de cobranzas, el control de la medici\u00f3n, y la atenci\u00f3n al p\u00fablico.<\/p>\n<p style=\"text-align: justify;\">Para el costo de redes, se releva por cada nivel de tensi\u00f3n, la red existente, el grado de utilizaci\u00f3n, el valor total puesto a nuevo, la vida \u00fatil, se le agrega el costo de mantenimiento y operaci\u00f3n de la misma y los costos de administraci\u00f3n relacionados, y se obtiene el valor a recuperar a trav\u00e9s de las tarifas, el que se asigna a los distintos usuarios de acuerdo a la dispersi\u00f3n y a las curvas de carga obtenidas.<\/p>\n<p style=\"text-align: justify;\">Aplicando el cuadro tarifario propuesto al mercado 2003 de la Cooperativa resulta que la recaudaci\u00f3n anual crece un 27%.<\/p>\n<p style=\"text-align: justify;\">Cerrando la exposici\u00f3n de la Cooperativa, el Contador GOTTFRIED se\u00f1ala:<\/p>\n<p style=\"text-align: justify;\">Que cada nueva conexi\u00f3n de usuarios demanda una inversi\u00f3n de entre $90 y $104 y que solo pueden cobrar $ 28.<br \/>\nUn usuario que hoy paga $ 10 incluidos los impuestos pasar\u00eda a pagar con el aumento $13, y as\u00ed el que paga $ 20 pagar\u00eda $ 26, el de $30 pasar\u00eda a $ 39, el de $50 a $65.<\/p>\n<p style=\"text-align: justify;\">De todas maneras esta ser\u00e1 una tarifa de transici\u00f3n dado que el a\u00f1o pr\u00f3ximo est\u00e1 establecido la necesidad de la reconsideraci\u00f3n general de los Contratos de Concesi\u00f3n, que primero estaba prevista para mayo, luego se va a ampliar seguramente porque no hay tiempo para hacerla, quedando para el segundo semestre del 2006.<\/p>\n<p style=\"text-align: justify;\">Que finalizada la exposici\u00f3n de la Cooperativa Concordia toma la palabra el Presidente de la Cooperativa Gualeguaych\u00fa, a partir de la cual se resaltan los puntos mas salientes;<\/p>\n<p style=\"text-align: justify;\">Presidente Prof. ALCAL\u00c1: Adhiere en todos sus t\u00e9rminos a la presentaci\u00f3n de adecuaci\u00f3n tarifaria solicitada por la Cooperativa de Concordia.<br \/>\nReclama el cumplimiento del Decreto N\u00ba 1951\/98 y solicita se contemple en la adecuaci\u00f3n tarifaria la tarifa de media tensi\u00f3n en barras de Estaci\u00f3n Transformadora de 132 kV, que debi\u00f3 ser resuelta en el a\u00f1o 2001.<br \/>\nQue en estos momentos deben abonar una tarifa de peaje de 0,0073 en 33 kV y de 0,0182 en 13,2 kV o sea una diferencia de 149%.<\/p>\n<p style=\"text-align: justify;\">Que tambi\u00e9n tomaron la palabra sucesivamente las Cooperativas:<br \/>\nVictoria; La Paz; General Urquiza; Villaguay; La Agr\u00edcola Regional; San Mart\u00edn; La Esperanza; Quebracho; 25 de Mayo; Chajar\u00ed y San Antonio expresando su adhesi\u00f3n total a la solicitud presentada por la Cooperativa Concordia;<\/p>\n<p style=\"text-align: justify;\">Que luego realizaron su exposici\u00f3n los representantes de ENERSA, de donde se extraen los aspectos m\u00e1s salientes de sus expositores a saber:<\/p>\n<p style=\"text-align: justify;\">Ing. Silvio EKKERT: ENERSA es la Distribuidora m\u00e1s importante de la provincia, la que tiene mayor \u00e1rea de Concesi\u00f3n y mayor cantidad de usuarios, por eso consider\u00f3 que deb\u00eda dar su punto de vista del contexto energ\u00e9tico, y de la situaci\u00f3n econ\u00f3mica de la empresa, teniendo en cuenta que la situaci\u00f3n institucional le impiden formular una propuesta tarifaria firme.<\/p>\n<p style=\"text-align: justify;\">Ing. Daniel BEBER: Presenta una visi\u00f3n general de la situaci\u00f3n energ\u00e9tica de la provincia, del crecimiento de la demanda y de las obras que deben realizar para acompa\u00f1ar dicho crecimiento.<br \/>\nEl plan de inversiones m\u00ednimas para el a\u00f1o 2006 es $ 56.000.000, siendo la propuesta de m\u00e1xima de $ 75.000.000. Y todas estas inversiones deben salir del valor agregado de distribuci\u00f3n que se incluye en la factura.<br \/>\nTambi\u00e9n se encuentran abocados a concientizar a los usuarios sobre el cuidado de la energ\u00eda, promulgando una conciencia de estado sobre el cuidado de la Distribuidora.<\/p>\n<p style=\"text-align: justify;\">Ing. Juan DE SALVO: La tarifa tiene tres componentes b\u00e1sicos: la compra mayorista de la energ\u00eda y potencia, el valor agregado de distribuci\u00f3n, y los impuestos.<br \/>\nPara un usuario residencial de 150 kWh de consumo la incidencia de estos tres componentes es de 30%, 30% y 40% respectivamente.<br \/>\nA su vez, el valor agregado de distribuci\u00f3n tiene tres componentes: el costo de operaci\u00f3n y mantenimiento de las redes el\u00e9ctricas, los costos comerciales y el costo de capital.<br \/>\nEn la revisi\u00f3n tarifaria del a\u00f1o 2001, se produjo una disminuci\u00f3n de la tarifa media global del 3,6%. Posteriormente se produjo la salida de la convertibilidad y el congelamiento de la tarifa. Paralelamente los costos que la empresa no puede controlar fueron increment\u00e1ndose notablemente como ya lo demostrara la Cooperativa Concordia, lo que produjo un desbalance econ\u00f3mico.<br \/>\nEn mayo de 2006 est\u00e1 prevista una revisi\u00f3n tarifaria, en la que entre otras cosas habr\u00e1 que considerar una correcci\u00f3n de la tarifa de peaje, y adecuar el r\u00e9gimen de calidad de servicio.<br \/>\nEDELAP, una empresa de jurisdicci\u00f3n nacional, con un mercado mucho m\u00e1s concentrado y favorable que el de ENERSA ha recibido un incremento tarifario de alrededor del 12%.<br \/>\nEn funci\u00f3n de que la falta de transferencia de los bienes a ENERSA, y la indefinici\u00f3n de las condiciones generales de prestaci\u00f3n de servicio, impiden desarrollar una presentaci\u00f3n tarifaria formal, se ha desarrollado una hip\u00f3tesis de incremento tarifario similar al de EDELAP.<br \/>\nComo ejemplo de esta hip\u00f3tesis, para un usuario residencial de 150 kWh por mes (m\u00e1s del 52% de los usuarios residenciales), el incremento b\u00e1sico ser\u00eda de $ 1,98, y con impuestos de $ 3,32. Para un usuario general de 500 kWh por mes los incrementos ser\u00edan de $ 10,11 y $ 17,48 sin y con impuestos.<\/p>\n<p style=\"text-align: justify;\">Contador Carlos MALMIERCA: El incremento en los costos de materiales, mano de obra y otros que ya se mencionaron tuvo su impacto en la econom\u00eda de la empresa y es as\u00ed que desde el congelamiento tarifario el costo de explotaci\u00f3n creci\u00f3 entre un 70 y un 80% en su mayor\u00eda por efecto precio, en tanto el costo de capital se increment\u00f3 en un 140%.<br \/>\nEl flujo de fondos del a\u00f1o 2005 no tuvo pr\u00e1cticamente necesidades financieras dado que las inversiones se realizaron con fondos acumulados en \u00e9poca anterior.<br \/>\nPero para el 2006, existe un flujo de necesidades financieras de orden de los $ 54.000.000, con lo cual de no haber incremento tarifario el 97 % de las inversiones ser\u00edan inejecutables.<br \/>\nA esto adem\u00e1s hay que agregarle el impacto financiero que producir\u00e1n las obras de expansi\u00f3n del sistema de transporte extraprovincial y las redes de abastecimiento de Secretaria de Energ\u00eda que si bien se recuperan con tarifa y fondos FEDER, provocan un costo financiero importante.<br \/>\nAnalizando ahora la hip\u00f3tesis de un incremento tarifario del 12%, se lograr\u00eda reducir las necesidades financieras en $ 20.000.000. O sea que con esta hip\u00f3tesis el 66% de las inversiones necesarias no se podr\u00edan ejecutar.<br \/>\nEs importante que el incremento se aplique desde enero, ya que por cada mes de demora, la empresa perder\u00eda $ 2.000.000. En tal sentido ENERSA propone que ahora salga una tarifa de transici\u00f3n y que inmediatamente en mayo salga la revisi\u00f3n integral.<br \/>\nConcretamente ENERSA propone un incremento tarifario a partir de enero de 2006 a cuenta del resultado de la revisi\u00f3n integral que deber\u00e1 tener vigencia indefectiblemente a partir de mayo del 2006.<br \/>\nENERSA previo a realizar un estudio de revisi\u00f3n tarifaria, tener certeza en la posesi\u00f3n de sus bienes que afectan al VNR, y un Contrato de Concesi\u00f3n que fije las condiciones de servicio y la Calidad de Servicio, aclarando que ENERSA quiere mantener y superar la Calidad de Servicio que hoy se tiene, porque esa es la funci\u00f3n de la Empresa.<\/p>\n<p style=\"text-align: justify;\">Que a continuaci\u00f3n expuso el representante del Consejo Regional de FACE Dr. F\u00e9lix LAWRIE, de la cual se destaca lo siguiente:<\/p>\n<p style=\"text-align: justify;\">Adhesi\u00f3n del Consejo Regional a la propuesta hecha por la Cooperativa Concordia,<br \/>\nPor otra parte reclama una mayor autonom\u00eda en la capacidad de los ciudadanos que se autoprestan el servicio (cooperativistas) para fijarse las tarifas que pagan. Hoy estas tarifas est\u00e1n muy por debajo de lo que deben ser, y se ha llegado hasta aqu\u00ed dejando de hacer inversiones, o sea hipotecando el futuro.<br \/>\nEl Gobierno de la Provincia ha advertido repetidamente esta situaci\u00f3n y ha otorgado subsidios con los cuales muchas Cooperativas est\u00e1n funcionando, pero ya no se quiere m\u00e1s subsidio, se necesita la tarifa adecuada porque es lo justo.<br \/>\nOtro tema cada vez m\u00e1s preocupante es la calidad de servicio, las Cooperativas tienen miles de kil\u00f3metros de l\u00edneas rurales que deben ser asistidas con la misma premura que las redes urbanas, sin embargo no se cuenta con los caminos adecuados, este servicio a cargo del estado se deteriora cada d\u00eda m\u00e1s.<\/p>\n<p style=\"text-align: justify;\">Que a continuaci\u00f3n hace su exposici\u00f3n el Representante de FACE, destac\u00e1ndose lo siguiente:<\/p>\n<p style=\"text-align: justify;\">Sr. Emilio CALVET por FACE: Por la tarea coordinada del EPRE, que a veces es muy exigente, se ha logrado brindar en toda la Provincia tanto en ciudades como en el \u00e1mbito rural un buen servicio el\u00e9ctrico, y desde la Federaci\u00f3n se pretende que esto no caiga. Por eso manifiestan que el pedido de la Cooperativa Concordia es justo y debe ser considerado como tal, avalando totalmente dicha solicitud;<\/p>\n<p style=\"text-align: justify;\">Que luego expusieron los Representantes de la Defensor\u00eda del Pueblo de la Ciudad de Paran\u00e1, que entre otras manifestaciones efect\u00faan las siguientes consideraciones:<br \/>\nAlgunas Distribuidoras se vieron netamente m\u00e1s afectadas durante la crisis, y esto se debe a una efectiva falta de adaptaci\u00f3n a las nuevas condiciones, y a elevados costos de administraci\u00f3n y gesti\u00f3n de algunas de ellas. Por lo tanto no se puede trasladar al usuario responsabilidades ajenas, producto de pol\u00edticas empresariales o macroecon\u00f3micas.<br \/>\nLos cargos fijos y los impuestos que se cargan en la factura son altamente regresivos. Estas imposiciones no distinguen entre las diferentes capacidades contributivas de los ciudadanos.<\/p>\n<p style=\"text-align: justify;\">Los cargos fijos representan un pago a cambio de un consumo nulo, solventando parte de los gastos comerciales y administrativos aunque no se utilice la energ\u00eda.<br \/>\nEn cuanto a los impuestos, si bien ninguno de los tributos vistos, representa por si solo un exceso, la suma de ellos da un porcentaje que excede altamente lo aconsejable como carga no confiscatoria prevista en el art. 4 de la Constituci\u00f3n Nacional.<br \/>\nLa conclusi\u00f3n es que no puede resolverse la problem\u00e1tica tarifaria, sin antes reconsiderar la cuesti\u00f3n tributaria, ya que muchos ciudadanos podr\u00edan verse privados del este servicio esencial.<br \/>\nRever el concepto cargo fijo el cual podr\u00eda eliminarse o bien incluir con su pago un consumo m\u00ednimo.<\/p>\n<p style=\"text-align: justify;\">Que a continuaci\u00f3n expusieron los Defensores de los Usuarios, destac\u00e1ndose las siguientes consideraciones:<br \/>\nDr. MC LOUGHLIN: Considera que el incremento resulta razonable para la Distribuidora, aunque no en la magnitud requerida por la Cooperativa, pero esto no significa que tal aumento sea necesariamente justo para todos los usuarios.<br \/>\nEn tal sentido se inclina a conceder la posibilidad de que la Cooperativa obtenga un aumento en sus tarifas, siempre que el mismo este condicionado a una r\u00e1pida mejora en la calidad del servicio y a la eliminaci\u00f3n de p\u00e9rdidas.<\/p>\n<p style=\"text-align: justify;\">Dr. CUESTAS: Entiende que sin dudas la tarifa debe ser revisada, pero con una visi\u00f3n que comprenda tanto el lado de la Distribuidora como el del usuario, fundamentalmente del asalariado.<br \/>\nRechaza el pedido de modificaci\u00f3n, en la forma solicitada por las prestadoras.<br \/>\nConsidera que la doctrina del esfuerzo compartido, puede dar respuesta a la situaci\u00f3n que nos ocupa, realizando una distribuci\u00f3n de cargas y costos que solucione las necesidades imperiosas de la Cooperativa y tambi\u00e9n de la comunidad destinataria de los servicios.<\/p>\n<p style=\"text-align: justify;\">Que finalmente toma la palabra el Sr. Dardo Faciatto representando del Sindicato de Luz y fuerza de Mercedes adhiriendo al petitorio de la Cooperativa El\u00e9ctrica de Concordia, para que la misma pueda seguir cumpliendo con un servicio eficiente hacia la comunidad;<\/p>\n<p style=\"text-align: justify;\">Que concluidas las exposiciones, este EPRE antes de pasar al an\u00e1lisis de la propuesta efectuada por la Cooperativa Concordia efectuar\u00e1 algunos comentarios respecto a los dichos de las partes intervinientes en la Audiencia;<\/p>\n<p style=\"text-align: justify;\">Que respecto al planteo expuesto por la Cooperativa Gualeguaych\u00fa se efect\u00faan las siguientes consideraciones: La Cooperativa a trav\u00e9s de su Presidente reclam\u00f3 la creaci\u00f3n de una tarifa que contemple el no pago de la red impl\u00edcito en el dise\u00f1o actual para el caso de que el suministro se ubique en bornes de transformaci\u00f3n;<\/p>\n<p style=\"text-align: justify;\">Que el planteo de la Cooperativa est\u00e1 perfectamente identificado y ha sido reconocido por el Poder Concedente en distintas oportunidades mediante subsidios. No obstante, la Cooperativa no ha presentado ning\u00fan an\u00e1lisis que permita crear tal apertura tarifaria y los elementos aportados en la propuesta de la Cooperativa Concordia no permiten efectuar una correcta evaluaci\u00f3n a tal fin;<\/p>\n<p style=\"text-align: justify;\">Que este EPRE considera como mejor oportunidad para encarar definitivamente tal hecho la pr\u00f3xima revisi\u00f3n quinquenal a efectuarse durante el transcurso del corriente a\u00f1o;<\/p>\n<p style=\"text-align: justify;\">Que en lo que se refiere a la exposici\u00f3n y presentaci\u00f3n de la Empresa ENER SA, debe destacarse que la misma no puede considerarse como una solicitud a analizar ya que no cumple con los requisitos establecidos en la Ley de Marco Regulatorio (especialmente el Art. 36) y Decreto Reglamentario;<\/p>\n<p style=\"text-align: justify;\">Que a tal efecto y de acuerdo a lo indicado por el Presidente de la Audiencia P\u00fablica ser\u00e1 entonces tomada como una propuesta de adhesi\u00f3n parcial a la propuesta de la Cooperativa Concordia, en el mismo sentido pero con distinta intensidad y tiempos, y como tal se incorpora a la Audiencia;<\/p>\n<p style=\"text-align: justify;\">Que en cuanto a lo expuesto por el Defensor del Pueblo de la Ciudad de Paran\u00e1 puede analizarse el planteo en tres aspectos fundamentales:<\/p>\n<p style=\"text-align: justify;\">a) Impacto de la crisis. En su exposici\u00f3n manifest\u00f3 que la crisis afect\u00f3 de distinta manera a las distintas distribuidoras lleg\u00e1ndose a justificar en algunos casos. En esta instancia el an\u00e1lisis que efect\u00faa el EPRE se centra en trasladar la justa incidencia de los mayores costos que no son responsabilidad de la gesti\u00f3n de Cooperativa Concordia que es la que lanz\u00f3 el proceso de revisi\u00f3n tarifaria. Espec\u00edficamente se cent<\/p>\n","protected":false},"excerpt":{"rendered":"<p>02 de Febrero de 2006 VISTO: La Resoluci\u00f3n N\u00b0 25\/05 EPRE que dispuso convocar a Audiencia P\u00fablica con el objeto de considerar la solicitud de Modificaci\u00f3n de Tarifas El\u00e9ctricas a Usuarios Urbanos de Peque\u00f1as, Medianas y Grandes Demandas, del Cuadro Tarifario vigente formulada por la Cooperativa El\u00e9ctrica y Otros Servicios de Concordia Ltda.; y<\/p>\n","protected":false},"author":1,"featured_media":0,"comment_status":"open","ping_status":"closed","sticky":false,"template":"","format":"standard","meta":{"footnotes":""},"categories":[8],"tags":[],"class_list":["post-483","post","type-post","status-publish","format-standard","hentry","category-resoluciones"],"_links":{"self":[{"href":"https:\/\/epre.gov.ar\/web\/wp-json\/wp\/v2\/posts\/483","targetHints":{"allow":["GET"]}}],"collection":[{"href":"https:\/\/epre.gov.ar\/web\/wp-json\/wp\/v2\/posts"}],"about":[{"href":"https:\/\/epre.gov.ar\/web\/wp-json\/wp\/v2\/types\/post"}],"author":[{"embeddable":true,"href":"https:\/\/epre.gov.ar\/web\/wp-json\/wp\/v2\/users\/1"}],"replies":[{"embeddable":true,"href":"https:\/\/epre.gov.ar\/web\/wp-json\/wp\/v2\/comments?post=483"}],"version-history":[{"count":3,"href":"https:\/\/epre.gov.ar\/web\/wp-json\/wp\/v2\/posts\/483\/revisions"}],"predecessor-version":[{"id":3804,"href":"https:\/\/epre.gov.ar\/web\/wp-json\/wp\/v2\/posts\/483\/revisions\/3804"}],"wp:attachment":[{"href":"https:\/\/epre.gov.ar\/web\/wp-json\/wp\/v2\/media?parent=483"}],"wp:term":[{"taxonomy":"category","embeddable":true,"href":"https:\/\/epre.gov.ar\/web\/wp-json\/wp\/v2\/categories?post=483"},{"taxonomy":"post_tag","embeddable":true,"href":"https:\/\/epre.gov.ar\/web\/wp-json\/wp\/v2\/tags?post=483"}],"curies":[{"name":"wp","href":"https:\/\/api.w.org\/{rel}","templated":true}]}}