{"id":4788,"date":"2021-02-14T17:10:00","date_gmt":"2021-02-14T17:10:00","guid":{"rendered":"https:\/\/epre.gov.ar\/web\/?p=4788"},"modified":"2022-01-27T17:13:45","modified_gmt":"2022-01-27T17:13:45","slug":"dia-mundial-de-la-energia-soluciones-y-alternativas","status":"publish","type":"post","link":"https:\/\/epre.gov.ar\/web\/dia-mundial-de-la-energia-soluciones-y-alternativas\/","title":{"rendered":"D\u00eda Mundial de la Energ\u00eda \/ Soluciones y alternativas"},"content":{"rendered":"\n<p>A 72 a\u00f1os de la instauraci\u00f3n de una fecha clave para seguir discutiendo el modelo energ\u00e9tico vigente y las soluciones alternativas.<\/p>\n\n\n\n<p>El D\u00eda Mundial de la Energ\u00eda naci\u00f3 como una idea de crear conciencia en la sociedad sobre la importancia del uso racional de la energ\u00eda y de la obtenci\u00f3n de la misma por fuentes limpias que la naturaleza ofrece, como el sol y el agua.<\/p>\n\n\n\n<p>Seg\u00fan las Naciones Unidas, m\u00e1s de un tercio de la poblaci\u00f3n mundial no tiene acceso a las formas avanzadas de energ\u00eda, y los 30 pa\u00edses m\u00e1s desarrollados del planeta, que representan un 15% de la poblaci\u00f3n total,consumen m\u00e1s del 60% de formas modernas de energ\u00eda. Se calcula que, aproximadamente,el 80% de la energ\u00eda se produce a partir de combustibles f\u00f3siles, y un 36% de \u00e9sta proviene del petr\u00f3leo. Solo un 2% proviene de energ\u00edas renovables.<\/p>\n\n\n\n<p>Desde el a\u00f1o 1949se dedica este d\u00eda aestetema en todo el mundo, un bien imprescindible para el desarrollo de la sociedad y la buena calidad de vida. Actualmente, est\u00e1n apareciendo nuevas formas de obtener energ\u00eda renovable y almacenarla.<\/p>\n\n\n\n<p>La energ\u00eda es imprescindible para el desarrollo y crecimiento de un pa\u00eds, toda la sociedad y calidad de vida depende de ella. En todas las \u00e9pocas, la energ\u00eda ha sido centro de la actividad humana; la fuerza misma del hombre fue su fuente principal en la \u00e9poca primitiva, sin embargo, a partir del siglo XXI, m\u00e1s que nunca se depende de la energ\u00eda.<\/p>\n\n\n\n<p>Seg\u00fan uno de los \u00faltimos informes anuales del Programa de Naciones Unidas para el Medio Ambiente (PNUMA), m\u00e1s de un tercio de la poblaci\u00f3n mundial no tiene acceso a las formas avanzadas de energ\u00eda, y que los 30 pa\u00edses m\u00e1s desarrollados del planeta, que representan un 15% de la poblaci\u00f3n total, consumen m\u00e1s del 60% de estas formas modernas de energ\u00eda.<\/p>\n\n\n\n<p>Se calcula que, aproximadamente, el 80% de la energ\u00eda se produce a partir de combustibles f\u00f3siles, y un 36% de \u00e9sta proviene del petr\u00f3leo. Solo un 2% proviene de energ\u00edas renovables.<\/p>\n\n\n\n<p>Durante este d\u00eda, cada a\u00f1o en diversos pa\u00edses del mundo se realizan eventos donde se imparten charlas sobre ahorro de energ\u00eda. Adoptar medidas y h\u00e1bitos de uso eficiente de la energ\u00eda en el plano personal y colectivo, y la producci\u00f3n de energ\u00edas limpias, alternativas renovables no es s\u00f3lo una cultura o un intento de mejorar el medio ambiente, sino una necesidad a la que el ser humano se debe abocar.<\/p>\n\n\n\n<p><\/p>\n","protected":false},"excerpt":{"rendered":"<p>A 72 a\u00f1os de la instauraci\u00f3n de una fecha clave para seguir discutiendo el modelo energ\u00e9tico vigente y las soluciones alternativas. El D\u00eda Mundial de la Energ\u00eda naci\u00f3 como una idea de crear conciencia en la sociedad sobre la importancia del uso racional de la energ\u00eda y de la obtenci\u00f3n de la misma por fuentes [&hellip;]<\/p>\n","protected":false},"author":1,"featured_media":1285,"comment_status":"open","ping_status":"closed","sticky":false,"template":"","format":"standard","meta":{"footnotes":""},"categories":[1],"tags":[],"class_list":["post-4788","post","type-post","status-publish","format-standard","has-post-thumbnail","hentry","category-noticias"],"_links":{"self":[{"href":"https:\/\/epre.gov.ar\/web\/wp-json\/wp\/v2\/posts\/4788","targetHints":{"allow":["GET"]}}],"collection":[{"href":"https:\/\/epre.gov.ar\/web\/wp-json\/wp\/v2\/posts"}],"about":[{"href":"https:\/\/epre.gov.ar\/web\/wp-json\/wp\/v2\/types\/post"}],"author":[{"embeddable":true,"href":"https:\/\/epre.gov.ar\/web\/wp-json\/wp\/v2\/users\/1"}],"replies":[{"embeddable":true,"href":"https:\/\/epre.gov.ar\/web\/wp-json\/wp\/v2\/comments?post=4788"}],"version-history":[{"count":1,"href":"https:\/\/epre.gov.ar\/web\/wp-json\/wp\/v2\/posts\/4788\/revisions"}],"predecessor-version":[{"id":4789,"href":"https:\/\/epre.gov.ar\/web\/wp-json\/wp\/v2\/posts\/4788\/revisions\/4789"}],"wp:featuredmedia":[{"embeddable":true,"href":"https:\/\/epre.gov.ar\/web\/wp-json\/wp\/v2\/media\/1285"}],"wp:attachment":[{"href":"https:\/\/epre.gov.ar\/web\/wp-json\/wp\/v2\/media?parent=4788"}],"wp:term":[{"taxonomy":"category","embeddable":true,"href":"https:\/\/epre.gov.ar\/web\/wp-json\/wp\/v2\/categories?post=4788"},{"taxonomy":"post_tag","embeddable":true,"href":"https:\/\/epre.gov.ar\/web\/wp-json\/wp\/v2\/tags?post=4788"}],"curies":[{"name":"wp","href":"https:\/\/api.w.org\/{rel}","templated":true}]}}