{"id":4780,"date":"2021-01-20T16:58:00","date_gmt":"2021-01-20T16:58:00","guid":{"rendered":"https:\/\/epre.gov.ar\/web\/?p=4780"},"modified":"2022-01-27T17:01:42","modified_gmt":"2022-01-27T17:01:42","slug":"en-rio-negro-hay-38-familias-que-generan-su-energia","status":"publish","type":"post","link":"https:\/\/epre.gov.ar\/web\/en-rio-negro-hay-38-familias-que-generan-su-energia\/","title":{"rendered":"En R\u00edo Negro hay 38 familias que generan su energ\u00eda"},"content":{"rendered":"\n<p>Pese a la pandemia de Covid-19, la provincia de R\u00edo Negro casi triplic\u00f3 durante 2020 la cantidad de usuarios que generan parte de sus requerimientos energ\u00e9ticos a partir de fuentes renovables instaladas en el techo de sus casas. Es que R\u00edo Negro fue una de las provincias en reglamentar y poner en marcha la ley nacional que permite la generaci\u00f3n distribuida de energ\u00eda, un terreno en el que La Pampa dio grandes pasos durante el a\u00f1o pasado.<\/p>\n\n\n\n<p>El responsable del \u00e1rea T\u00e9cnica del Ente Provincial Regulador de la Electricidad (EPRE), Agust\u00edn Vidal, inform\u00f3 al portal Bariloche Opina (www.barilocheopina.com) que los tres \u00faltimos generadores domiciliarios que se conectaron a la red provienen de Bariloche, General Roca y Cipolletti y con ellos el 2020 cerr\u00f3 con 38 usuarios, siendo que en 2019 hab\u00edan sido 14.<\/p>\n\n\n\n<p>Vidal cont\u00f3 que esos 38 usuarios han instalado una potencia de 172 kWp. Entre ellos hay uno de la Cooperativa de Electricidad R\u00edo Colorado; 12 usuarios de la Cooperativa de Electricidad Bariloche; y 25 usuarios de EdERSA, siendo Cipolletti la localidad que cuenta con m\u00e1s instalaciones de este tipo, con 41.78 kWp instalados.<\/p>\n\n\n\n<p>Existen en proceso de habilitaci\u00f3n 12 proyectos que cuentan con m\u00f3dulos de generaci\u00f3n propia y sus titulares ya han iniciado el procedimiento ante las Distribuidoras para ser dados de alta. Cuando ello se concrete, totalizar\u00e1n una potencia de 125 kWp.<br>De esos 38 usuarios, 34 de los usuarios son de tipo residencial\/comercial y los 4 restantes, poseen consumos industriales.<\/p>\n\n\n\n<p>Este notorio crecimiento tiene dos explicaciones principales: por un lado, lograr un ahorro en la factura final de luz, y por el otro lado, una mayor conciencia ecol\u00f3gica. En los \u00faltimos casos que se sumaron, el an\u00e1lisis de su consumo energ\u00e9tico mostr\u00f3 que en un 65 por ciento se abastecieron con su propia generaci\u00f3n.<\/p>\n\n\n\n<p>Seg\u00fan explic\u00f3 el representante del EPRE, a partir de los registros que toma un medidor bidireccional \u00abse puede identificar en la facturaci\u00f3n mensual un descuento por la energ\u00eda, que es la energ\u00eda que se inyect\u00f3 a la red en los momentos en los que la demanda de los artefactos el\u00e9ctricos es menor a la que genera con sus paneles solares\u00bb.<\/p>\n\n\n\n<p>\u00abLa distribuidora la valoriza al mismo precio que vende la energ\u00eda, es decir, compra la energ\u00eda; y es ese el precio que aparece diferenciado en la factura. El otro beneficio, que es el de autoconsumo, obviamente se ve reflejado en una disminuci\u00f3n en lo demandado a la distribuidora\u00bb, a\u00f1adi\u00f3.<\/p>\n\n\n\n<p>Seg\u00fan aclar\u00f3 Vidal, todo este tipo de equipamiento es importado por lo que, m\u00e1s all\u00e1 de que se han vuelto m\u00e1s eficientes, no se ha reducido el tiempo de recupero de la inversi\u00f3n.<\/p>\n\n\n\n<p><strong>Rol activo.<br><\/strong>La Generaci\u00f3n Distribuida contribuye a la sustentabilidad del sistema el\u00e9ctrico y cuenta con una normativa nacional, que fue aprobada en forma posterior a la reglamentaci\u00f3n rionegrina. Su esp\u00edritu ubica al usuario en un rol m\u00e1s activo: un usuario que administra la energ\u00eda que consume, genera y comparte en la red p\u00fablica sus excedentes.<\/p>\n\n\n\n<p>La ley nacional que abri\u00f3 la puerta a la Generaci\u00f3n distribuida ya tiene unos tres a\u00f1os de vigencia y es la que habilita a aquellos usuarios que cuenten con sistemas de generaci\u00f3n con fuentes renovables a inyectar los excedentes a la red de distribuci\u00f3n y cobrar por los mismos.<\/p>\n\n\n\n<p><strong>Fuente<\/strong>: https:\/\/www.laarena.com.ar\/el-pais\/2021-1-15-21-6-56-en-rio-negro-hay-38-familias-que-generan-su-energia<\/p>\n","protected":false},"excerpt":{"rendered":"<p>Pese a la pandemia de Covid-19, la provincia de R\u00edo Negro casi triplic\u00f3 durante 2020 la cantidad de usuarios que generan parte de sus requerimientos energ\u00e9ticos a partir de fuentes renovables instaladas en el techo de sus casas. Es que R\u00edo Negro fue una de las provincias en reglamentar y poner en marcha la ley [&hellip;]<\/p>\n","protected":false},"author":1,"featured_media":4782,"comment_status":"open","ping_status":"closed","sticky":false,"template":"","format":"standard","meta":{"footnotes":""},"categories":[12],"tags":[],"class_list":["post-4780","post","type-post","status-publish","format-standard","has-post-thumbnail","hentry","category-solar"],"_links":{"self":[{"href":"https:\/\/epre.gov.ar\/web\/wp-json\/wp\/v2\/posts\/4780","targetHints":{"allow":["GET"]}}],"collection":[{"href":"https:\/\/epre.gov.ar\/web\/wp-json\/wp\/v2\/posts"}],"about":[{"href":"https:\/\/epre.gov.ar\/web\/wp-json\/wp\/v2\/types\/post"}],"author":[{"embeddable":true,"href":"https:\/\/epre.gov.ar\/web\/wp-json\/wp\/v2\/users\/1"}],"replies":[{"embeddable":true,"href":"https:\/\/epre.gov.ar\/web\/wp-json\/wp\/v2\/comments?post=4780"}],"version-history":[{"count":1,"href":"https:\/\/epre.gov.ar\/web\/wp-json\/wp\/v2\/posts\/4780\/revisions"}],"predecessor-version":[{"id":4783,"href":"https:\/\/epre.gov.ar\/web\/wp-json\/wp\/v2\/posts\/4780\/revisions\/4783"}],"wp:featuredmedia":[{"embeddable":true,"href":"https:\/\/epre.gov.ar\/web\/wp-json\/wp\/v2\/media\/4782"}],"wp:attachment":[{"href":"https:\/\/epre.gov.ar\/web\/wp-json\/wp\/v2\/media?parent=4780"}],"wp:term":[{"taxonomy":"category","embeddable":true,"href":"https:\/\/epre.gov.ar\/web\/wp-json\/wp\/v2\/categories?post=4780"},{"taxonomy":"post_tag","embeddable":true,"href":"https:\/\/epre.gov.ar\/web\/wp-json\/wp\/v2\/tags?post=4780"}],"curies":[{"name":"wp","href":"https:\/\/api.w.org\/{rel}","templated":true}]}}