{"id":4668,"date":"2021-06-26T16:00:23","date_gmt":"2021-06-26T16:00:23","guid":{"rendered":"https:\/\/epre.gov.ar\/web\/?p=4668"},"modified":"2021-06-26T16:00:28","modified_gmt":"2021-06-26T16:00:28","slug":"firman-convenio-para-abastecer-de-energia-renovable-a-parques-nacionales","status":"publish","type":"post","link":"https:\/\/epre.gov.ar\/web\/firman-convenio-para-abastecer-de-energia-renovable-a-parques-nacionales\/","title":{"rendered":"Firman convenio para abastecer de energ\u00eda renovable a parques nacionales"},"content":{"rendered":"\n<p>El convenio entre el Ministerio de Ambiente y Desarrollo Sostenible y la Secretar\u00eda de Energ\u00eda tiene una inversi\u00f3n de 375 millones de pesos e involucra a 9 \u00e1reas protegidas.<\/p>\n\n\n\n<p>El ministro de Ambiente y Desarrollo Sostenible, Juan Cabandi\u00e9, arrib\u00f3 esta tarde a la provincia de Neuqu\u00e9n para reunirse en la localidad de San Mart\u00edn de Los Andes con el secretario de Energ\u00eda de la Naci\u00f3n, Dar\u00edo Mart\u00ednez, y firmar un convenio para que nueve parques nacionales cuenten en sus edificios con energ\u00eda renovable.<br>\u201cCon este convenio conectamos las \u00e1reas protegidas que no ten\u00edan luz y dejamos de contaminar, porque la energ\u00eda basada en combustibles es contaminante y genera gases de efecto invernadero\u201d, dijo Cabandi\u00e9.<\/p>\n\n\n\n<p>Por su parte, Mart\u00ednez se\u00f1al\u00f3: \u201cEstamos camino a la transici\u00f3n energ\u00e9tica, y se vuelve necesario que lo encaremos entre todos. Cada vez m\u00e1s los procesos energ\u00e9ticos tienen que ser amigables con el ambiente, como viene planteando el ministro Cabandi\u00e9 y en funci\u00f3n de un proyecto de pa\u00eds, adem\u00e1s que genera empleo y actividad, y esta es la salida de la Argentina\u201d.<\/p>\n\n\n\n<p>La iniciativa cuenta con una inversi\u00f3n de $ 375 millones y comprende la adquisici\u00f3n e instalaci\u00f3n de 53 sistemas fotovoltaicos para los parques nacionales Lan\u00edn (Neuqu\u00e9n); Quebrada del Condorito (C\u00f3rdoba); Islas de Santa Fe; El Palmar (Entre R\u00edos); Talampaya(La Rioja); Aconquija (Tucum\u00e1n); Los Cardones (Salta); Calilegua, (Jujuy); y Copo(Santiago del Estero).<\/p>\n\n\n\n<p>De esta manera, las \u00e1reas protegidas mencionadas tendr\u00e1n la totalidad de los edificios, donde no llega la red de energ\u00eda el\u00e9ctrica, abastecidos por energ\u00eda renovable tanto en las unidades habitacionales como en los sitios de uso p\u00fablico. Esto permitir\u00e1 reducir el uso de combustibles f\u00f3siles y otros recursos naturales para la iluminaci\u00f3n, cocci\u00f3n de alimentos y calefacci\u00f3n.<\/p>\n\n\n\n<p>El acuerdo tambi\u00e9n fue suscripto por la jefa de Gabinete de la Administraci\u00f3n de Parques Nacionales (APN), Fernanda \u00c1lvarez, en el acto desarrollado en el Centro de Visitantes del Parque Nacional Lan\u00edn con la presencia del intendente de San Mart\u00edn de los Andes, Carlos Saloniti, el intendente del \u00e1rea protegida nacional, Salvador Vellido, y autoridades y agentes de la APN. El ministro Juan Cabandi\u00e9 estuvo acompa\u00f1ado por la jefa del Gabinete de Asesores de la cartera de Ambiente, Mar\u00eda Soledad Cantero, y por el director nacional del Servicio de Manejo del Fuego (SNMF), Alberto Seufferheld.<\/p>\n\n\n\n<p>La articulaci\u00f3n entre las carteras de Ambiente y Energ\u00eda se enmarca en el Proyecto de Energ\u00eda Renovable (PERMER), que cuenta con financiamiento del Banco Mundial y promueve el fortalecimiento de \u00e1reas protegidas mediante la implementaci\u00f3n del Programa de Uso Sostenible de los Recursos. Este consiste en la electrificaci\u00f3n rural con la utilizaci\u00f3n de fuentes de generaci\u00f3n renovable, principalmente fotovoltaica y e\u00f3lica.<\/p>\n\n\n\n<p>Fuente: Argentina.gob.ar<\/p>\n","protected":false},"excerpt":{"rendered":"<p>El convenio entre el Ministerio de Ambiente y Desarrollo Sostenible y la Secretar\u00eda de Energ\u00eda tiene una inversi\u00f3n de 375 millones de pesos e involucra a 9 \u00e1reas protegidas. El ministro de Ambiente y Desarrollo Sostenible, Juan Cabandi\u00e9, arrib\u00f3 esta tarde a la provincia de Neuqu\u00e9n para reunirse en la localidad de San Mart\u00edn de [&hellip;]<\/p>\n","protected":false},"author":1,"featured_media":4669,"comment_status":"open","ping_status":"closed","sticky":false,"template":"","format":"standard","meta":{"footnotes":""},"categories":[7,12],"tags":[],"class_list":["post-4668","post","type-post","status-publish","format-standard","has-post-thumbnail","hentry","category-noticias-sobre-energias","category-solar"],"_links":{"self":[{"href":"https:\/\/epre.gov.ar\/web\/wp-json\/wp\/v2\/posts\/4668","targetHints":{"allow":["GET"]}}],"collection":[{"href":"https:\/\/epre.gov.ar\/web\/wp-json\/wp\/v2\/posts"}],"about":[{"href":"https:\/\/epre.gov.ar\/web\/wp-json\/wp\/v2\/types\/post"}],"author":[{"embeddable":true,"href":"https:\/\/epre.gov.ar\/web\/wp-json\/wp\/v2\/users\/1"}],"replies":[{"embeddable":true,"href":"https:\/\/epre.gov.ar\/web\/wp-json\/wp\/v2\/comments?post=4668"}],"version-history":[{"count":1,"href":"https:\/\/epre.gov.ar\/web\/wp-json\/wp\/v2\/posts\/4668\/revisions"}],"predecessor-version":[{"id":4670,"href":"https:\/\/epre.gov.ar\/web\/wp-json\/wp\/v2\/posts\/4668\/revisions\/4670"}],"wp:featuredmedia":[{"embeddable":true,"href":"https:\/\/epre.gov.ar\/web\/wp-json\/wp\/v2\/media\/4669"}],"wp:attachment":[{"href":"https:\/\/epre.gov.ar\/web\/wp-json\/wp\/v2\/media?parent=4668"}],"wp:term":[{"taxonomy":"category","embeddable":true,"href":"https:\/\/epre.gov.ar\/web\/wp-json\/wp\/v2\/categories?post=4668"},{"taxonomy":"post_tag","embeddable":true,"href":"https:\/\/epre.gov.ar\/web\/wp-json\/wp\/v2\/tags?post=4668"}],"curies":[{"name":"wp","href":"https:\/\/api.w.org\/{rel}","templated":true}]}}