{"id":4627,"date":"2021-04-05T18:35:54","date_gmt":"2021-04-05T18:35:54","guid":{"rendered":"https:\/\/epre.gov.ar\/web\/?p=4627"},"modified":"2021-04-05T18:35:56","modified_gmt":"2021-04-05T18:35:56","slug":"santa-fe-en-la-provincia-ya-hay-40-usuarios-que-generan-su-propia-energia","status":"publish","type":"post","link":"https:\/\/epre.gov.ar\/web\/santa-fe-en-la-provincia-ya-hay-40-usuarios-que-generan-su-propia-energia\/","title":{"rendered":"Santa Fe. En la provincia ya hay 40 usuarios que generan su propia energ\u00eda"},"content":{"rendered":"\n<p>Se trata de domicilios, comercios, instalaciones rurales, entidades p\u00fablicas y clubes. Hay importantes incentivos para los que se sumen.<\/p>\n\n\n\n<p>El gobierno provincial, a trav\u00e9s del Ministerio de <a href=\"https:\/\/www.lacapital.com.ar\/ambiente-a23171\">Ambiente<\/a> y Cambio Clim\u00e1tico, junto a la Empresa Provincial de la Energ\u00eda (EPE), avanzan con el <a href=\"https:\/\/www.lacapital.com.ar\/programa-a24211\">Programa<\/a> Energ\u00eda Renovable para el Ambiente (ERA), el cual <strong>ya cuenta con los primeros 40 usuarios generadores, entre los que se destacan domicilios, comercios, instalaciones rurales, entidades p\u00fablicas, organizaciones de la sociedad civil y clubes.<\/strong><\/p>\n\n\n\n<p><strong>El nuevo programa de generaci\u00f3n distribuida tiene como objetivo fomentar el desarrollo de las redes inteligentes e incentivar la generaci\u00f3n de energ\u00eda el\u00e9ctrica a partir de fuentes renovables para autoconsumo<\/strong>, con la posibilidad de inyectar los excedentes a la red el\u00e9ctrica.<\/p>\n\n\n\n<p>Estos nuevos 40 usuarios-generadores ya se encuentran conectados a la red, incorporando una potencia renovable de 127,5 KW. <strong>El 70 % de los nuevos usuarios generadores corresponde al segmento residencial, el cual representa el 47 % de la nueva potencia renovable instalada. Lo sigue el sector comercial con el 15% de los usuarios, pero con el 41 % de la potencia dado que sus necesidades energ\u00e9ticas son mayores<\/strong>.<\/p>\n\n\n\n<p>El Programa ERA implementa un sistema de incentivos tal como lo propone la ley nacional de generaci\u00f3n distribuida, al igual que otras provincias de la Argentina. En este marco, cualquier usuario de la red el\u00e9ctrica tiene derecho a generar su propia energ\u00eda renovable, obteniendo importantes ahorros al consumir la energ\u00eda el\u00e9ctrica que genera y no usando la de la red.<\/p>\n\n\n\n<p><strong>A su vez, cuando el usuario-generador produzca energ\u00eda pero no la est\u00e9 consumiendo, \u00e9sta se inyectar\u00e1 en la red p\u00fablica, obteniendo un ingreso en su factura por la venta de esta energ\u00eda.<\/strong><\/p>\n\n\n\n<p>Se destaca tambi\u00e9n el car\u00e1cter solidario del Programa, que otorga beneficios econ\u00f3micos adicionales a la generaci\u00f3n renovable de las instituciones sociales de la provincia, como por ejemplo los clubes de barrio.<\/p>\n\n\n\n<h3 class=\"wp-block-heading\">En detalle<\/h3>\n\n\n\n<p>El Ministerio de Ambiente y Cambio Clim\u00e1tico dio origen a este Programa a trav\u00e9s del decreto provincial N\u00ba 1.098\/2020, cuyo objetivo consiste en crear las bases para el desarrollo de las redes inteligentes (Smart Grids) que impulsen el uso de las <a href=\"https:\/\/www.lacapital.com.ar\/energias-renovables-a30803\">energ\u00edas renovables<\/a>, el desarrollo de nuevas tecnolog\u00edas y el uso eficiente y gestionado de la energ\u00eda, conformando a los usuarios-generadores.<\/p>\n\n\n\n<p>Este trabajo suma acciones a la ley provincial N\u00ba 12.503, que declara de inter\u00e9s provincial la generaci\u00f3n y uso de energ\u00edas alternativas, o blandas, a partir de la aplicaci\u00f3n de las fuentes renovables en todo el territorio santafesino, y a la reciente ley de acci\u00f3n clim\u00e1tica N\u00ba 14.091, que dentro de sus objetivos establece contribuir a la transici\u00f3n energ\u00e9tica, implementando pol\u00edticas de energ\u00edas renovables y de eficiencia energ\u00e9tica.<\/p>\n\n\n\n<p><strong>El programa est\u00e1 dirigido a los todos los usuarios el\u00e9ctricos de la provincia, en sus distintos segmentos: residenciales, comerciales, pymes, consorcios, clubes, ONG, rurales e industriales.<\/strong><\/p>\n\n\n\n<p>El dimensionamiento de la potencia permitida de conexi\u00f3n a la red de la EPE est\u00e1 relacionado con el consumo de cada usuario. La instalaci\u00f3n propuesta por un usuario-generador, podr\u00e1 ser equivalente al 100% de su consumo promedio del \u00faltimo a\u00f1o.<\/p>\n\n\n\n<p>La gesti\u00f3n integral de empresas proveedoras, representantes y la presentaci\u00f3n de proyectos se canaliza a trav\u00e9s de la plataforma web oficial: https:\/\/epe.santafe.gov.ar\/programa-era\/.<\/p>\n\n\n\n<p>Todos los tr\u00e1mites se inician desde la p\u00e1gina web, a su vez las y los interesados pueden obtener informaci\u00f3n para el dise\u00f1o de sus instalaciones y contactarse con las empresas proveedoras del rubro para solicitar una cotizaci\u00f3n que se ajuste a su necesidad, y as\u00ed llevar adelante la autogesti\u00f3n de su proyecto.<\/p>\n\n\n\n<p>Por su parte, una empresa proveedora o representante puede consultar, desde su perfil, la carpeta de proyectos de sus clientes y ver en qu\u00e9 estado se encuentra cada gesti\u00f3n.<\/p>\n\n\n\n<h3 class=\"wp-block-heading\">Potenciar las energ\u00edas e\u00f3licas y renovables<\/h3>\n\n\n\n<p>El Programa Energ\u00eda Renovable para el Ambiente (ERA) admite no solo energ\u00eda proveniente de un sistema fotovoltaico, sino tambi\u00e9n otras fuentes de energ\u00edas renovables, como ser e\u00f3lica (aprovechamiento del viento) o de bioenerg\u00edas (aprovechamiento de desechos org\u00e1nicos o industriales).<\/p>\n\n\n\n<p>Con esta iniciativa se genera valor, desde la incorporaci\u00f3n de sistemas de generaci\u00f3n distribuida, para la producci\u00f3n de energ\u00edas renovables en el mismo lugar que se consume la misma.<\/p>\n\n\n\n<p>Seg\u00fan se destac\u00f3, ERA se encuadra en una pol\u00edtica integral de transici\u00f3n energ\u00e9tica que impulsa el gobierno provincial con la mirada puesta en llegar a la mayor cantidad de sectores y universalizar el acceso a las energ\u00edas renovables. Se destaca tambi\u00e9n que las cooperativas el\u00e9ctricas de la provincia se encuentran en proceso de adhesi\u00f3n al programa para poder implementar el mismo en las localidades donde brindan el servicio de distribuci\u00f3n.<\/p>\n\n\n\n<p>Fuente: <a href=\"https:\/\/www.lacapital.com.ar\/la-ciudad\/en-la-provincia-ya-hay-40-usuarios-que-generan-su-propia-energia-n2651813.html\">La Capital<\/a><\/p>\n","protected":false},"excerpt":{"rendered":"<p>Se trata de domicilios, comercios, instalaciones rurales, entidades p\u00fablicas y clubes. Hay importantes incentivos para los que se sumen. El gobierno provincial, a trav\u00e9s del Ministerio de Ambiente y Cambio Clim\u00e1tico, junto a la Empresa Provincial de la Energ\u00eda (EPE), avanzan con el Programa Energ\u00eda Renovable para el Ambiente (ERA), el cual ya cuenta con [&hellip;]<\/p>\n","protected":false},"author":1,"featured_media":4628,"comment_status":"open","ping_status":"closed","sticky":false,"template":"","format":"standard","meta":{"footnotes":""},"categories":[12],"tags":[],"class_list":["post-4627","post","type-post","status-publish","format-standard","has-post-thumbnail","hentry","category-solar"],"_links":{"self":[{"href":"https:\/\/epre.gov.ar\/web\/wp-json\/wp\/v2\/posts\/4627","targetHints":{"allow":["GET"]}}],"collection":[{"href":"https:\/\/epre.gov.ar\/web\/wp-json\/wp\/v2\/posts"}],"about":[{"href":"https:\/\/epre.gov.ar\/web\/wp-json\/wp\/v2\/types\/post"}],"author":[{"embeddable":true,"href":"https:\/\/epre.gov.ar\/web\/wp-json\/wp\/v2\/users\/1"}],"replies":[{"embeddable":true,"href":"https:\/\/epre.gov.ar\/web\/wp-json\/wp\/v2\/comments?post=4627"}],"version-history":[{"count":1,"href":"https:\/\/epre.gov.ar\/web\/wp-json\/wp\/v2\/posts\/4627\/revisions"}],"predecessor-version":[{"id":4629,"href":"https:\/\/epre.gov.ar\/web\/wp-json\/wp\/v2\/posts\/4627\/revisions\/4629"}],"wp:featuredmedia":[{"embeddable":true,"href":"https:\/\/epre.gov.ar\/web\/wp-json\/wp\/v2\/media\/4628"}],"wp:attachment":[{"href":"https:\/\/epre.gov.ar\/web\/wp-json\/wp\/v2\/media?parent=4627"}],"wp:term":[{"taxonomy":"category","embeddable":true,"href":"https:\/\/epre.gov.ar\/web\/wp-json\/wp\/v2\/categories?post=4627"},{"taxonomy":"post_tag","embeddable":true,"href":"https:\/\/epre.gov.ar\/web\/wp-json\/wp\/v2\/tags?post=4627"}],"curies":[{"name":"wp","href":"https:\/\/api.w.org\/{rel}","templated":true}]}}