{"id":4594,"date":"2021-02-19T18:54:56","date_gmt":"2021-02-19T18:54:56","guid":{"rendered":"https:\/\/epre.gov.ar\/web\/?p=4594"},"modified":"2021-02-19T18:54:57","modified_gmt":"2021-02-19T18:54:57","slug":"energia-busca-trabajar-por-una-politica-energetica-federal-junto-a-ieasa","status":"publish","type":"post","link":"https:\/\/epre.gov.ar\/web\/energia-busca-trabajar-por-una-politica-energetica-federal-junto-a-ieasa\/","title":{"rendered":"Energ\u00eda busca trabajar por una \u201cpol\u00edtica energ\u00e9tica federal\u201d junto a IEASA"},"content":{"rendered":"\n<p>El secretario de Energ\u00eda de la Naci\u00f3n, Dar\u00edo Martinez, mantuvo un encuentro con las nuevas autoridades de Integraci\u00f3n Energ\u00e9tica Argentina (IEASA), presidida por Agust\u00edn Gerez. Durante la misma se analizaron las formas de una mejor articulaci\u00f3n entre la empresa y la cartera energ\u00e9tica. Esta fue la primera reuni\u00f3n de trabajo entre ambos, con el objetivo de fortalecer \u201cuna pol\u00edtica energ\u00e9tica federal\u201d.<\/p>\n\n\n\n<p>\u201cEl nuevo directorio tiene muchas ganas de desarrollar desde IEASA una serie de objetivos puntuales para tener una pol\u00edtica energ\u00e9tica m\u00e1s federal, de m\u00e1s integraci\u00f3n\u201d, manifest\u00f3 Mart\u00ednez luego de la reuni\u00f3n. El funcionario estuvo acompa\u00f1ado por el subsecretario de Energ\u00eda El\u00e9ctrica, Federico Basualdo. Mientras que, adem\u00e1s de Gerez, participaron tambi\u00e9n Mar\u00eda Bel\u00e9n de los Santos, V\u00edctor Bronstein, Mariano Barrera, Diego Rozengardt, Oscar Cretini (directores) y Sebasti\u00e1n Bonetto (subgerente general).<\/p>\n\n\n\n<p>\u201cPodemos lograr una sinergia importante porque hoy la empresa tiene entre sus objetivos el desarrollo energ\u00e9tico de mediano y largo plazo, en una visi\u00f3n compartida con la secretar\u00eda\u201d, indic\u00f3 el funcionario nacional.<\/p>\n\n\n\n<p>Por su parte, el presidente de IEASA, Agust\u00edn Gerez, hizo una evaluaci\u00f3n de la reuni\u00f3n: \u201cEl trabajo en conjunto entre las diferentes \u00e1reas del Estado resulta central para la consecuci\u00f3n de los objetivos planteados, siempre bajo la premisa de que la industria energ\u00e9tica es un elemento central para el desarrollo de los argentinos y las argentinas. En el trabajo conjunto con Dar\u00edo, no tengo dudas de que vamos a hacer de nuestros objetivos logros concretos\u201d.<\/p>\n\n\n\n<p>IEASA es una empresa del Estado Nacional dedicada a la exploraci\u00f3n, transporte y distribuci\u00f3n y\/o comercializaci\u00f3n de petr\u00f3leo, gas y energ\u00eda el\u00e9ctrica. Entre los emprendimientos bajo su \u00f3rbita se encuentran la importaci\u00f3n de gas natural de Bolivia y el abastecimiento para generaci\u00f3n mediante GNL, los proyectos de las centrales hidroel\u00e9ctricas N\u00e9stor Kirchner y Jorge Cepernic, en la provincia de Santa Cruz, y la comercializaci\u00f3n de la energ\u00eda producida por las represas de Yacyret\u00e1 y Salto Grande, adem\u00e1s de las interconexiones con Uruguay, Brasil y Paraguay.<\/p>\n\n\n\n<p>En funci\u00f3n de ampliar la capacidad de transporte y la conexi\u00f3n de gas, ha motorizado las obras del Gasoducto de Integraci\u00f3n Juana Azurduy (en conjunto con Bolivia) y del Gasoducto del GNEA, que abarca las provincias de Salta, Formosa, Chaco y Santa Fe.<\/p>\n","protected":false},"excerpt":{"rendered":"<p>El secretario de Energ\u00eda de la Naci\u00f3n, Dar\u00edo Martinez, mantuvo un encuentro con las nuevas autoridades de Integraci\u00f3n Energ\u00e9tica Argentina (IEASA), presidida por Agust\u00edn Gerez. Durante la misma se analizaron las formas de una mejor articulaci\u00f3n entre la empresa y la cartera energ\u00e9tica. Esta fue la primera reuni\u00f3n de trabajo entre ambos, con el objetivo [&hellip;]<\/p>\n","protected":false},"author":1,"featured_media":4595,"comment_status":"open","ping_status":"closed","sticky":false,"template":"","format":"standard","meta":{"footnotes":""},"categories":[1],"tags":[],"class_list":["post-4594","post","type-post","status-publish","format-standard","has-post-thumbnail","hentry","category-noticias"],"_links":{"self":[{"href":"https:\/\/epre.gov.ar\/web\/wp-json\/wp\/v2\/posts\/4594","targetHints":{"allow":["GET"]}}],"collection":[{"href":"https:\/\/epre.gov.ar\/web\/wp-json\/wp\/v2\/posts"}],"about":[{"href":"https:\/\/epre.gov.ar\/web\/wp-json\/wp\/v2\/types\/post"}],"author":[{"embeddable":true,"href":"https:\/\/epre.gov.ar\/web\/wp-json\/wp\/v2\/users\/1"}],"replies":[{"embeddable":true,"href":"https:\/\/epre.gov.ar\/web\/wp-json\/wp\/v2\/comments?post=4594"}],"version-history":[{"count":1,"href":"https:\/\/epre.gov.ar\/web\/wp-json\/wp\/v2\/posts\/4594\/revisions"}],"predecessor-version":[{"id":4596,"href":"https:\/\/epre.gov.ar\/web\/wp-json\/wp\/v2\/posts\/4594\/revisions\/4596"}],"wp:featuredmedia":[{"embeddable":true,"href":"https:\/\/epre.gov.ar\/web\/wp-json\/wp\/v2\/media\/4595"}],"wp:attachment":[{"href":"https:\/\/epre.gov.ar\/web\/wp-json\/wp\/v2\/media?parent=4594"}],"wp:term":[{"taxonomy":"category","embeddable":true,"href":"https:\/\/epre.gov.ar\/web\/wp-json\/wp\/v2\/categories?post=4594"},{"taxonomy":"post_tag","embeddable":true,"href":"https:\/\/epre.gov.ar\/web\/wp-json\/wp\/v2\/tags?post=4594"}],"curies":[{"name":"wp","href":"https:\/\/api.w.org\/{rel}","templated":true}]}}