{"id":4431,"date":"2020-07-20T08:27:00","date_gmt":"2020-07-20T08:27:00","guid":{"rendered":"http:\/\/epre.gov.ar\/web\/?p=4431"},"modified":"2020-07-27T18:43:16","modified_gmt":"2020-07-27T18:43:16","slug":"resolucion-no-126-2020","status":"publish","type":"post","link":"https:\/\/epre.gov.ar\/web\/resolucion-no-126-2020\/","title":{"rendered":"Resoluci\u00f3n N\u00ba 126 \/ 2020"},"content":{"rendered":"\n<p class=\"has-text-align-right\"><strong>PARAN\u00c1, 20 de julio de 2020<\/strong><\/p>\n\n\n\n<p><strong>VISTO:<\/strong><\/p>\n\n\n\n<p>Los Decretos N\u00ba 1092 y 1093 GOB del 20 de julio del 2020 y las Resoluciones EPRE N\u00ba 57\/20, 61\/20, 63\/20, 68\/20, 72\/20, 120\/20 y 121\/20, y los informes COES; y<\/p>\n\n\n\n<!--more-->\n\n\n\n<p><strong>CONSIDERANDO:<\/strong><\/p>\n\n\n\n<p>Que razones de salud p\u00fablica, originadas en la propagaci\u00f3n a nivel mundial, regional y local de distintos casos de coronavirus (COVID-19), tornan imperioso y necesario que esta Intervenci\u00f3n dicte los actos necesarios para acompa\u00f1ar las medidas dispuestas por Funcionarios Nacionales, Provinciales y Municipales, con el fin de preservar la salud del personal del ENTE PROVINCIAL REGULADOR DE LA ENERG\u00cdA DE ENTRE R\u00cdOS, como as\u00ed tambi\u00e9n de aquellas personas que concurran al Organismo en forma de contribuir, adem\u00e1s, con la contenci\u00f3n de la propagaci\u00f3n de la infecci\u00f3n por Covid-19;<\/p>\n\n\n\n<p>Que por Decretos Provinciales 1092 y 1093\/20 GOB se dispensa de la asistencia a sus lugares de trabajo al personal con prestaci\u00f3n de servicios en la Administraci\u00f3n P\u00fablica Provincial de la ciudad de Paran\u00e1 hasta tanto lo determine el titular del Poder Ejecutivo Provincial, con excepci\u00f3n del personal cr\u00edtico y\/o esencial conforme lo establezca la m\u00e1xima autoridad competente;<\/p>\n\n\n\n<p>Que, en este marco, se considera necesario, oportuno y conducente, la adopci\u00f3n de medidas urgentes y coordinadas (en el marco del Decreto N\u00ba 361\/20 MS por el cual se declar\u00f3 la emergencia sanitaria en todo el territorio de la Provincia) como consecuencia de la pandemia del nuevo Coronavirus COVID-19;<\/p>\n\n\n\n<p>Que este acto administrativo, como todos aquellos que se han dictado y dicten en sinton\u00eda, tiene como objeto proteger la salud de los trabajadores del EPRE y de todos los usuarios del servicio p\u00fablico el\u00e9ctrico provincial que asisten al Organismo a diario a fin de contribuir, en definitiva, a preservar la salud p\u00fablica;<\/p>\n\n\n\n<p>Que el Interventor del EPRE est\u00e1 facultado para el dictado de la presente resoluci\u00f3n en virtud de lo dispuesto por el art. 56, inc. d) de la Ley 8916;<\/p>\n\n\n\n<p>Que por Decreto N\u00ba 1127\/96 MEOSP se dispuso la intervenci\u00f3n de este Ente, atribuy\u00e9ndose al Interventor las facultades del Directorio, y que de conformidad al Decreto N\u00b0 168\/19 MPIS se ha designado Interventor del Organismo al Dr. Jos\u00e9 Carlos Halle, por lo que en uso de las funciones establecidas en los Art\u00edculos 48\u00ba y 56\u00ba de la Ley N\u00ba 8.916;<\/p>\n\n\n\n<p><strong>EL INTERVENTOR DEL EPRE<\/strong><\/p>\n\n\n\n<p><strong>R E S U E L V E:<\/strong><\/p>\n\n\n\n<p><strong>ARTICULO 1\u00ba<\/strong>: Prorrogar en todos sus t\u00e9rminos las disposiciones contenidas en la Resoluci\u00f3n N\u00ba 121\/20 EPRE hasta tanto lo determine el Sr. Interventor, con excepci\u00f3n del personal cr\u00edtico y\/o esencial conforme lo establezca cada Direcci\u00f3n, de conformidad a lo manifestado en los Considerandos de la presente y de las resoluciones anteriores.<\/p>\n\n\n\n<p><strong>ARTICULO 2\u00ba<\/strong>: Adoptar en la puerta de ingreso y en cada oficina del EPRE, las recomendaciones emitidas por la Direcci\u00f3n de Epidemiolog\u00eda del Ministerio de Salud de la Provincia (Documento COES ID: dcoes039), que como Anexo forma parte de la presente.<\/p>\n\n\n\n<p><strong>ARTICULO 3\u00ba<\/strong>: Autorizar a la DAF a que proceda a la compra \u2013conforme procedimiento de ley que corresponda- de un term\u00f3metro digital para el control tanto del personal que concurra a la oficina como de toda aquella persona externa que pretenda ingresar al Organismo para la consecuci\u00f3n de alg\u00fan tr\u00e1mite de urgencia.<\/p>\n\n\n\n<p><strong>ARTICULO 4\u00ba<\/strong>: Registrar, comunicar en formato digital a los Se\u00f1ores Directores y por su intermedio a todo el personal del EPRE, a las Distribuidoras, a la Aseguradora de Riesgos del Trabajo, publicar en la p\u00e1gina web del EPRE y, oportunamente, archivar.<\/p>\n\n\n\n<p class=\"has-text-align-center\"><strong><em>Dr. Jos\u00e9 Carlos Halle<\/em><br>Interventor<br>EPRE<\/strong><\/p>\n\n\n\n<p><\/p>\n","protected":false},"excerpt":{"rendered":"<p>PARAN\u00c1, 20 de julio de 2020 VISTO: Los Decretos N\u00ba 1092 y 1093 GOB del 20 de julio del 2020 y las Resoluciones EPRE N\u00ba 57\/20, 61\/20, 63\/20, 68\/20, 72\/20, 120\/20 y 121\/20, y los informes COES; y<\/p>\n","protected":false},"author":1,"featured_media":0,"comment_status":"open","ping_status":"closed","sticky":false,"template":"","format":"standard","meta":{"footnotes":""},"categories":[8],"tags":[],"class_list":["post-4431","post","type-post","status-publish","format-standard","hentry","category-resoluciones"],"_links":{"self":[{"href":"https:\/\/epre.gov.ar\/web\/wp-json\/wp\/v2\/posts\/4431","targetHints":{"allow":["GET"]}}],"collection":[{"href":"https:\/\/epre.gov.ar\/web\/wp-json\/wp\/v2\/posts"}],"about":[{"href":"https:\/\/epre.gov.ar\/web\/wp-json\/wp\/v2\/types\/post"}],"author":[{"embeddable":true,"href":"https:\/\/epre.gov.ar\/web\/wp-json\/wp\/v2\/users\/1"}],"replies":[{"embeddable":true,"href":"https:\/\/epre.gov.ar\/web\/wp-json\/wp\/v2\/comments?post=4431"}],"version-history":[{"count":1,"href":"https:\/\/epre.gov.ar\/web\/wp-json\/wp\/v2\/posts\/4431\/revisions"}],"predecessor-version":[{"id":4432,"href":"https:\/\/epre.gov.ar\/web\/wp-json\/wp\/v2\/posts\/4431\/revisions\/4432"}],"wp:attachment":[{"href":"https:\/\/epre.gov.ar\/web\/wp-json\/wp\/v2\/media?parent=4431"}],"wp:term":[{"taxonomy":"category","embeddable":true,"href":"https:\/\/epre.gov.ar\/web\/wp-json\/wp\/v2\/categories?post=4431"},{"taxonomy":"post_tag","embeddable":true,"href":"https:\/\/epre.gov.ar\/web\/wp-json\/wp\/v2\/tags?post=4431"}],"curies":[{"name":"wp","href":"https:\/\/api.w.org\/{rel}","templated":true}]}}