{"id":4410,"date":"2020-05-08T19:27:25","date_gmt":"2020-05-08T19:27:25","guid":{"rendered":"http:\/\/epre.gov.ar\/web\/?p=4410"},"modified":"2020-06-04T19:29:01","modified_gmt":"2020-06-04T19:29:01","slug":"metalurgica-mendocina-monta-complejas-turbinas-para-generar-energia-limpia","status":"publish","type":"post","link":"https:\/\/epre.gov.ar\/web\/metalurgica-mendocina-monta-complejas-turbinas-para-generar-energia-limpia\/","title":{"rendered":"Metal\u00fargica mendocina monta complejas turbinas para generar energ\u00eda limpia"},"content":{"rendered":"\n<p><strong>Una empresa local est\u00e1 culminando el \u00faltimo paso del montaje del Peque\u00f1o Aprovechamiento Hidroel\u00e9ctrico Salto 11, en Luj\u00e1n de Cuyo, que aprovechar\u00e1 la fuerza del agua del canal Cacique Guaymall\u00e9n para dar energ\u00eda a 597 hogares con contaminaci\u00f3n cero.<\/strong><\/p>\n\n\n\n<p>Bajo estrictos protocolos sanitarios y en una apuesta por reactivar la industria local y el trabajo mendocino,<strong> la Empresa Mendocina de Energ\u00eda (EMESA) autoriz\u00f3 a la&nbsp;metal\u00fargica y constructora Grili a entrar en&nbsp;la etapa final del montaje de las turbinas, una compleja obra de ingenier\u00eda que incluye tornillos&nbsp;de 4 metros de di\u00e1metro y 12 de largo, conocidos como \u201ctornillos de Arqu\u00edmedes<\/strong>\u201d.<\/p>\n\n\n\n<p>\u201cEl PAH Salto 11 fue concebido con un dise\u00f1o compacto, mediante turbina tornillo ubicado en el mismo curso del canal existente, en una \u00fanica estructura que aloja compuerta de aducci\u00f3n y la turbina\u201d, explic\u00f3 Pablo Magistocchi, presidente de EMESA, quien puntualiz\u00f3 que es el primer aprovechamiento que utiliza este tipo de estructura.<\/p>\n\n\n\n<p>\u201c<strong>Este es el s\u00e9ptimo PAH que concreta Mendoza. Los PAH permiten dar un doble aprovechamiento a los canales: generar energ\u00eda limpia y devolver el agua a su curso para riego sin contaminarla<\/strong>\u201d, asegur\u00f3.<\/p>\n\n\n\n<p>Los 2 tornillos de esta obra fueron tra\u00eddos desde Polonia para ser armados aqu\u00ed. Son un gran cilindro hueco que llevan en su interior una rampa helizoidal apoyada, como un espiral, en su eje. En obras de ingenier\u00eda requieren de un montaje complejo por sus dimensiones y para asegurar su duraci\u00f3n.<\/p>\n\n\n\n<p><strong>Una apuesta por la energ\u00eda renovable<\/strong><\/p>\n\n\n\n<p>Con estos peque\u00f1os aprovechamientos, que sumar\u00e1n en total 9, <strong>Mendoza cumple con el Plan de Energ\u00edas Renovables Argentina. En total se reducir\u00e1n 30 mil toneladas del di\u00f3xido de carbono que se generar\u00edan con centrales t\u00e9rmicas y se sumar\u00e1 energ\u00eda para 30 mil hogares.<\/strong><\/p>\n\n\n\n<p><strong>Estas minicentrales marcan un hito, ya que desde hac\u00eda 50 a\u00f1os no se utilizaba el enorme potencial de la fuerza del agua<\/strong> en una zona monta\u00f1osa y surcada de canales de riego.<\/p>\n\n\n\n<p>Tambi\u00e9n es novedoso el modo de ejecuci\u00f3n de las obras: privados se hacen cargo de la ejecuci\u00f3n, con costo cero para la Provincia, a cambio de la concesi\u00f3n por 10 a\u00f1os. Pasado ese plazo, pasan a ser propiedad del Estado.<\/p>\n\n\n\n<p>Estas centrales se concretan gracias al trabajo coordinado de EMESA y el Departamento General de Irrigaci\u00f3n, que coordinaron pol\u00edticas para que los cursos de agua conserven su caudal y no tengan elementos contaminantes.<\/p>\n\n\n\n<p><strong>Cabe recordar que desde la inauguraci\u00f3n del dique Potrerillos, en 2001, no se volvieron a generar fuentes de energ\u00eda el\u00e9ctrica en la provincia. En 4 a\u00f1os, Mendoza ha sumado 150 megas, con estos PAH, parques solares y paneles solares en edificios p\u00fablicos.<\/strong><\/p>\n\n\n\n<p><strong>Ficha t\u00e9cnica<\/strong><\/p>\n\n\n\n<ul class=\"wp-block-list\"><li>Sociedad de Prop\u00f3sito Espec\u00edfico LIUCO ENERG\u00cdA S.A (con participaci\u00f3n de EMESA)<\/li><li>Localizaci\u00f3n: Luj\u00e1n de Cuyo<\/li><li>Salto 3,5mts<\/li><li>Caudal de Dise\u00f1o 20 m3\/s<\/li><li>Potencia Generaci\u00f3n 2,68 GWh\/a\u00f1o<\/li><\/ul>\n","protected":false},"excerpt":{"rendered":"<p>Una empresa local est\u00e1 culminando el \u00faltimo paso del montaje del Peque\u00f1o Aprovechamiento Hidroel\u00e9ctrico Salto 11, en Luj\u00e1n de Cuyo, que aprovechar\u00e1 la fuerza del agua del canal Cacique Guaymall\u00e9n para dar energ\u00eda a 597 hogares con contaminaci\u00f3n cero. Bajo estrictos protocolos sanitarios y en una apuesta por reactivar la industria local y el trabajo [&hellip;]<\/p>\n","protected":false},"author":1,"featured_media":4411,"comment_status":"open","ping_status":"closed","sticky":false,"template":"","format":"standard","meta":{"footnotes":""},"categories":[13,11,20],"tags":[],"class_list":["post-4410","post","type-post","status-publish","format-standard","has-post-thumbnail","hentry","category-almacenamiento","category-energias","category-hidrica"],"_links":{"self":[{"href":"https:\/\/epre.gov.ar\/web\/wp-json\/wp\/v2\/posts\/4410","targetHints":{"allow":["GET"]}}],"collection":[{"href":"https:\/\/epre.gov.ar\/web\/wp-json\/wp\/v2\/posts"}],"about":[{"href":"https:\/\/epre.gov.ar\/web\/wp-json\/wp\/v2\/types\/post"}],"author":[{"embeddable":true,"href":"https:\/\/epre.gov.ar\/web\/wp-json\/wp\/v2\/users\/1"}],"replies":[{"embeddable":true,"href":"https:\/\/epre.gov.ar\/web\/wp-json\/wp\/v2\/comments?post=4410"}],"version-history":[{"count":1,"href":"https:\/\/epre.gov.ar\/web\/wp-json\/wp\/v2\/posts\/4410\/revisions"}],"predecessor-version":[{"id":4412,"href":"https:\/\/epre.gov.ar\/web\/wp-json\/wp\/v2\/posts\/4410\/revisions\/4412"}],"wp:featuredmedia":[{"embeddable":true,"href":"https:\/\/epre.gov.ar\/web\/wp-json\/wp\/v2\/media\/4411"}],"wp:attachment":[{"href":"https:\/\/epre.gov.ar\/web\/wp-json\/wp\/v2\/media?parent=4410"}],"wp:term":[{"taxonomy":"category","embeddable":true,"href":"https:\/\/epre.gov.ar\/web\/wp-json\/wp\/v2\/categories?post=4410"},{"taxonomy":"post_tag","embeddable":true,"href":"https:\/\/epre.gov.ar\/web\/wp-json\/wp\/v2\/tags?post=4410"}],"curies":[{"name":"wp","href":"https:\/\/api.w.org\/{rel}","templated":true}]}}