{"id":4383,"date":"2020-03-31T21:16:37","date_gmt":"2020-03-31T21:16:37","guid":{"rendered":"http:\/\/epre.gov.ar\/web\/?p=4383"},"modified":"2020-05-05T21:26:24","modified_gmt":"2020-05-05T21:26:24","slug":"resolucion-no-60-2020","status":"publish","type":"post","link":"https:\/\/epre.gov.ar\/web\/resolucion-no-60-2020\/","title":{"rendered":"Resoluci\u00f3n N\u00ba 60 \/ 2020"},"content":{"rendered":"\n<p><a href=\"http:\/\/epre.gov.ar\/web\/wp-content\/uploads\/2020\/05\/Resolucion-60.-Medidas-Regulatorias-transitorias-de-Emergencia.pdf\">Descargar Resoluci\u00f3n en formato PDF<\/a><\/p>\n\n\n\n<p><a href=\"http:\/\/epre.gov.ar\/web\/wp-content\/uploads\/2020\/05\/Anexo-Resolucion-60-Medidas-Regulatorias-de-Emergencia.pdf\">Descargar Anexo II<\/a><\/p>\n\n\n\n<p class=\"has-text-align-right\">Paran\u00e1, 31 de marzo de 2020<\/p>\n\n\n\n<p><strong>VISTO<\/strong>:<\/p>\n\n\n\n<p>Las disposiciones del Decreto de Necesidad y Urgencia N\u00ba 297\/2020 y del N\u00b0 325\/20 del Poder Ejecutivo Nacional, el Decreto N\u00b0 361\/20 MS, y lo solicitado por la Federaci\u00f3n de Cooperativas El\u00e9ctricas Regional Entre R\u00edos (FACE) y la empresa Energ\u00eda de Entre R\u00edos Sociedad An\u00f3nima (ENERSA), y;<\/p>\n\n\n\n<!--more-->\n\n\n\n<p><strong>CONSIDERANDO<\/strong>:<\/p>\n\n\n\n<p>Que el Decreto de Necesidad y Urgencia N\u00ba 297\/2020 del Poder Ejecutivo Nacional dispuso la medida de \u201caislamiento social, preventivo y obligatorio\u201d desde el 20 hasta el 31 de marzo inclusive del corriente a\u00f1o, pudi\u00e9ndose prorrogar este plazo por el tiempo que se considere necesario en atenci\u00f3n a la situaci\u00f3n epidemiol\u00f3gica, lo cual ha acontecido y se extiende hasta el d\u00eda 12 de abril de 2020 por Decreto de Necesidad de Urgencia N\u00b0 325\/20;<\/p>\n\n\n\n<p>Que por Decreto N\u00ba 361\/20 MS se declar\u00f3 el estado de Emergencia Sanitaria en el \u00e1mbito de toda la Provincia de Entre R\u00edos;<\/p>\n\n\n\n<p>Que mediante solicitudes presentadas en forma digital por FACE y ENERSA, interesan la adopci\u00f3n de medidas de urgencia en materia regulatoria, que tengan como finalidad la prestaci\u00f3n del servicio, la tutela y protecci\u00f3n del usuario del servicio p\u00fablico de distribuci\u00f3n el\u00e9ctrica en nuestra Provincia y del personal de las Distribuidoras, en el marco del aislamiento social, preventivo y obligatorio dispuesto por el Gobierno Nacional;<\/p>\n\n\n\n<p>Que las circunstancias en torno a la Pandemia del Covid-19 generan la necesidad, oportunidad y conveniencia de adopci\u00f3n de medidas excepcionales y transitorias, junto con la utilizaci\u00f3n de diferentes herramientas que la tecnolog\u00eda nos brinda, como por ejemplo el sistema de videoconferencias;<\/p>\n\n\n\n<p>Que por Decreto N\u00b0 1127\/96 se ha dispuesto la Intervenci\u00f3n del Ente y por Decreto N\u00b0 168 GOB de fecha 11\/12\/2019 se ha designado Interventor del Organismo al Dr. Jos\u00e9 Carlos Halle.-<\/p>\n\n\n\n<p>Que el Interventor del EPRE est\u00e1 facultado para el dictado de la presente resoluci\u00f3n en virtud de lo dispuesto por el art. 56 de la Ley 8916.-<\/p>\n\n\n\n<p>Por ello:<\/p>\n\n\n\n<p><strong>EL INTERVENTOR DEL EPRE<\/strong><\/p>\n\n\n\n<p><strong>RESUELVE:<\/strong><\/p>\n\n\n\n<p><strong>ARTICULO 1\u00ba<\/strong>: Aprobar el documento \u201cMedidas Regulatorias El\u00e9ctricas de Urgencia, Excepcionales y Transitorias\u201d para la Provincia de Entre R\u00edos.<\/p>\n\n\n\n<p><strong>ARTICULO 2\u00ba<\/strong>: Incorporar a la presente copia del documento, junto con la foto que documenta el encuentro virtual realizado entre las partes intervinientes (FACE, ENERSA, EPRE), pasando a forma parte de la presente Resoluci\u00f3n.<\/p>\n\n\n\n<p><strong>ARTICULO 3\u00ba<\/strong>: Registrar, comunicar por medio de los sistemas tecnol\u00f3gicos que se dispongan, publ\u00edquese y, oportunamente, arch\u00edvese.<\/p>\n","protected":false},"excerpt":{"rendered":"<p>Descargar Resoluci\u00f3n en formato PDF Descargar Anexo II Paran\u00e1, 31 de marzo de 2020 VISTO: Las disposiciones del Decreto de Necesidad y Urgencia N\u00ba 297\/2020 y del N\u00b0 325\/20 del Poder Ejecutivo Nacional, el Decreto N\u00b0 361\/20 MS, y lo solicitado por la Federaci\u00f3n de Cooperativas El\u00e9ctricas Regional Entre R\u00edos (FACE) y la empresa Energ\u00eda [&hellip;]<\/p>\n","protected":false},"author":1,"featured_media":4384,"comment_status":"open","ping_status":"closed","sticky":false,"template":"","format":"standard","meta":{"footnotes":""},"categories":[8],"tags":[],"class_list":["post-4383","post","type-post","status-publish","format-standard","has-post-thumbnail","hentry","category-resoluciones"],"_links":{"self":[{"href":"https:\/\/epre.gov.ar\/web\/wp-json\/wp\/v2\/posts\/4383","targetHints":{"allow":["GET"]}}],"collection":[{"href":"https:\/\/epre.gov.ar\/web\/wp-json\/wp\/v2\/posts"}],"about":[{"href":"https:\/\/epre.gov.ar\/web\/wp-json\/wp\/v2\/types\/post"}],"author":[{"embeddable":true,"href":"https:\/\/epre.gov.ar\/web\/wp-json\/wp\/v2\/users\/1"}],"replies":[{"embeddable":true,"href":"https:\/\/epre.gov.ar\/web\/wp-json\/wp\/v2\/comments?post=4383"}],"version-history":[{"count":1,"href":"https:\/\/epre.gov.ar\/web\/wp-json\/wp\/v2\/posts\/4383\/revisions"}],"predecessor-version":[{"id":4387,"href":"https:\/\/epre.gov.ar\/web\/wp-json\/wp\/v2\/posts\/4383\/revisions\/4387"}],"wp:featuredmedia":[{"embeddable":true,"href":"https:\/\/epre.gov.ar\/web\/wp-json\/wp\/v2\/media\/4384"}],"wp:attachment":[{"href":"https:\/\/epre.gov.ar\/web\/wp-json\/wp\/v2\/media?parent=4383"}],"wp:term":[{"taxonomy":"category","embeddable":true,"href":"https:\/\/epre.gov.ar\/web\/wp-json\/wp\/v2\/categories?post=4383"},{"taxonomy":"post_tag","embeddable":true,"href":"https:\/\/epre.gov.ar\/web\/wp-json\/wp\/v2\/tags?post=4383"}],"curies":[{"name":"wp","href":"https:\/\/api.w.org\/{rel}","templated":true}]}}