{"id":4240,"date":"2019-06-05T23:36:44","date_gmt":"2019-06-05T23:36:44","guid":{"rendered":"http:\/\/epre.gov.ar\/web\/?p=4240"},"modified":"2019-06-18T23:48:02","modified_gmt":"2019-06-18T23:48:02","slug":"bordet-impulsara-la-energia-limpia-y-renovable","status":"publish","type":"post","link":"https:\/\/epre.gov.ar\/web\/bordet-impulsara-la-energia-limpia-y-renovable\/","title":{"rendered":"El gobierno provincial impulsar\u00e1 la energ\u00eda limpia y renovable"},"content":{"rendered":"<p><a href=\"http:\/\/epre.gov.ar\/web\/wp-content\/uploads\/2019\/06\/123-1.jpg\"><img loading=\"lazy\" decoding=\"async\" class=\"aligncenter size-full wp-image-4241\" src=\"http:\/\/epre.gov.ar\/web\/wp-content\/uploads\/2019\/06\/123-1.jpg\" alt=\"\" width=\"1200\" height=\"750\" srcset=\"https:\/\/epre.gov.ar\/web\/wp-content\/uploads\/2019\/06\/123-1.jpg 1200w, https:\/\/epre.gov.ar\/web\/wp-content\/uploads\/2019\/06\/123-1-300x188.jpg 300w, https:\/\/epre.gov.ar\/web\/wp-content\/uploads\/2019\/06\/123-1-768x480.jpg 768w, https:\/\/epre.gov.ar\/web\/wp-content\/uploads\/2019\/06\/123-1-1024x640.jpg 1024w\" sizes=\"auto, (max-width: 1200px) 100vw, 1200px\" \/><\/a><\/p>\n<p style=\"text-align: justify;\">El gobernador Gustavo Bordet estuvo este mi\u00e9rcoles en Federaci\u00f3n, Villa del Rosario, Santa Ana y Chajar\u00ed para llegar en forma directa con su propuesta electoral a este departamento del norte entrerriano. Recorri\u00f3 obras y tom\u00f3 contacto con los vecinos de cada una de estas localidades junto a los candidatos locales. \u201cS\u00e9 lo que necesita cada ciudad\u00bb, afirm\u00f3.<\/p>\n<hr \/>\n<p style=\"text-align: justify;\">\u201cNo en vano decimos que creemos en lo que hicimos y en lo que vamos a hacer. El equipo de gobierno que conformamos contiene una gran diversidad de pensamientos, una cuota muy importante de juventud, con mucha preparaci\u00f3n, y tambi\u00e9n experiencia. El aplomo, la vocaci\u00f3n de di\u00e1logo y el trabajo permanente nos permitieron implementar la primera parte de un programa que apunta a generar las condiciones necesarias para la paulatina industrializaci\u00f3n de la vasta y variada producci\u00f3n entrerriana. Ahora vamos a completar esa tarea\u201d, expres\u00f3 Bordet.<\/p>\n<p style=\"text-align: justify;\">\u201cJunto a la reactivaci\u00f3n portuaria impulsamos una renovada inversi\u00f3n en caminos. Entre R\u00edos siempre se caracteriz\u00f3 por una muy buena distribuci\u00f3n demogr\u00e1fica y eso requiere de contar con una red vial acorde a las necesidades de nuestra producci\u00f3n. As\u00ed logramos ser la cuarta provincia en inversi\u00f3n vial con recursos propios, sentando las bases necesarias para el crecimiento sostenido\u201d, manifest\u00f3.<\/p>\n<p style=\"text-align: justify;\">\u201cA esto se suma un tercer eje de trabajo que tiene que ver con la energ\u00eda. A trav\u00e9s de las obras de infraestructura energ\u00e9tica que estamos llevando a cabo fundamentalmente en el norte entrerriano vamos a lograr proveer a todo el territorio del suministro el\u00e9ctrico, y tambi\u00e9n gas\u00edfero, necesario para el funcionamiento y crecimiento industrial. Algo tan necesario como reparador en una regi\u00f3n muy importante de nuestra provincia\u201d, relato.<\/p>\n<p style=\"text-align: justify;\">\u201cEstos tres ejes est\u00e1n en plena ejecuci\u00f3n, y son estrat\u00e9gicos para el desarrollo, la creaci\u00f3n de empleo y el futuro. Ahora, el desaf\u00edo que se avecina tiene que ver con su segunda etapa donde vamos a trabajar para incorporar m\u00e1s tecnolog\u00eda a nuestros puertos y entre otras cosas exportar en cadenas de fr\u00edo, ampliar el volumen y la conectividad con otros medios de transporte; vamos a llevar a cabo una reparaci\u00f3n integral de la red secundaria de caminos, que son los que llegan al coraz\u00f3n de nuestra producci\u00f3n; y vamos a avanzar en diversificar nuestra matriz energ\u00e9tica a trav\u00e9s de fuentes de energ\u00eda alternativas\u201d.<\/p>\n<p style=\"text-align: justify;\">En ese marco, manifest\u00f3 un fuerte compromiso en diversificar la matriz energ\u00e9tica a trav\u00e9s de fuentes de energ\u00eda alternativas, y de continuar con el cierre energ\u00e9tico del norte entrerriano. Tambi\u00e9n habl\u00f3 de la reactivaci\u00f3n portuaria y la puesta en valor de la red vial para el sector productivo entrerriano.<\/p>\n<p style=\"text-align: justify;\">\u201cEstamos ac\u00e1 en una zona de macizo forestal que va desde el departamento Col\u00f3n hasta Concordia y Federaci\u00f3n. Todo ese deshecho que hoy contamina no se est\u00e1 aprovechando. Ese deshecho es biomasa. Es energ\u00eda renovable\u00bb, precis\u00f3.<\/p>\n<p style=\"text-align: justify;\">Mencion\u00f3 que en la zona de Ubajay, justo en el medio del macizo forestal, se est\u00e1 instalando la primera planta de biomasa. \u00abQueremos desarrollar mucho m\u00e1s plantas de biomasa para que esto que hoy contamina se transforme en algo virtuoso, productivo y que genere energ\u00eda, adem\u00e1s de evitar la contaminaci\u00f3n\u00bb, asegur\u00f3.<\/p>\n<p style=\"text-align: justify;\">Habl\u00f3 de la energ\u00eda renovable en t\u00e9rminos de energ\u00eda limpia y \u00abm\u00e1s barata. Esto es un proyecto que lo compatibilizamos entre ambiente y energ\u00eda renovable. Tambi\u00e9n estamos desarrollando lo que es energ\u00eda solar en granja de pollos con paneles solares, adem\u00e1s de en el sector de arroz. Ya hemos hecho algunas pr\u00e1cticas para que las bombas trabajen con energ\u00eda solar, y no con energ\u00eda f\u00f3sil o el\u00e9ctrica que siempre es m\u00e1s cara\u00bb.<\/p>\n<p style=\"text-align: justify;\">Coment\u00f3 adem\u00e1s que \u00abha firmado un decreto que establece que el excedente de lo que se genera de energ\u00eda alternativa, quien la produce la puede inyectar en la red y nuestra empresa de energ\u00eda se la compra a precio de mercado, con lo cual es un est\u00edmulo para que muchos produzcan energ\u00eda\u00bb.<\/p>\n","protected":false},"excerpt":{"rendered":"<p>El gobernador Gustavo Bordet estuvo este mi\u00e9rcoles en Federaci\u00f3n, Villa del Rosario, Santa Ana y Chajar\u00ed para llegar en forma directa con su propuesta electoral a este departamento del norte entrerriano. Recorri\u00f3 obras y tom\u00f3 contacto con los vecinos de cada una de estas localidades junto a los candidatos locales. \u201cS\u00e9 lo que necesita cada [&hellip;]<\/p>\n","protected":false},"author":1,"featured_media":0,"comment_status":"open","ping_status":"closed","sticky":false,"template":"","format":"standard","meta":{"footnotes":""},"categories":[21,1],"tags":[],"class_list":["post-4240","post","type-post","status-publish","format-standard","hentry","category-biomasa","category-noticias"],"_links":{"self":[{"href":"https:\/\/epre.gov.ar\/web\/wp-json\/wp\/v2\/posts\/4240","targetHints":{"allow":["GET"]}}],"collection":[{"href":"https:\/\/epre.gov.ar\/web\/wp-json\/wp\/v2\/posts"}],"about":[{"href":"https:\/\/epre.gov.ar\/web\/wp-json\/wp\/v2\/types\/post"}],"author":[{"embeddable":true,"href":"https:\/\/epre.gov.ar\/web\/wp-json\/wp\/v2\/users\/1"}],"replies":[{"embeddable":true,"href":"https:\/\/epre.gov.ar\/web\/wp-json\/wp\/v2\/comments?post=4240"}],"version-history":[{"count":4,"href":"https:\/\/epre.gov.ar\/web\/wp-json\/wp\/v2\/posts\/4240\/revisions"}],"predecessor-version":[{"id":4245,"href":"https:\/\/epre.gov.ar\/web\/wp-json\/wp\/v2\/posts\/4240\/revisions\/4245"}],"wp:attachment":[{"href":"https:\/\/epre.gov.ar\/web\/wp-json\/wp\/v2\/media?parent=4240"}],"wp:term":[{"taxonomy":"category","embeddable":true,"href":"https:\/\/epre.gov.ar\/web\/wp-json\/wp\/v2\/categories?post=4240"},{"taxonomy":"post_tag","embeddable":true,"href":"https:\/\/epre.gov.ar\/web\/wp-json\/wp\/v2\/tags?post=4240"}],"curies":[{"name":"wp","href":"https:\/\/api.w.org\/{rel}","templated":true}]}}