{"id":416,"date":"2009-08-24T23:44:14","date_gmt":"2009-08-24T23:44:14","guid":{"rendered":"http:\/\/epre.gov.ar\/web\/?p=416"},"modified":"2018-11-26T15:05:01","modified_gmt":"2018-11-26T15:05:01","slug":"resolucion-no-102","status":"publish","type":"post","link":"https:\/\/epre.gov.ar\/web\/resolucion-no-102\/","title":{"rendered":"Resoluci\u00f3n N\u00ba 102\/09"},"content":{"rendered":"<p style=\"text-align: right;\"><strong>EXPTE. N\u00ba\u00a0 80\/09\u00a0 EPRE.-<\/strong><\/p>\n<p style=\"text-align: right;\"><strong>PARAN\u00c1, 24 de Agosto de 2009<\/strong><\/p>\n<p style=\"text-align: justify;\"><strong>VISTO:<\/strong><\/p>\n<p style=\"text-align: justify;\">El Expediente EPRE N\u00ba 80\/09, el Decreto N\u00b0 2154\/05 MGJEOSP, la Resoluci\u00f3n N\u00b0 98\/08 EPRE, las Resoluciones N\u00b0 1169\/08 y N\u00b0 652\/09 de la Secretar\u00eda de Energ\u00eda de la Naci\u00f3n, y;<\/p>\n<p style=\"text-align: justify;\"><!--more--><strong>CONSIDERANDO:<\/strong><\/p>\n<p style=\"text-align: justify;\">Que la Empresa Energ\u00eda de Entre R\u00edos -ENERSA- ha presentado para su aprobaci\u00f3n el nuevo Cuadro Tarifario para el per\u00edodo comprendido entre el 1\u00b0 de agosto al 30 de setiembre de 2009;<\/p>\n<p style=\"text-align: justify;\">Que de acuerdo a lo dispuesto en el Decreto N\u00b0 2154\/05 MGJEOSP en su Art\u00edculo 4\u00b0 establece \u201chasta tanto se determinen las condiciones de la Concesi\u00f3n a ENERSA, \u00e9sta se desempe\u00f1ar\u00e1 bajo los mismos t\u00e9rminos y condiciones del Contrato de Concesi\u00f3n que fuera otorgado a la anterior Concesionaria EDEERSA\u201d;<\/p>\n<p style=\"text-align: justify;\">Que conforme a lo dispuesto por el Art\u00edculo 79\u00ba, segundo p\u00e1rrafo del Decreto N\u00ba1300\/96, dicho Cuadro resultar\u00e1 aplicable a todas las Distribuidoras Concesionarias del Servicio P\u00fablico de Electricidad, en car\u00e1cter de Cuadro Tarifario Provincial;<\/p>\n<p style=\"text-align: justify;\">Que a tal efecto deben tenerse en cuenta:<\/p>\n<p style=\"text-align: justify;\">1)\u00a0 La Secretar\u00eda de Energ\u00eda de la Naci\u00f3n ha sancionado mediante la Resoluci\u00f3n N\u00b0 1169\/08 nuevos precios estacionales de la energ\u00eda y potencia, vigentes para el per\u00edodo comprendido entre el 1\u00b0 de Octubre\u00a0 de 2008 y el 30 de Abril de 2009;<br \/>\n2)\u00a0 La\u00a0 citada Resoluci\u00f3n N\u00b0 1169\/08 SE ha establecido nueve precios mayoristas para los distintos sectores del Mercado El\u00e9ctrico, introduciendo nuevas aperturas a lo resuelto oportunamente por las Resoluciones N\u00b0 93\/04, 824\/2004 y 1434\/2004 SE;<br \/>\n3)\u00a0 La Resoluci\u00f3n N\u00b0 652\/09 de la Secretar\u00eda de Energ\u00eda de la Naci\u00f3n ha establecido que para el per\u00edodo junio-julio de 2009 se deber\u00e1 re-facturar a los usuarios residenciales que hayan registrado consumos por encima de los 1000 kWh\/bim generando un cr\u00e9dito a cuenta de futuras transacciones. Asimismo establece nuevos precios para el per\u00edodo agosto-setiembre de 2009.<br \/>\n4)\u00a0 La propia Resoluci\u00f3n N\u00b0 652\/09 de la Secretar\u00eda de Energ\u00eda ha establecido que se deber\u00e1 explicitar en la facturaci\u00f3n de las Distribuidoras el subsidio que el Estado Nacional introduce en el Mercado El\u00e9ctrico Mayorista;<br \/>\n5)\u00a0 El reconocimiento de las variaciones en el c\u00e1lculo del Fondo Nacional de la Energ\u00eda El\u00e9ctrica, establecido en la Ley N\u00b0 25957 y Resoluci\u00f3n\u00a0 N\u00b0 1061\/05 para la facturaci\u00f3n que se emita a partir de Agosto de 2005;<br \/>\n6)\u00a0 El reconocimiento del Cargo Tarifario identificado como \u201cCARGO TRANSITORIO PARA LA CONFORMACI\u00d3N DEL FONINVEMEM\u201d creado por Resoluci\u00f3n N\u00b0 1866 SE;<br \/>\n7)\u00a0 El reconocimiento del canon correspondiente a la construcci\u00f3n de las Ampliaciones del Sistema de Transporte. En este aspecto cabe recordar que si bien los ajustes por aplicaci\u00f3n del Coeficiente de\u00a0 Estabilizaci\u00f3n\u00a0 de\u00a0\u00a0 Referencia (CER), autorizados por el ENRE, son objetados ante el citado Organismo, tal cuesti\u00f3n excede a la Distribuidora, siendo aplicable en este caso lo dispuesto por el\u00a0 Art\u00edculo 30\u00ba, inciso c) de la Ley\u00a0\u00a0\u00a0\u00a0\u00a0\u00a0\u00a0\u00a0\u00a0 N\u00ba 8916. Sobre este \u00edtem se puntualiza la autorizaci\u00f3n efectuada por el EPRE mediante Resoluci\u00f3n N\u00b0 159\/05, para que ENERSA efect\u00fae los pagos correspondientes;<br \/>\n8)\u00a0 La utilizaci\u00f3n del Fondo de Estabilizaci\u00f3n de Precios Estacionales FEPPE como un aporte al mismo por un monto de $523.485,92 para ENERSA en el per\u00edodo trimestral que comienza el 1\u00b0 de agosto de 2009, resultando de aplicaci\u00f3n un valor de 0,001117 $\/kWh;<br \/>\n9)\u00a0 El mantenimiento en las mismas condiciones a las actuales del Fondo Compensador de Tarifas;<\/p>\n<p style=\"text-align: justify;\">Que a fs. 70, 74 y 120 del Expediente de la referencia se han producido los correspondientes dict\u00e1menes t\u00e9cnico y legal, respectivamente;<\/p>\n<p style=\"text-align: justify;\">Que el Ente Provincial Regulador de la Energ\u00eda est\u00e1 facultado para el dictado de la presente, en virtud de lo dispuesto en los Art\u00edculos 48\u00ba inciso b) y 56\u00ba inciso g) de la Ley N\u00ba 8.916 y en el Subanexo 2 del Contrato de Concesi\u00f3n de la Distribuidora \u201cEDEER S.A.\u201d;<\/p>\n<p style=\"text-align: justify;\">Que por Decreto N\u00ba 1127\/96 se ha dispuesto la Intervenci\u00f3n del Ente, por lo que en uso de sus facultades;<\/p>\n<p style=\"text-align: justify;\"><strong>LA INTERVENCION DEL EPRE<\/strong><br \/>\n<strong>RESUELVE :<\/strong><\/p>\n<p style=\"text-align: justify;\"><strong>ARTICULO 1\u00ba:<\/strong> Considerar de aplicaci\u00f3n los Precios Mayoristas establecidos en el Anexo VIII \u2013 Resoluci\u00f3n N\u00ba 1169\/08 SE a todos los usuarios considerados como Tarifa 1 Uso Residencial, Urbano y Rural del Cuadro Tarifario Provincial, cuyo consumo mensual no supere los 500 kWh, para la determinaci\u00f3n de los cargos del ANEXO I.<\/p>\n<p style=\"text-align: justify;\"><strong>ARTICULO 2\u00ba:<\/strong> Considerar de aplicaci\u00f3n los Precios Mayoristas establecidos en el Art\u00edculo 4\u00b0 de la Resoluci\u00f3n N\u00ba 652\/09 SE a todos los usuarios considerados como Tarifa 1 Uso Residencial, Urbano y Rural del Cuadro Tarifario Provincial, cuyo consumo mensual sea mayor a 500 y no supere los 700 kWh para la determinaci\u00f3n de los cargos del ANEXO I.<\/p>\n<p style=\"text-align: justify;\"><strong>ARTICULO 3\u00ba:<\/strong> Considerar de aplicaci\u00f3n los Precios Mayoristas establecidos en el Art\u00edculo 5\u00b0 de la Resoluci\u00f3n N\u00ba\u00a0 652\/09 SE a todos los usuarios considerados como Tarifa 1 Uso Residencial, Urbano y Rural del Cuadro Tarifario Provincial, cuyo consumo mensual sea mayor a 700 y no supere los 1400 kWh para la determinaci\u00f3n de los cargos del ANEXO I.<\/p>\n<p style=\"text-align: justify;\"><strong>ARTICULO 4\u00ba:<\/strong> Considerar de aplicaci\u00f3n los Precios Mayoristas establecidos en el Art\u00edculo 6\u00b0 de la Resoluci\u00f3n N\u00ba\u00a0 652\/09 SE a todos los usuarios considerados como Tarifa 1 Uso Residencial, Urbano y Rural del Cuadro Tarifario Provincial, cuyo consumo mensual sea mayor a 1400 kWh para la determinaci\u00f3n de los cargos del ANEXO I.<\/p>\n<p style=\"text-align: justify;\"><strong>ARTICULO 5\u00ba:<\/strong> Considerar de aplicaci\u00f3n los Precios Mayoristas establecidos en el Anexo XIII \u2013 Resoluci\u00f3n N\u00ba 1169\/08 SE a todos los usuarios considerados como Tarifa 1 Uso General, Urbano y Rural del Cuadro Tarifario Provincial, cuyo consumo mensual sea menor a 2000 kWh para la determinaci\u00f3n de los cargos del ANEXO I.<\/p>\n<p style=\"text-align: justify;\"><strong>ARTICULO 6\u00ba:<\/strong> Considerar de aplicaci\u00f3n los Precios Mayoristas establecidos en el Anexo XIV \u2013 Resoluci\u00f3n N\u00ba 1169\/08 SE a todos los usuarios considerados como Tarifa 1 Uso General, Urbano y Rural del Cuadro Tarifario Provincial, cuyo consumo mensual sea igual o mayor a 2000 kWh para la determinaci\u00f3n de los cargos del ANEXO I.<\/p>\n<p style=\"text-align: justify;\"><strong>ARTICULO 7\u00ba:<\/strong> Considerar de aplicaci\u00f3n los Precios Mayoristas establecidos en el Anexo XII \u2013 Resoluci\u00f3n N\u00ba 1169\/08 SE a todos los usuarios considerados como Tarifa 4 Alumbrado P\u00fablico del Cuadro Tarifario Provincial para la determinaci\u00f3n de los cargos del ANEXO I.<\/p>\n<p style=\"text-align: justify;\"><strong>ARTICULO 8\u00ba:<\/strong> Considerar de aplicaci\u00f3n los Precios Mayoristas establecidos en el Anexo XV \u2013 Resoluci\u00f3n N\u00ba 1169\/08 SE a todos los usuarios con demandas mayores a 300 kW, ya sean de Grandes Demandas, Peaje y Peaje en un Solo Nivel de Tensi\u00f3n del Cuadro Tarifario Provincial para la determinaci\u00f3n de los cargos del ANEXO I.<\/p>\n<p style=\"text-align: justify;\"><strong>ARTICULO 9\u00ba:<\/strong> Considerar de aplicaci\u00f3n los Precios Mayoristas establecidos en el Anexo VII \u2013 Resoluci\u00f3n N\u00ba 1169\/08 SE al resto de los usuarios no comprendidos en los Art\u00edculos 1\u00b0, 2\u00b0, 3\u00b0, 4\u00b0, 5\u00b0, 6\u00b0, 7\u00b0 y 8\u00b0 de la presente del Cuadro Tarifario Provincial para la determinaci\u00f3n de los cargos del ANEXO I.<\/p>\n<p style=\"text-align: justify;\"><strong>ARTICULO 10\u00ba:<\/strong> Considerar de aplicaci\u00f3n los Precios Mayoristas establecidos en el Anexo VIII \u2013 Resoluci\u00f3n N\u00ba 1169\/08 SE a todos los usuarios considerados como Tarifa 1 Uso Residencial, Urbano y Rural del Cuadro Tarifario Provincial, cuyo consumo mensual no supere los 500 kWh, para la determinaci\u00f3n de los cargos del ANEXO II.<\/p>\n<p style=\"text-align: justify;\"><strong>ARTICULO 11\u00ba:<\/strong> Considerar de aplicaci\u00f3n los Precios Mayoristas establecidos en el Anexo VIII \u2013 Resoluci\u00f3n N\u00ba 1169\/08 SE a todos los usuarios considerados como Tarifa 1 Uso Residencial, Urbano y Rural del Cuadro Tarifario Provincial, cuyo consumo mensual sea mayor a 500 y no supere los 700 kWh para la determinaci\u00f3n de los cargos del ANEXO II.<\/p>\n<p style=\"text-align: justify;\"><strong>ARTICULO 12\u00ba:<\/strong> Considerar de aplicaci\u00f3n los Precios Mayoristas establecidos en el Anexo VIII \u2013 Resoluci\u00f3n N\u00ba 1169\/08 SE a todos los usuarios considerados como Tarifa 1 Uso Residencial, Urbano y Rural del Cuadro Tarifario Provincial, cuyo consumo mensual sea mayor a 700 y no supere los 1400 kWh para la determinaci\u00f3n de los cargos del ANEXO II.<\/p>\n<p style=\"text-align: justify;\"><strong>ARTICULO 13\u00ba:<\/strong> Considerar de aplicaci\u00f3n los Precios Mayoristas establecidos en el Anexo VIII \u2013 Resoluci\u00f3n N\u00ba 1169\/08 SE a todos los usuarios considerados como Tarifa 1 Uso Residencial, Urbano y Rural del Cuadro Tarifario Provincial, cuyo consumo mensual sea mayor a 1400 kWh para la determinaci\u00f3n de los cargos del ANEXO II.<\/p>\n<p style=\"text-align: justify;\"><strong>ARTICULO 14\u00ba:<\/strong> Considerar de aplicaci\u00f3n los Precios Mayoristas establecidos en el Anexo XIII \u2013 Resoluci\u00f3n N\u00ba 1169\/08 SE a todos los usuarios considerados como Tarifa 1 Uso General, Urbano y Rural del Cuadro Tarifario Provincial, cuyo consumo mensual sea menor a 2000 kWh para la determinaci\u00f3n de los cargos del ANEXO II.<\/p>\n<p style=\"text-align: justify;\"><strong>ARTICULO 15\u00ba:<\/strong> Considerar de aplicaci\u00f3n los Precios Mayoristas establecidos en el Anexo XIV \u2013 Resoluci\u00f3n N\u00ba 1169\/08 SE a todos los usuarios considerados como Tarifa 1 Uso General, Urbano y Rural del Cuadro Tarifario Provincial, cuyo consumo mensual sea igual o mayor a 2000 kWh para la determinaci\u00f3n de los cargos del ANEXO II.<\/p>\n<p style=\"text-align: justify;\"><strong>ARTICULO 16\u00ba:<\/strong> Considerar de aplicaci\u00f3n los Precios Mayoristas establecidos en el Anexo XII \u2013 Resoluci\u00f3n N\u00ba 1169\/08 SE a todos los usuarios considerados como Tarifa 4 Alumbrado P\u00fablico del Cuadro Tarifario Provincial para la determinaci\u00f3n de los cargos del ANEXO II.<\/p>\n<p style=\"text-align: justify;\"><strong>ARTICULO 17\u00ba:<\/strong> Considerar de aplicaci\u00f3n los Precios Mayoristas establecidos en el Anexo XV \u2013 Resoluci\u00f3n N\u00ba 1169\/08 SE a todos los usuarios con demandas mayores a 300 kW, ya sean de Grandes Demandas, Peaje y Peaje en un Solo Nivel de Tensi\u00f3n del Cuadro Tarifario Provincial para la determinaci\u00f3n de los cargos del ANEXO II.<\/p>\n<p style=\"text-align: justify;\"><strong>ARTICULO 18\u00ba:<\/strong> Considerar de aplicaci\u00f3n los Precios Mayoristas establecidos en el Anexo VII \u2013 Resoluci\u00f3n N\u00ba 1169\/08 SE al resto de los usuarios no comprendidos\u00a0 en los<br \/>\nArt\u00edculos 1\u00b0, 2\u00b0, 3\u00b0, 4\u00b0, 5\u00b0, 6\u00b0, 7\u00b0 y 8\u00b0 de la presente del Cuadro Tarifario Provincial para la determinaci\u00f3n de los cargos del ANEXO II.<\/p>\n<p style=\"text-align: justify;\"><strong>ARTICULO 19\u00ba:<\/strong> Considerar de aplicaci\u00f3n los Precios Mayoristas establecidos en el Anexo XI \u2013 Resoluci\u00f3n N\u00ba 1169\/08 SE a todos los usuarios del Cuadro Tarifario Provincial,\u00a0 para la determinaci\u00f3n de los cargos del ANEXO III.<\/p>\n<p style=\"text-align: justify;\"><strong>ARTICULO 20\u00ba:<\/strong> Disponer que para la facturaci\u00f3n en Tarifa 5 \u2013 Otros Distribuidores Provinciales, los Distribuidores considerar\u00e1n la composici\u00f3n de venta incluyendo las p\u00e9rdidas del punto de suministro, seg\u00fan la siguiente apertura:<\/p>\n<p style=\"text-align: justify;\">&#8211; kWh en Tarifa 1 Uso Residencial Urbano y Rural con consumos mensuales que superen los 500 kWh.<br \/>\n&#8211; kWh en Tarifa 1 Uso Residencial Urbano y Rural con consumos mensuales mayores a\u00a0 500 kWh y que no superen los 700 kWh.<br \/>\n&#8211; kWh en Tarifa 1 Uso Residencial Urbano y Rural con consumos mensuales mayores a 700 kWh y que no superen los 1400 kWh.<br \/>\n&#8211; kWh en Tarifa 1 Uso Residencial Urbano y Rural con consumos mensuales mayores a\u00a0 los 1400 kWh.<br \/>\n&#8211; kWh en Tarifa 1 Uso No Residencial Urbano y Rural con consumos mensuales menores a 2000 kWh.<br \/>\n&#8211; kWh en Tarifa 1 Uso No Residencial Urbano y Rural con consumos mensuales igual o mayor a 2000 kWh.<br \/>\n&#8211; kWh en Tarifa 4 Alumbrado P\u00fablico.<br \/>\n&#8211; kWh en Tarifa 3 con potencias facturadas mayor o igual a 300 kW.<br \/>\n&#8211; kWh Resto.<\/p>\n<p style=\"text-align: justify;\"><strong>ARTICULO 21\u00ba:<\/strong> Establecer que toda la informaci\u00f3n necesaria para la correcta aplicaci\u00f3n de la Resoluci\u00f3n N\u00b0 93\/2004 SE, Resoluci\u00f3n N\u00b0 842\/2004 SE, Resoluci\u00f3n N\u00ba 1434\/2004 SE, Resoluci\u00f3n N\u00ba 1169\/08 SE y las que en el futuro se emitan sobre este t\u00f3pico, ser\u00e1 previamente informada ante el EPRE por todas las Distribuidoras Provinciales, incluyendo aquellas que operan en el Mercado El\u00e9ctrico Mayorista -MEM- como Agentes de Mercado.<\/p>\n<p style=\"text-align: justify;\"><strong>ARTICULO 22\u00ba:<\/strong> Aprobar los Valores del Cuadro Tarifario Provincial, contenidos en el ANEXO I de la presente Resoluci\u00f3n, de la que forma parte integrante, con vigencia a partir de la facturaci\u00f3n correspondiente a la lectura de medidores posteriores a la cero hora del 1\u00b0 de agosto de 2009, los que ser\u00e1n de aplicaci\u00f3n para todas las Distribuidoras del Servicio El\u00e9ctricos de jurisdicci\u00f3n Provincial.<\/p>\n<p style=\"text-align: justify;\"><strong>ARTICULO 23\u00ba:<\/strong> Aprobar los Valores del Cuadro Tarifario Provincial, contenidos en el ANEXO II de la presente Resoluci\u00f3n, de la que forma parte integrante, para aplicarse a los consumos registrados en los medidores comprendidos entre el 1\u00b0 de junio y el 31 de julio de 2009, los que ser\u00e1n de aplicaci\u00f3n para todas las Distribuidoras del Servicio El\u00e9ctricos de jurisdicci\u00f3n Provincial.<\/p>\n<p style=\"text-align: justify;\"><strong>ARTICULO 24\u00ba:<\/strong> Los cr\u00e9ditos que se generen como aplicaci\u00f3n de los Art\u00edculos anteriores ser\u00e1n incorporados en la pr\u00f3xima facturaci\u00f3n que emitan las Distribuidoras.<\/p>\n<p style=\"text-align: justify;\"><strong>ARTICULO 25\u00ba:<\/strong> Aprobar los Valores del Cuadro Tarifario Provincial de Referencia Sin Subsidios, contenidos en el ANEXO III de la presente Resoluci\u00f3n, de la que forma parte integrante, con vigencia a partir de la facturaci\u00f3n correspondiente a la lectura de medidores posteriores a la cero hora del 1\u00b0 de agosto de 2009, los que ser\u00e1n de aplicaci\u00f3n para todas las Distribuidoras del Servicio El\u00e9ctricos de jurisdicci\u00f3n Provincial para la determinaci\u00f3n del \u201cSubsidio del Estado Nacional\u201d.<\/p>\n<p style=\"text-align: justify;\"><strong>ARTICULO 26\u00ba:<\/strong> Establecer que las Distribuidoras Provinciales deber\u00e1n dar cumplimiento al Art\u00edculo 10\u00b0 de la Resoluci\u00f3n N\u00ba 652\/09 SE en lo referido a la exposici\u00f3n en la facturaci\u00f3n del \u201cSubsidio\u00a0 Estado Nacional\u201d.<\/p>\n<p style=\"text-align: justify;\"><strong>ARTICULO 27\u00ba:<\/strong> Registrar, notificar, publicar en el Bolet\u00edn Oficial, P\u00e1gina Web del EPRE y archivar.<\/p>\n<p><strong>\u00a0 \u00a0 \u00a0 \u00a0 \u00a0 \u00a0 \u00a0 M.M.O. NELSON CORONEL\u00a0\u00a0\u00a0 \u00a0\u00a0\u00a0 \u00a0\u00a0\u00a0 \u00a0\u00a0\u00a0\u00a0\u00a0\u00a0\u00a0\u00a0\u00a0\u00a0 ARQ. FRANCISCO TAIBI <\/strong><br \/>\n<strong>\u00a0 \u00a0 \u00a0 \u00a0 \u00a0 \u00a0 \u00a0 \u00a0SUBINTERVENTOR EPRE \u00a0 \u00a0\u00a0 \u00a0\u00a0\u00a0\u00a0\u00a0\u00a0\u00a0\u00a0\u00a0\u00a0\u00a0\u00a0\u00a0\u00a0\u00a0\u00a0\u00a0\u00a0\u00a0 INTERVENTOR\u00a0 EPRE\u00a0\u00a0\u00a0<\/strong><\/p>\n","protected":false},"excerpt":{"rendered":"<p>EXPTE. N\u00ba\u00a0 80\/09\u00a0 EPRE.- PARAN\u00c1, 24 de Agosto de 2009 VISTO: El Expediente EPRE N\u00ba 80\/09, el Decreto N\u00b0 2154\/05 MGJEOSP, la Resoluci\u00f3n N\u00b0 98\/08 EPRE, las Resoluciones N\u00b0 1169\/08 y N\u00b0 652\/09 de la Secretar\u00eda de Energ\u00eda de la Naci\u00f3n, y;<\/p>\n","protected":false},"author":1,"featured_media":0,"comment_status":"open","ping_status":"closed","sticky":false,"template":"","format":"standard","meta":{"footnotes":""},"categories":[8],"tags":[],"class_list":["post-416","post","type-post","status-publish","format-standard","hentry","category-resoluciones"],"_links":{"self":[{"href":"https:\/\/epre.gov.ar\/web\/wp-json\/wp\/v2\/posts\/416","targetHints":{"allow":["GET"]}}],"collection":[{"href":"https:\/\/epre.gov.ar\/web\/wp-json\/wp\/v2\/posts"}],"about":[{"href":"https:\/\/epre.gov.ar\/web\/wp-json\/wp\/v2\/types\/post"}],"author":[{"embeddable":true,"href":"https:\/\/epre.gov.ar\/web\/wp-json\/wp\/v2\/users\/1"}],"replies":[{"embeddable":true,"href":"https:\/\/epre.gov.ar\/web\/wp-json\/wp\/v2\/comments?post=416"}],"version-history":[{"count":3,"href":"https:\/\/epre.gov.ar\/web\/wp-json\/wp\/v2\/posts\/416\/revisions"}],"predecessor-version":[{"id":3962,"href":"https:\/\/epre.gov.ar\/web\/wp-json\/wp\/v2\/posts\/416\/revisions\/3962"}],"wp:attachment":[{"href":"https:\/\/epre.gov.ar\/web\/wp-json\/wp\/v2\/media?parent=416"}],"wp:term":[{"taxonomy":"category","embeddable":true,"href":"https:\/\/epre.gov.ar\/web\/wp-json\/wp\/v2\/categories?post=416"},{"taxonomy":"post_tag","embeddable":true,"href":"https:\/\/epre.gov.ar\/web\/wp-json\/wp\/v2\/tags?post=416"}],"curies":[{"name":"wp","href":"https:\/\/api.w.org\/{rel}","templated":true}]}}