{"id":4146,"date":"2019-01-29T17:21:45","date_gmt":"2019-01-29T17:21:45","guid":{"rendered":"http:\/\/epre.gov.ar\/web\/?p=4146"},"modified":"2019-01-29T17:21:45","modified_gmt":"2019-01-29T17:21:45","slug":"resolucion-no-13-2019","status":"publish","type":"post","link":"https:\/\/epre.gov.ar\/web\/resolucion-no-13-2019\/","title":{"rendered":"Resoluci\u00f3n N\u00ba 13 \/ 2019"},"content":{"rendered":"<p style=\"text-align: right;\"><strong>Resoluci\u00f3n EPRE N\u00ba13<\/strong><br \/>\n<strong>EXPTE. N\u00ba 2223831 \u2013 EXPTE. EPRE N\u00ba 12\/19<\/strong><br \/>\n<strong>PARAN\u00c1, 28 DE ENERO DE 2019<\/strong><\/p>\n<p><strong>VISTO<\/strong>:<\/p>\n<p style=\"text-align: justify;\">Las Resoluciones N\u00b0 483\/09, 85\/12 y 86\/12 ENRE; las Resoluciones N\u00b0 218-E\/2016, 1085-E\/2017 SEE; la Disposici\u00f3n 75\/18 SSEEN; la Resoluci\u00f3n 366\/18 SGE; la Ley N\u00b0 8916\/95 ER; la Ley N\u00b0 10557 ER; el Decreto N\u00b0 1300\/96 GOB; el Decreto 4315\/16 MPIyS; las Resoluciones N\u00b0 1061\/05, 1866\/05, 1872\/05, 1169\/08, 3\/11, 1301\/11 y 118\/18 SEP; la Resoluci\u00f3n N\u00b0010\/2019 de la Secretar\u00eda Ministerial de la Energ\u00eda; las Resoluciones N\u00b0 168\/16 y 193\/2018 EPRE;<\/p>\n<p><!--more--><\/p>\n<p style=\"text-align: justify;\"><strong>CONSIDERANDO:<\/strong><\/p>\n<p style=\"text-align: justify;\">Que la Empresa de Energ\u00eda de Entre R\u00edos Sociedad An\u00f3nima -ENERSA- present\u00f3 al EPRE para su aprobaci\u00f3n el nuevo Cuadro Tarifario para el per\u00edodo comprendido entre el 1\u00b0 de febrero de 2019 al 30 de abril de 2019 inclusive;<\/p>\n<p style=\"text-align: justify;\">Que conforme a lo dispuesto por el Art\u00edculo 79\u00ba, segundo p\u00e1rrafo del Decreto N\u00ba 1300\/96 dicho cuadro, una vez aprobado, resultar\u00e1 aplicable a todas las Distribuidoras Concesionarias del Servicio P\u00fablico de Electricidad de la Provincia de Entre R\u00edos, en car\u00e1cter de Cuadro Tarifario Provincial;<\/p>\n<p style=\"text-align: justify;\">Que a tal efecto debe tenerse en cuenta adem\u00e1s que la Secretaria de Gobierno de Energ\u00eda de la Naci\u00f3n mediante la Resoluci\u00f3n N\u00b0 366\/18 del 27\/12\/2018 establece la Programaci\u00f3n Estacional para el MERCADO EL\u00c9CTRICO MAYORISTA (MEM) elevada por la COMPA\u00d1\u00cdA ADMINISTRADORA DEL MERCADO MAYORISTA EL\u00c9CTRICO (CAMMESA), el cual comprende en su Anexo I, el per\u00edodo 1\u00b0 de febrero de 2019 al 30 de abril de 2019, y en su Anexo II, el per\u00edodo 1\u00ba de mayo al 31 de octubre de 2019;<\/p>\n<p style=\"text-align: justify;\">Que, en este sentido, establece a partir del 1\u00b0 de febrero de 2019, la aplicaci\u00f3n de los Precios de Referencia de la Potencia (POTREF), Precio Estabilizado de la Energ\u00eda (PEE) y Precio Estabilizado del Transporte (PET);<\/p>\n<p style=\"text-align: justify;\">Que la distribuidora ENERSA oportunamente present\u00f3 el Cuadro Tarifario con la adecuaci\u00f3n de los costos de distribuci\u00f3n correspondiente al per\u00edodo comprendido entre el 1\u00b0 de febrero de 2019 y el 30 de abril de 2019, con variaci\u00f3n de los Precios de Referencia de la Potencia, Precio Estabilizado de la Energ\u00eda y Precio Estabilizado del Transporte para la demanda de energ\u00eda el\u00e9ctrica declarada por los Agentes Distribuidores y\/o Prestadores del Servicio P\u00fablico de Distribuci\u00f3n del MEM de acuerdo a la Resoluci\u00f3n N\u00ba 366\/18 de la Secretar\u00eda de Gobierno de Energ\u00eda;<\/p>\n<p style=\"text-align: justify;\">Que la distribuidora ENERSA, present\u00f3 el Cuadro Tarifario para el trimestre febrero 2019 &#8211; abril 2019 con la aplicaci\u00f3n de los Costos de Distribuci\u00f3n correspondientes a dicho per\u00edodo seg\u00fan Resoluci\u00f3n EPRE 168\/16;<\/p>\n<p style=\"text-align: justify;\">Que ENERSA adem\u00e1s manifiesta que queda pendiente, la determinaci\u00f3n por parte del Ente Regulador de la forma del recupero de los ingresos no percibidos por la Distribuidora en el per\u00edodo mayo-octubre \/2018;<\/p>\n<p style=\"text-align: justify;\">Que en las tarifas de peaje presentadas por ENERSA, no se contempla el costo del uso del sistema de transporte en alta tensi\u00f3n o distribuci\u00f3n troncal, ya que se considera que los mismos ser\u00edan facturados por CAMMESA a los usuarios de peaje GUME, GUMA y distribuidoras cooperativas agentes del MEM conforme la nueva metodolog\u00eda aprobada por Resoluci\u00f3n SEE 1085-E\/2017 y las modificaciones a los Procedimientos que instrumentar\u00e1 CAMMESA;<\/p>\n<p style=\"text-align: justify;\">Que el procedimiento de c\u00e1lculo del Cuadro Tarifario se realiz\u00f3 seg\u00fan las f\u00f3rmulas y par\u00e1metros dispuestos en el Contrato de Concesi\u00f3n y la Resoluci\u00f3n EPRE N\u00b0 168\/16, Anexo II, PROCEDIMIENTOS PARA LA DETERMINACI\u00d3N DEL CUADRO TARIFARIO;<\/p>\n<p style=\"text-align: justify;\">Que en el Cuadro Tarifario propuesto se incluye el c\u00e1lculo de la tarifa Residencial Social para usuarios electrodependientes, que se aplica a los beneficiarios del Plan Tarifa para la Salud Decreto Provincial N\u00b0 817\/03. Esta tarifa considera que, conforme la Ley N\u00b0 27.351 y lo dispuesto por CAMMESA, los precios mayoristas son bonificados 100%;<\/p>\n<p style=\"text-align: justify;\">Que conforme la nueva metodolog\u00eda de distribuci\u00f3n del costo que representa la remuneraci\u00f3n del Servicio P\u00fablico de Transporte de Energ\u00eda El\u00e9ctrica en Extra Alta Tensi\u00f3n y por Distribuci\u00f3n Troncal en el MERCADO EL\u00c9CTRICO MAYORISTA (MEM), aprobada por Resoluci\u00f3n SEE 1085-E\/2017; la Resoluci\u00f3n N\u00ba 366\/18 SGE que en su Art\u00edculo N\u00ba 3 establece la continuidad de los valores correspondientes a cada agente distribuidor del MEM por el servicio p\u00fablico de transporte de energ\u00eda el\u00e9ctrica en alta tensi\u00f3n y por distribuci\u00f3n troncal, establecidos mediante la Disposici\u00f3n N\u00b0 75 del 31 de julio de 2018 de la ex Sub Secretar\u00eda de Energ\u00eda El\u00e9ctrica;<\/p>\n<p style=\"text-align: justify;\">Que se calcularon los costos de distribuci\u00f3n y adecuaci\u00f3n de los mismos, para el trimestre 1\u00ba de febrero de 2019 y el 30 de abril de 2019 en funci\u00f3n de los \u00edndices oficiales del Instituto Nacional de Estad\u00edsticas y Censos (INDEC) definidos en el Contrato de Concesi\u00f3n;<\/p>\n<p style=\"text-align: justify;\">Que se incluyen los factores correspondientes: a) Tasa de Fiscalizaci\u00f3n y Control del EPRE y b) Factor de Recupero de los Costos Variables, conforme a la Ley Provincial 10.557 que modific\u00f3 la al\u00edcuota de Ingresos Brutos a partir del 1\u00ba de enero de 2018, y se recalcul\u00f3 la incidencia para el a\u00f1o 2019 a partir de datos reales a diciembre 2018;<\/p>\n<p style=\"text-align: justify;\">Que se incluye el cargo tarifario identificado como \u201cCARGO TRANSITORIO PARA LA CONFORMACION DEL FONINVEMEM (3,60$\/MWh)\u201d, Resoluci\u00f3n SE N\u00ba 1.866\/2005, prorrogado mediante Resoluci\u00f3n SE N\u00b0 3\/2011, aplicado a la totalidad de la energ\u00eda el\u00e9ctrica realmente consumida, con excepci\u00f3n de aquella destinada a abastecer a sus Usuarios cuya demanda no supere los 10 kW y sea identificada como de car\u00e1cter residencial en los cuadros tarifarios respectivos;<\/p>\n<p style=\"text-align: justify;\">Que se incluye en el Cuadro Tarifario presentado el nuevo valor del Fondo Nacional de Energ\u00eda El\u00e9ctrica (FNEE), establecido a partir del 1\u00ba de febrero de 2019 en OCHENTA PESOS POR MEGAVATIO HORA (80 $ MWh), mediante Art\u00edculo N\u00ba 5 de la Resoluci\u00f3n 366\/18 SGE;<\/p>\n<p style=\"text-align: justify;\">Que la Resoluci\u00f3n SEG 366\/2018 deroga, a partir del 1\u00b0 de enero de 2019 la Resoluci\u00f3n N\u00b0 1.091 del 30 de noviembre de 2017 de la ex SECRETAR\u00cdA DE ENERG\u00cdA EL\u00c9CTRICA y sus modificatorias, que establec\u00eda el Plan Est\u00edmulo y la Tarifa Social Nacional;<\/p>\n<p style=\"text-align: justify;\">Que por Resoluci\u00f3n N\u00b0 010\/2019 de la Secretar\u00eda Ministerial de la Energ\u00eda de Entre R\u00edos del 21\/01\/19, se estableci\u00f3 ad refer\u00e9ndum del Ejecutivo Provincial, el procedimiento de compensaci\u00f3n a fin de sostener la aplicaci\u00f3n del Plan Est\u00edmulo durante el mes de enero del corriente y de la Tarifa Social Nacional durante el mes de enero y el trimestre febrero -abril de 2019;<\/p>\n<p style=\"text-align: justify;\">Que para la presentaci\u00f3n de este cuadro tarifario, la Distribuidora ENERSA consider\u00f3 extender la aplicaci\u00f3n del mismo esquema de descuentos en el Precio Mayorista establecido en el art\u00edculo 4\u00b0 de la Resoluci\u00f3n 1091-E\/2017 a los usuarios residenciales &lt; 10 kW que le corresponda la Tarifa Social Federal;<\/p>\n<p style=\"text-align: justify;\">Que como consecuencia de la Resoluci\u00f3n N\u00b0 010\/2019 SME, hasta un consumo de 150 kWh\/mes (CONSUMO BASE) se descontar\u00e1 el 100% del Precio Estabilizado de la Energ\u00eda (PEE). Para el consumo mensual excedente del CONSUMO BASE de hasta los 150 kWh\/mes, se descontar\u00e1 el 50% del Precio Estabilizado de la Energ\u00eda (PEE), (ii) para el resto del consumo excedente no tendr\u00e1 descuento en el Precio Estabilizado de la Energ\u00eda (PEE). Este descuento aplicado en el Cuadro Tarifario a los usuarios con Tarifa Social Federal, ser\u00e1 compensado a las Distribuidoras por el Poder Ejecutivo Provincial;<\/p>\n<p style=\"text-align: justify;\">Que se incluye en el Cuadro Tarifario presentado el costo del Derecho de Conexi\u00f3n Adicional para Usuario Peque\u00f1o Generador, Decreto 4315\/16 MPIyS, y el c\u00e1lculo del cr\u00e9dito por la energ\u00eda ingresada a la red para aquellos Usuarios Peque\u00f1o Generador de tarifas T1, T2 o T3 Baja Tensi\u00f3n con potencias inferiores a Pot &lt; 50kW habilitados por la Distribuidora y la no utilizaci\u00f3n del Fondo de Estabilizaci\u00f3n de Precios Estacionales FEPPE, conforme a lo comunicado por Secretar\u00eda Ministerial de Energ\u00eda de Entre R\u00edos;<\/p>\n<p style=\"text-align: justify;\">Que la Resoluci\u00f3n N\u00ba 218-E\/2016 MEyM ha determinado que para el cumplimiento de la Ley N\u00ba 27218 referida a Entidades de Bien P\u00fablico, se deber\u00e1n considerar a las mismas tarifariamente como usuarios Residenciales;<\/p>\n<p style=\"text-align: justify;\">Que en oportunidad de desarrollarse la Audiencia P\u00fablica convocada mediante Resoluci\u00f3n EPRE N\u00b0 67\/16 de fecha 29 de Junio de 2016, que tuvo lugar el 6 de Julio de 2016 en la ciudad de Villaguay, se expuso, inform\u00f3 y consideraron \u2013entre otras cuestiones t\u00e9cnicas- los fundamentos t\u00e9cnicos, econ\u00f3micos, financieros y jur\u00eddicos por los cuales se transfiere a la tarifa provincial los precios de potencia y energ\u00eda que adquieren las distribuidoras provinciales en el Mercado El\u00e9ctrico Mayorista (MEM) y c\u00f3mo inciden ellos en los valores de los cuadros tarifarios provinciales;<\/p>\n<p style=\"text-align: justify;\">Que en oportunidad de desarrollarse la Audiencia P\u00fablica convocada mediante Resoluci\u00f3n EPRE N\u00b0 70\/16 de fecha 30 de junio de 2016 que tuvo lugar el 31 de agosto de 2016 en la ciudad de Villaguay, se inform\u00f3 y consideraron las adecuaciones de los Costos de Distribuci\u00f3n y\/o Valor agregado de Distribuci\u00f3n previstos en el Anexo IV Punto D de los Contratos de Concesi\u00f3n de las Distribuidoras Provinciales;<\/p>\n<p style=\"text-align: justify;\">Que en ocasi\u00f3n del desarrollo dicha Audiencia P\u00fablica, a los efectos de brindar informaci\u00f3n adecuada y suficiente para el tratamiento de los temas sometidos a consideraci\u00f3n, se incorpor\u00f3 al expediente la presentaci\u00f3n que realizara ENERSA, el cual fue puesto a disposici\u00f3n de todo el universo de usuarios\/consumidores del sistema el\u00e9ctrico provincial;<\/p>\n<p style=\"text-align: justify;\">Que las distribuidoras han informado debidamente las fechas de aplicaci\u00f3n de las adecuaciones trimestrales a trav\u00e9s del env\u00edo a todos los usuarios del sistema el\u00e9ctrico provincial del protocolo de informaci\u00f3n elaborado por este Ente;<\/p>\n<p style=\"text-align: justify;\">Que se han producido los correspondientes dict\u00e1menes t\u00e9cnico y legal, que obran agregados al Expediente de referencia;<\/p>\n<p style=\"text-align: justify;\">Que el Ente Provincial Regulador de la Energ\u00eda est\u00e1 facultado para el dictado de la presente, en virtud de lo dispuesto en los Art\u00edculos 48\u00ba inciso b) y 56\u00ba inciso g) de la Ley N\u00ba 8.916 y en el Anexo IV del Contrato de Concesi\u00f3n de la Distribuidora ENERSA;<\/p>\n<p style=\"text-align: justify;\">Que por Decreto N\u00ba 1127\/96 MEOSP se dispuso la intervenci\u00f3n de este Ente, atribuy\u00e9ndose al Interventor las facultades del Directorio, por lo que en uso de las funciones establecidas;<\/p>\n<p style=\"text-align: justify;\"><strong>EL INTERVENTOR DEL EPRE<\/strong><\/p>\n<p style=\"text-align: justify;\"><strong>R E S U E L V E:<\/strong><\/p>\n<p style=\"text-align: justify;\">\n<strong>ARTICULO 1\u00ba:<\/strong> Considerar de aplicaci\u00f3n los Precios Mayoristas establecidos en la Resoluci\u00f3n N\u00ba 366\/18 de la Secretar\u00eda de Gobierno de Energ\u00eda de la Naci\u00f3n, para la determinaci\u00f3n de los cargos del <a href=\"http:\/\/epre.gov.ar\/web\/wp-content\/uploads\/2019\/01\/Anexo_1_resol_13.pdf\">ANEXO I<\/a>, seg\u00fan el siguiente detalle:<\/p>\n<p style=\"text-align: center;\"><a href=\"http:\/\/epre.gov.ar\/web\/wp-content\/uploads\/2019\/01\/Selecci\u00f3n_623.jpg\"><img loading=\"lazy\" decoding=\"async\" class=\"aligncenter size-full wp-image-4147\" src=\"http:\/\/epre.gov.ar\/web\/wp-content\/uploads\/2019\/01\/Selecci\u00f3n_623.jpg\" alt=\"\" width=\"644\" height=\"471\" srcset=\"https:\/\/epre.gov.ar\/web\/wp-content\/uploads\/2019\/01\/Selecci\u00f3n_623.jpg 644w, https:\/\/epre.gov.ar\/web\/wp-content\/uploads\/2019\/01\/Selecci\u00f3n_623-300x219.jpg 300w\" sizes=\"auto, (max-width: 644px) 100vw, 644px\" \/><\/a>Resumen de los Precios Mayoristas considerando la Tarifa Social<\/p>\n<p><a href=\"http:\/\/epre.gov.ar\/web\/wp-content\/uploads\/2019\/01\/Selecci\u00f3n_624.jpg\"><img loading=\"lazy\" decoding=\"async\" class=\"aligncenter size-full wp-image-4148\" src=\"http:\/\/epre.gov.ar\/web\/wp-content\/uploads\/2019\/01\/Selecci\u00f3n_624.jpg\" alt=\"\" width=\"624\" height=\"211\" srcset=\"https:\/\/epre.gov.ar\/web\/wp-content\/uploads\/2019\/01\/Selecci\u00f3n_624.jpg 624w, https:\/\/epre.gov.ar\/web\/wp-content\/uploads\/2019\/01\/Selecci\u00f3n_624-300x101.jpg 300w\" sizes=\"auto, (max-width: 624px) 100vw, 624px\" \/><\/a><strong>ARTICULO 2\u00ba:<\/strong> Disponer que para la facturaci\u00f3n en Tarifa 5 \u2013 Otros Distribuidores Provinciales, los Distribuidores considerar\u00e1n la composici\u00f3n de venta incluyendo las p\u00e9rdidas del punto de suministro, seg\u00fan la siguiente apertura:<\/p>\n<p style=\"text-align: justify;\">-kwh en Tarifa 3 con potencias facturadas mayor o igual a 300 kW.<br \/>\n-kwh en Tarifas No Residenciales con potencias facturadas menor a 300 kW.<br \/>\n-kwh en Tarifa 1 Residencial Urbano y Rural<br \/>\n-kwh en Tarifa 1 Residencial Urbano y Rural con Tarifa Social hasta 150 kWh-mes.<br \/>\n-kwh en Tarifa 1 Residencial Urbano y Rural con Tarifa Social siguientes 150 kWh-mes.<br \/>\n-kwh en Tarifa 1 Residencial Urbano y Rural con Tarifa Social excedente 300 kWh-mes.<\/p>\n<p style=\"text-align: justify;\"><strong>ARTICULO 3\u00ba:<\/strong> Establecer que toda la informaci\u00f3n necesaria para la correcta aplicaci\u00f3n de las Resoluciones N\u00b0 1866\/05 SEN, N\u00b0 3\/11 SEN, N\u00b0 204-E2017 MEyM, y N\u00b0 366\/18 SGE, como as\u00ed tambi\u00e9n la Resoluci\u00f3n Provincial N\u00b0 010\/19 SME, y las que en el futuro se emitan sobre estos t\u00f3picos, ser\u00e1 previamente informada ante el EPRE por todas las Distribuidoras Provinciales, incluyendo aquellas que operan en el Mercado El\u00e9ctrico Mayorista &#8211; MEM- como Agentes de Mercado.<\/p>\n<p style=\"text-align: justify;\"><strong>ARTICULO 4\u00ba<\/strong>: Aprobar los Valores del Cuadro Tarifario Provincial, contenidos en el ANEXO I de la presente Resoluci\u00f3n, de la que forma parte integrante de la presente, para aplicar a los consumos registrados a partir del 1\u00ba de febrero de 2019, los que ser\u00e1n de aplicaci\u00f3n para todas las Distribuidoras del Servicio El\u00e9ctrico de jurisdicci\u00f3n Provincial. Este Cuadro Tarifario mantendr\u00e1 su vigencia para el per\u00edodo comprendido entre el 1\u00b0 de febrero de 2019 hasta el 30 de abril de 2019 inclusive.<\/p>\n<p style=\"text-align: justify;\"><strong>ARTICULO 5\u00ba:<\/strong> En caso de producirse modificaciones en los precios mayoristas de energ\u00eda, potencia y\/o transporte en el Mercado El\u00e9ctrico Mayorista por disposici\u00f3n del Ministerio de Energ\u00eda y Miner\u00eda de la Naci\u00f3n, se habilitar\u00e1 a la Distribuidora ENERSA a presentar a este ENTE para su an\u00e1lisis y aprobaci\u00f3n los nuevos valores del Cuadro Tarifario, y el per\u00edodo de vigencia correspondiente.<\/p>\n<p style=\"text-align: justify;\"><strong>ARTICULO 6\u00ba:<\/strong> Establecer que la determinaci\u00f3n de los usuarios alcanzados por la Tarifa Social surgir\u00e1 del cruzamiento de las bases de datos de las Distribuidoras con el SINTyS mediante la intermediaci\u00f3n del EPRE, como as\u00ed tambi\u00e9n las que adicionalmente el EPRE y el Poder Concedente determinen.<\/p>\n<p style=\"text-align: justify;\"><strong>ARTICULO 7\u00ba:<\/strong> Establecer que a las Entidades de Bien P\u00fablico que cumplan con las pautas establecidas en la Res N\u00ba 218-E\/2016, se les deber\u00e1n aplicar los valores de la Tarifa Uso Residencial (Urbana o Rural), y aplicar el encuadramiento impositivo que les corresponda.<\/p>\n<p style=\"text-align: justify;\"><strong>ARTICULO 8\u00ba:<\/strong> Registrar, notificar, publicar en el Bolet\u00edn Oficial, P\u00e1gina Web y redes sociales del EPRE, a las Distribuidoras Provinciales, a los medios period\u00edsticos y oportunamente archivar.<\/p>\n<p style=\"text-align: right;\">\n<strong>Dr. Jos\u00e9 Carlos Halle<\/strong><br \/>\n<strong>Interventor<\/strong><br \/>\n<strong>Ente Provincial Regulador de la Energ\u00eda &#8211; EPRE<\/strong><\/p>\n<hr \/>\n<p style=\"text-align: center;\"><a href=\"http:\/\/epre.gov.ar\/web\/wp-content\/uploads\/2019\/01\/Anexo_1_resol_13.pdf\">Descargar ANEXO 1<\/a><\/p>\n<hr \/>\n","protected":false},"excerpt":{"rendered":"<p>Resoluci\u00f3n EPRE N\u00ba13 EXPTE. N\u00ba 2223831 \u2013 EXPTE. EPRE N\u00ba 12\/19 PARAN\u00c1, 28 DE ENERO DE 2019 VISTO: Las Resoluciones N\u00b0 483\/09, 85\/12 y 86\/12 ENRE; las Resoluciones N\u00b0 218-E\/2016, 1085-E\/2017 SEE; la Disposici\u00f3n 75\/18 SSEEN; la Resoluci\u00f3n 366\/18 SGE; la Ley N\u00b0 8916\/95 ER; la Ley N\u00b0 10557 ER; el Decreto N\u00b0 1300\/96 GOB; [&hellip;]<\/p>\n","protected":false},"author":1,"featured_media":0,"comment_status":"open","ping_status":"closed","sticky":false,"template":"","format":"standard","meta":{"footnotes":""},"categories":[8],"tags":[],"class_list":["post-4146","post","type-post","status-publish","format-standard","hentry","category-resoluciones"],"_links":{"self":[{"href":"https:\/\/epre.gov.ar\/web\/wp-json\/wp\/v2\/posts\/4146","targetHints":{"allow":["GET"]}}],"collection":[{"href":"https:\/\/epre.gov.ar\/web\/wp-json\/wp\/v2\/posts"}],"about":[{"href":"https:\/\/epre.gov.ar\/web\/wp-json\/wp\/v2\/types\/post"}],"author":[{"embeddable":true,"href":"https:\/\/epre.gov.ar\/web\/wp-json\/wp\/v2\/users\/1"}],"replies":[{"embeddable":true,"href":"https:\/\/epre.gov.ar\/web\/wp-json\/wp\/v2\/comments?post=4146"}],"version-history":[{"count":1,"href":"https:\/\/epre.gov.ar\/web\/wp-json\/wp\/v2\/posts\/4146\/revisions"}],"predecessor-version":[{"id":4150,"href":"https:\/\/epre.gov.ar\/web\/wp-json\/wp\/v2\/posts\/4146\/revisions\/4150"}],"wp:attachment":[{"href":"https:\/\/epre.gov.ar\/web\/wp-json\/wp\/v2\/media?parent=4146"}],"wp:term":[{"taxonomy":"category","embeddable":true,"href":"https:\/\/epre.gov.ar\/web\/wp-json\/wp\/v2\/categories?post=4146"},{"taxonomy":"post_tag","embeddable":true,"href":"https:\/\/epre.gov.ar\/web\/wp-json\/wp\/v2\/tags?post=4146"}],"curies":[{"name":"wp","href":"https:\/\/api.w.org\/{rel}","templated":true}]}}