{"id":4104,"date":"2018-12-20T18:22:44","date_gmt":"2018-12-20T18:22:44","guid":{"rendered":"http:\/\/epre.gov.ar\/web\/?p=4104"},"modified":"2018-12-20T18:22:44","modified_gmt":"2018-12-20T18:22:44","slug":"el-consumo-de-energia-cayo-mas-de-3-en-noviembre","status":"publish","type":"post","link":"https:\/\/epre.gov.ar\/web\/el-consumo-de-energia-cayo-mas-de-3-en-noviembre\/","title":{"rendered":"El consumo de energ\u00eda cay\u00f3 m\u00e1s de 3% en noviembre"},"content":{"rendered":"<p><a href=\"http:\/\/epre.gov.ar\/web\/wp-content\/uploads\/2018\/12\/0035936963.jpg\"><img loading=\"lazy\" decoding=\"async\" class=\"aligncenter size-full wp-image-4105\" src=\"http:\/\/epre.gov.ar\/web\/wp-content\/uploads\/2018\/12\/0035936963.jpg\" alt=\"\" width=\"683\" height=\"460\" \/><\/a><\/p>\n<p style=\"text-align: justify;\">Luego de un trimestre (junio, julio y agosto) con un ascenso de la demanda del 5,8% acumulado, se registr\u00f3 el descenso trimestral (septiembre-octubre-noviembre) m\u00e1s pronunciado del a\u00f1o en t\u00e9rminos porcentuales, del 4%.<\/p>\n<p style=\"text-align: justify;\"><!--more--><\/p>\n<p style=\"text-align: justify;\">La demanda de energ\u00eda el\u00e9ctrica cay\u00f3 3,1% interanual durante noviembre \u00faltimo en todo el pa\u00eds, tanto a nivel de usuarios residenciales como de comerciales e industriales, inform\u00f3 este mi\u00e9rcoles la Fundaci\u00f3n para el Desarrollo El\u00e9ctrico (Fundelec).<br \/>\nSeg\u00fan la entidad, luego de un trimestre (junio, julio y agosto) con un ascenso de la demanda del 5,8% acumulado, se registr\u00f3 el descenso trimestral (septiembre-octubre-noviembre) m\u00e1s pronunciado del a\u00f1o en t\u00e9rminos porcentuales, del 4%.<\/p>\n<p style=\"text-align: justify;\">En los once meses ya transcurridos de 2018, la demanda registr\u00f3 un incremento del 1,2% respecto del mismo periodo de 2017.<\/p>\n<p style=\"text-align: justify;\">Fundelec puntualiz\u00f3 que en noviembre, la demanda neta total del Mercado El\u00e9ctrico Mayorista (MEM) fue de 10.029 GWh; en el mismo mes de 2017, hab\u00eda sido de 10.345,5 GWh1; por lo tanto, la comparaci\u00f3n interanual evidenci\u00f3 un descenso de 3,1%.<\/p>\n<p style=\"text-align: justify;\">No obstante, existi\u00f3 un crecimiento intermensual de 1,6%, respecto de octubre de 2018.<\/p>\n<p style=\"text-align: justify;\">Asimismo, y seg\u00fan los datos de la compa\u00f1\u00eda CAMMESA, se discrimin\u00f3 que, del consumo total de noviembre, el 40% (3.994,7 GWh) perteneci\u00f3 a la demanda residencial, mientras que el sector comercial represent\u00f3 29% (2.977 GWh) y el industrial, 31% (3.057,3 GWh).<\/p>\n<p style=\"text-align: justify;\">En la comparaci\u00f3n interanual, la demanda residencial baj\u00f3 1%, mientras que la comercial descendi\u00f3 -3,1% y la industrial mostr\u00f3 un descenso a\u00fan mayor: 6,2%.<\/p>\n<p style=\"text-align: justify;\">En cuanto al consumo por provincia, en noviembre, viente fueron las provincias y empresas que marcaron descensos: Catamarca (-42%), San Luis (-13%), San Juan (-11%), Jujuy (-11%), La Rioja (-10%), Tucum\u00e1n (-9%), La Pampa (-7%), Mendoza (-7%), Santiago del Estero (-5%), Salta (-5%), Neuqu\u00e9n (-5%), C\u00f3rdoba (-4%), EDEN (-3%), Chubut (-2%), Entre R\u00edos (-2%), Santa Fe (-1%), R\u00edo Negro (-1%), EDEA (-1%), entre otros.<\/p>\n<p style=\"text-align: justify;\">Por su parte, se registraron siete ascensos en los requerimientos el\u00e9ctricos al MEM en Misiones (12%), Chaco (10%), Santa Cruz (9%), Corrientes (6%), Formosa (3%), EDELAP (2%), EDES (-1%), entre otros.<\/p>\n<p style=\"text-align: justify;\">En cuanto a las distribuidoras de jurisdicci\u00f3n nacional (Capital Federal y Gran Buenos Aires), que totalizaron un descenso conjunto de 2,1% interanual, los registros de CAMMESA indicaron que Edenor tuvo un decrecimiento de 2,4%, mientras que en Edesur la demanda descendi\u00f3 un -1,7%.<\/p>\n<p style=\"text-align: justify;\">En tanto, en el resto del MEM, baj\u00f3 3,2% durante el mes de an\u00e1lisis.<\/p>\n<p style=\"text-align: justify;\">Fundelec precis\u00f3 que la temperatura media de noviembre fue de 21.4 \u00b0C, mientras que en el mismo mes del a\u00f1o anterior hab\u00eda llegado a 20.6 \u00b0C y la hist\u00f3rica es de 20.3 \u00b0C.\n<\/p>\n<p style=\"text-align: right;\"><strong>Fuente: ambito.com<\/strong><\/p>\n","protected":false},"excerpt":{"rendered":"<p>Luego de un trimestre (junio, julio y agosto) con un ascenso de la demanda del 5,8% acumulado, se registr\u00f3 el descenso trimestral (septiembre-octubre-noviembre) m\u00e1s pronunciado del a\u00f1o en t\u00e9rminos porcentuales, del 4%.<\/p>\n","protected":false},"author":1,"featured_media":0,"comment_status":"open","ping_status":"closed","sticky":false,"template":"","format":"standard","meta":{"footnotes":""},"categories":[11,22,1],"tags":[],"class_list":["post-4104","post","type-post","status-publish","format-standard","hentry","category-energias","category-nacionales","category-noticias"],"_links":{"self":[{"href":"https:\/\/epre.gov.ar\/web\/wp-json\/wp\/v2\/posts\/4104","targetHints":{"allow":["GET"]}}],"collection":[{"href":"https:\/\/epre.gov.ar\/web\/wp-json\/wp\/v2\/posts"}],"about":[{"href":"https:\/\/epre.gov.ar\/web\/wp-json\/wp\/v2\/types\/post"}],"author":[{"embeddable":true,"href":"https:\/\/epre.gov.ar\/web\/wp-json\/wp\/v2\/users\/1"}],"replies":[{"embeddable":true,"href":"https:\/\/epre.gov.ar\/web\/wp-json\/wp\/v2\/comments?post=4104"}],"version-history":[{"count":1,"href":"https:\/\/epre.gov.ar\/web\/wp-json\/wp\/v2\/posts\/4104\/revisions"}],"predecessor-version":[{"id":4106,"href":"https:\/\/epre.gov.ar\/web\/wp-json\/wp\/v2\/posts\/4104\/revisions\/4106"}],"wp:attachment":[{"href":"https:\/\/epre.gov.ar\/web\/wp-json\/wp\/v2\/media?parent=4104"}],"wp:term":[{"taxonomy":"category","embeddable":true,"href":"https:\/\/epre.gov.ar\/web\/wp-json\/wp\/v2\/categories?post=4104"},{"taxonomy":"post_tag","embeddable":true,"href":"https:\/\/epre.gov.ar\/web\/wp-json\/wp\/v2\/tags?post=4104"}],"curies":[{"name":"wp","href":"https:\/\/api.w.org\/{rel}","templated":true}]}}