{"id":4091,"date":"2018-12-14T19:08:42","date_gmt":"2018-12-14T19:08:42","guid":{"rendered":"http:\/\/epre.gov.ar\/web\/?p=4091"},"modified":"2018-12-14T19:12:19","modified_gmt":"2018-12-14T19:12:19","slug":"resolucion-no-208-18","status":"publish","type":"post","link":"https:\/\/epre.gov.ar\/web\/resolucion-no-208-18\/","title":{"rendered":"Resoluci\u00f3n N\u00ba 208\/18"},"content":{"rendered":"<p style=\"text-align: right;\"><strong>RESOLUCION N\u00ba 208 EPRE<\/strong><\/p>\n<p style=\"text-align: right;\"><strong>PARAN\u00c1, 29\/11\/2018.-<\/strong><\/p>\n<p style=\"text-align: justify;\"><strong>VISTO:<\/strong><\/p>\n<p style=\"text-align: justify;\">La Ley N\u00b0 8.916, el Decreto N\u00b0 1300\/96 GOB; el Decreto N\u00ba 2012\/2018 MPI y S y la Resoluci\u00f3n N\u00b0 168\/16 EPRE;<\/p>\n<p><!--more--><\/p>\n<p style=\"text-align: justify;\"><strong>CONSIDERANDO:<\/strong><\/p>\n<p style=\"text-align: justify;\">Que en fecha 31 de enero de 2018 se firm\u00f3 el Acuerdo Marco para la Implementaci\u00f3n del Sistema Tarifario de Energ\u00eda Electrica para el Sector Productivo Arrocero con riego por bomba de pozo profundo entre el Superior Gobierno de la Provincia de Entre R\u00edos, el Ministerio de Econom\u00eda, Hacienda y Finanzas, la Secretar\u00eda Ministerial de Energ\u00eda de Entre R\u00edos, Energ\u00eda de Entre R\u00edos S.A. y representantes del Sector Arrocero de la Provincia de Entre R\u00edos;<\/p>\n<p style=\"text-align: justify;\">Que en la cl\u00e1usula cuarta del Acuerdo Marco antes referido, se estableci\u00f3 que a partir de la pr\u00f3xima temporada de riego no ser\u00eda de aplicaci\u00f3n la Tarifa Especial T3 que la Distribuidora acordaba con el Sector, y se desarrollar\u00eda una Tarifa Estacional Especial que tenga en cuenta la fuerte estacionalidad de este tipo de uso y sea de valores similares al definido;<\/p>\n<p style=\"text-align: justify;\">Que en la nueva Tarifa Estacional Especial, se propuso al EPRE se aplicar\u00e1n los cargos fijos con potencia m\u00e1xima contratada durante los meses en que no se utiliza el riego;<\/p>\n<p style=\"text-align: justify;\">Que este Organismo manifest\u00f3 que se est\u00e1 ante la presencia de una tarifa especial no contemplada en el Anexo III R\u00c9GIMEN TARIFARIO DEL CONTRATO DE CONCESI\u00d3N y por lo tanto no est\u00e1 prevista en el Cuadro Tarifario y tampoco tiene una forma de determinaci\u00f3n;<\/p>\n<p style=\"text-align: justify;\">Que, a efectos de poder implementar esta nueva subcategor\u00eda estacional de suministro, desde la pr\u00f3xima campa\u00f1a arrocera 2018-2019, atendiendo a la pol\u00edtica energ\u00e9tica que se quiere desarrollar desde el Poder Ejecutivo en pos de apoyar la producci\u00f3n, se debe asegurar el beneficio a este tipo de Usuarios sin que ello impacte en el resto de los usuarios de la provincia, ni lesione los ingresos de las Distribuidoras ya previstos en la \u00faltima Revisi\u00f3n Tarifarla Quinquenal desarrollada en 2016;<\/p>\n<p style=\"text-align: justify;\">Que en consecuencia corresponde que el Poder Concedente compense la merma en los ingresos de las Distribuidoras, hasta tanto se realice la pr\u00f3xima Revisi\u00f3n Tarifaria mediante el mecanismo de participaci\u00f3n de la Audiencia P\u00fablica, en donde deber\u00e1 resolverse respecto a la incorporaci\u00f3n de esta nueva subcategor\u00eda de suministro en el Cuadro Tarifario Provincial;<\/p>\n<p style=\"text-align: justify;\">Que el Poder Ejecutivo, mediante Decreto N\u00ba 2012\/2018 MPI y S, dispuso en su Art\u00edculo N\u00ba 2, la incorporaci\u00f3n transitoria al R\u00e9gimen Tarifario Provincial vigente, como inciso \u00ab5.7 bis Estacionalidad Especial para usuarios Tarifa 3 Grandes Demandas en Baja Tensi\u00f3n\u00bb al punto \u00ab5. TARIFA 3: GRANDES DEMANDAS\u00bb del \u00abANEXO I \u2013 R\u00c9GIMEN TARIFARIO\u00bb de la Resoluci\u00f3n EPRE N\u00ba 168\/16, cuyo texto fue incorporado como ANEXO I de dicho Decreto, hasta tanto se resuelva en forma definitiva en la pr\u00f3xima Revisi\u00f3n Tarifaria;<\/p>\n<p style=\"text-align: justify;\">Que a su vez el Decreto N\u00ba 2012\/2018 MPIyS, en su Art\u00edculo N\u00ba 3, instruye al ENTE PROVINCIAL REGULADOR DE LA ENERG\u00cdA, para incorporar en la nueva subcategor\u00eda Estacional Especial a los usuarios de Tarifa 3 Baja Tensi\u00f3n que tengan un Factor de Estacionalidad mayor a 2,50 (dos con cincuenta), obtenido del cociente entre el m\u00e1ximo consumo mensual registrado durante un a\u00f1o calendario y el promedio mensual de los consumos en el mismo per\u00edodo;<\/p>\n<p style=\"text-align: justify;\">Que por el precitado Decreto se dispone, en su Art\u00edculo 4\u00b0, que la menor recaudaci\u00f3n transitoria de las Distribuidoras por aplicaci\u00f3n de la nueva subcategor\u00eda Estacional Especial establecida, ser\u00e1 compensada a las Distribuidoras por medio de aportes del Fondo de Desarrollo Energ\u00e9tico de Entre R\u00edos (FDEER), administrado por la Secretar\u00eda Ministerial de la Energ\u00eda, hasta tanto se resuelva en forma definitiva sobre esta nueva categor\u00eda en una pr\u00f3xima Revisi\u00f3n Tarifarla;<\/p>\n<p style=\"text-align: justify;\">Que en la Resoluci\u00f3n N\u00b0 168\/16 EPRE, en su ANEXO I, Art\u00edculo 4.6. \u201cCambios de Categor\u00eda\u201d, qued\u00f3 mal expresado el valor de tope m\u00e1ximo de demanda, induciendo a incorrectas interpretaciones del rango de potencia correspondiente a Tarifa 2;<\/p>\n<p style=\"text-align: justify;\">Que el EPRE est\u00e1 facultado para el dictado de la presente, en virtud de lo dispuesto en los Art\u00edculos 48\u00ba inciso b) y 56\u00ba inciso g) de la Ley N\u00ba 8.916 y en el Anexo IV del Contrato de Concesi\u00f3n de la Distribuidora ENERSA;<\/p>\n<p style=\"text-align: justify;\">Que por Decreto N\u00ba 1127\/96 MEOSP se dispuso la intervenci\u00f3n de este Ente, atribuy\u00e9ndose al Interventor las facultades del Directorio, por lo que en uso de las funciones establecidas en los Art\u00edculos 48\u00b0 y 56\u00ba de la Ley N\u00ba 8.916;<\/p>\n<p style=\"text-align: justify;\"><strong>EL INTERVENTOR DEL EPRE<br \/>\n<\/strong><strong>R E S U E L V E:<\/strong><\/p>\n<p style=\"text-align: justify;\"><strong>ARTICULO 1\u00ba:<\/strong> Incorporar transitoriamente una nueva subcategor\u00eda al R\u00e9gimen Tarifario Provincial vigente, como inciso \u00ab5.7 bis \u201cEstacionalidad Especial\u201d para usuarios Tarifa 3 Grandes Demandas en Baja Tensi\u00f3n\u00bb al punto \u00ab5. TARIFA 3: GRANDES DEMANDAS\u00bb del \u00abANEXO I &#8211; R\u00c9GIMEN TARIFARIO\u00bb de la Resoluci\u00f3n N\u00ba 168\/16 EPRE, cuyo texto incorporado como ANEXO, pasa a formar parte de la presente Resoluci\u00f3n, hasta tanto se resuelva en forma definitiva en la pr\u00f3xima Revisi\u00f3n Tarifaria.<\/p>\n<p style=\"text-align: justify;\"><strong>ARTICULO 2\u00ba:<\/strong> Modificar el Art\u00edculo 4.6. \u201cCambios de Categor\u00eda\u201d del ANEXO I de la <a href=\"http:\/\/epre.gov.ar\/web\/resolucion-no-16816\/\">Resoluci\u00f3n N\u00b0 168\/16<\/a> EPRE, el cual queda redactado de la siguiente forma:<\/p>\n<p style=\"text-align: justify;\">\u201c 4.6. Cambios de Categor\u00eda<br \/>\nSi la potencia m\u00e1xima registrada, en 50 % o m\u00e1s del total de per\u00edodos de facturaci\u00f3n dentro de un a\u00f1o calendario, superara el valor de 30 kW, tope m\u00e1ximo de demanda para esta categor\u00eda de usuarios, LA DISTRIBUIDORA convendr\u00e1 con el usuario las condiciones de cambio a la categor\u00eda de Grandes Demandas.<\/p>\n<p style=\"text-align: justify;\">Si durante 50 % o m\u00e1s de los per\u00edodos de facturaci\u00f3n el usuario registra una demanda de potencia inferior a 10 kW, \u00e9l mismo podr\u00e1 solicitar a LA DISTRIBUIDORA su recategorizaci\u00f3n a la tarifa de Peque\u00f1as Demandas.-\u201d<\/p>\n<p style=\"text-align: justify;\"><strong>ARTICULO 3\u00ba:<\/strong> Aprobar las modificaciones al Anexo I de la <a href=\"http:\/\/epre.gov.ar\/web\/resolucion-no-16816\/\">Resoluci\u00f3n EPRE N\u00ba 168\/16<\/a>, modificatoria del Anexo III de los Contratos de Concesi\u00f3n de las Distribuidoras, denominado \u201cR\u00e9gimen Tarifario\u201d, seg\u00fan lo establecido en el ANEXO de la presente, a partir del 01 de agosto de 2.018.<\/p>\n<p style=\"text-align: justify;\"><strong>ARTICULO 4\u00ba:<\/strong> Registrar, notificar, publicar en el Bolet\u00edn Oficial, P\u00e1gina Web del EPRE y archivar.<\/p>\n<p style=\"text-align: right;\"><strong>DR. JOS\u00c9 CARLOS HALLE<\/strong><\/p>\n<p style=\"text-align: right;\"><strong>Interventor del EPRE<\/strong><\/p>\n","protected":false},"excerpt":{"rendered":"<p>RESOLUCION N\u00ba 208 EPRE PARAN\u00c1, 29\/11\/2018.- VISTO: La Ley N\u00b0 8.916, el Decreto N\u00b0 1300\/96 GOB; el Decreto N\u00ba 2012\/2018 MPI y S y la Resoluci\u00f3n N\u00b0 168\/16 EPRE;<\/p>\n","protected":false},"author":1,"featured_media":0,"comment_status":"open","ping_status":"closed","sticky":false,"template":"","format":"standard","meta":{"footnotes":""},"categories":[8],"tags":[],"class_list":["post-4091","post","type-post","status-publish","format-standard","hentry","category-resoluciones"],"_links":{"self":[{"href":"https:\/\/epre.gov.ar\/web\/wp-json\/wp\/v2\/posts\/4091","targetHints":{"allow":["GET"]}}],"collection":[{"href":"https:\/\/epre.gov.ar\/web\/wp-json\/wp\/v2\/posts"}],"about":[{"href":"https:\/\/epre.gov.ar\/web\/wp-json\/wp\/v2\/types\/post"}],"author":[{"embeddable":true,"href":"https:\/\/epre.gov.ar\/web\/wp-json\/wp\/v2\/users\/1"}],"replies":[{"embeddable":true,"href":"https:\/\/epre.gov.ar\/web\/wp-json\/wp\/v2\/comments?post=4091"}],"version-history":[{"count":2,"href":"https:\/\/epre.gov.ar\/web\/wp-json\/wp\/v2\/posts\/4091\/revisions"}],"predecessor-version":[{"id":4093,"href":"https:\/\/epre.gov.ar\/web\/wp-json\/wp\/v2\/posts\/4091\/revisions\/4093"}],"wp:attachment":[{"href":"https:\/\/epre.gov.ar\/web\/wp-json\/wp\/v2\/media?parent=4091"}],"wp:term":[{"taxonomy":"category","embeddable":true,"href":"https:\/\/epre.gov.ar\/web\/wp-json\/wp\/v2\/categories?post=4091"},{"taxonomy":"post_tag","embeddable":true,"href":"https:\/\/epre.gov.ar\/web\/wp-json\/wp\/v2\/tags?post=4091"}],"curies":[{"name":"wp","href":"https:\/\/api.w.org\/{rel}","templated":true}]}}