{"id":403,"date":"2009-02-17T02:57:48","date_gmt":"2009-02-17T02:57:48","guid":{"rendered":"http:\/\/epre.gov.ar\/web\/?p=403"},"modified":"2018-11-26T14:42:50","modified_gmt":"2018-11-26T14:42:50","slug":"resolucion-no-21","status":"publish","type":"post","link":"https:\/\/epre.gov.ar\/web\/resolucion-no-21\/","title":{"rendered":"Resoluci\u00f3n N\u00ba 21\/09"},"content":{"rendered":"<p style=\"text-align: right;\"><strong>EXPTE N\u00ba 119\/08 EPRE.-<\/strong><\/p>\n<p style=\"text-align: right;\"><strong>PARAN\u00c1, 17 de Febrero de 2009.-<\/strong><\/p>\n<p style=\"text-align: left;\"><strong>VISTO:<\/strong><\/p>\n<p style=\"text-align: justify;\">El Art\u00edculo 8\u00ba de la Resoluci\u00f3n N\u00ba 158\/08 de fecha 03 de Septiembre de 2008; y<\/p>\n<p style=\"text-align: justify;\"><!--more--><strong>CONSIDERANDO:<\/strong><\/p>\n<p style=\"text-align: justify;\">Que por dicho Art\u00edculo se dispuso que a partir del 1\u00ba de Marzo de 2009 el Certificado de Conexi\u00f3n de Servicio El\u00e9ctrico ser\u00e1 tambi\u00e9n exigido por las Distribuidoras El\u00e9ctricas como requisito previo a la conexi\u00f3n de todo suministro residencial en el que se haya producido el corte previo del servicio el\u00e9ctrico con retiro de la conexi\u00f3n\u00a0 a la red de la Distribuidora y del medidor;<\/p>\n<p style=\"text-align: justify;\">Que pese a la adecuada anticipaci\u00f3n de la Resoluci\u00f3n de referencia a dicha exigencia, se ha detectado que a\u00fan no existe un adecuado grado de conocimiento para proceder a su aplicaci\u00f3n por lo que se considera oportuno diferir su puesta en vigencia;<\/p>\n<p style=\"text-align: justify;\">Que debe aprovecharse ese mayor plazo para intensificar la difusi\u00f3n de la medida en todo el \u00e1mbito provincial, especialmente a trav\u00e9s del\u00a0 Colegio de Corredores P\u00fablicos Inmobiliarios, de la C\u00e1mara de Empresas Inmobiliarias y de los Colegios integrantes del Consejo Consultivo del Registro Provincial de Instaladores Electricistas, de forma tal que las viviendas que se ofrecen en alquiler tengan sus instalaciones el\u00e9ctricas en estado adecuado, para que en el momento de concretar la conexi\u00f3n del servicio el\u00e9ctrico no se detecten problemas que representen demoras en el acceso a las viviendas alquiladas;<\/p>\n<p style=\"text-align: justify;\">Que por Decreto N\u00ba 1127\/96 se ha dispuesto la intervenci\u00f3n del Ente, por lo que en uso de sus facultades;<\/p>\n<p style=\"text-align: justify;\"><strong>LA INTERVENCION DEL EPRE<\/strong><br \/>\n<strong>RESUELVE :<\/strong><\/p>\n<p style=\"text-align: justify;\"><strong>ARTICULO 1\u00ba:<\/strong> Modificar el Art\u00edculo 8\u00ba de la Resoluci\u00f3n N\u00ba 158\/08, el que quedar\u00e1 redactado de la siguiente manera \u201cDisponer que a partir del 15 de Abril de 2009 el Certificado de Conexi\u00f3n de Servico El\u00e9ctrico que se aprueba por el Art\u00edculo 6\u00ba de la Resoluci\u00f3n N\u00ba 158\/08 ser\u00e1 tambien exigido por las Distribuidoras El\u00e9ctricas como requisito\u00a0\u00a0 previo\u00a0 a\u00a0\u00a0 la\u00a0 conexi\u00f3n\u00a0 de todo\u00a0\u00a0 suministro\u00a0 residencial\u00a0 en\u00a0 el\u00a0 que\u00a0 se\u00a0\u00a0 haya\u00a0 producido el corte previo del servicio el\u00e9ctrico con retiro de la conexi\u00f3n a la red de la Distribuidora y del medidor, cumplimentando las condiciones m\u00ednimas fijadas en la Especificaci\u00f3n\u00a0 T\u00e9cnica\u00a0 para Acometidas El\u00e9ctricas Tarifa 1 (Anexo I, Resoluci\u00f3n\u00a0\u00a0\u00a0\u00a0\u00a0\u00a0 N\u00ba 158\/08 EPRE).<\/p>\n<p style=\"text-align: justify;\"><strong>ARTICULO 2\u00ba:<\/strong> Hacer saber al Colegio de Corredores P\u00fablicos Inmobiliarios y a la C\u00e1mara de Empresas Inmobiliarias la conveniencia de recomendar a sus matriculados que verifiquen en los inmuebles que ofertan en alquiler, el adecuado estado de sus instalaciones el\u00e9ctricas para evitar que los futuros inquilinos sufran demoras en obtener el correspondiente Certificado de conexi\u00f3n el\u00e9ctrica.<\/p>\n<p style=\"text-align: justify;\"><strong>ARTICULO 3\u00ba:<\/strong> Registrar, comunicar, notificar a las Distribuidoras El\u00e9ctricas de jurisdicci\u00f3n provincial, Colegio de Corredores P\u00fablicos Inmobiliarios, C\u00e1mara de Empresas Inmobiliarias y a los Colegios Profesionales integrantes del Consejo Consultivo del Registro Provincial de Instaladores Electricistas, publicar en el Boletin Oficial, incorporar en la P\u00e1gina Web del EPRE y archivar.<\/p>\n<p><strong>\u00a0 \u00a0 \u00a0 \u00a0 \u00a0 \u00a0 \u00a0 M.M.O. NELSON CORONEL\u00a0\u00a0\u00a0\u00a0\u00a0\u00a0\u00a0\u00a0\u00a0\u00a0\u00a0\u00a0\u00a0\u00a0\u00a0\u00a0\u00a0\u00a0\u00a0\u00a0\u00a0\u00a0\u00a0\u00a0\u00a0\u00a0\u00a0\u00a0\u00a0 ARQ. FRANCISCO TAIBI<\/strong><br \/>\n<strong>\u00a0 \u00a0 \u00a0 \u00a0 \u00a0 \u00a0 \u00a0 \u00a0 SUBINTERVENTOR EPRE\u00a0\u00a0\u00a0\u00a0\u00a0\u00a0\u00a0\u00a0\u00a0\u00a0\u00a0\u00a0\u00a0\u00a0\u00a0\u00a0\u00a0\u00a0\u00a0\u00a0\u00a0\u00a0\u00a0\u00a0\u00a0\u00a0\u00a0\u00a0\u00a0\u00a0\u00a0\u00a0 INTERVENTOR EPRE<\/strong><\/p>\n","protected":false},"excerpt":{"rendered":"<p>EXPTE N\u00ba 119\/08 EPRE.- PARAN\u00c1, 17 de Febrero de 2009.- VISTO: El Art\u00edculo 8\u00ba de la Resoluci\u00f3n N\u00ba 158\/08 de fecha 03 de Septiembre de 2008; y<\/p>\n","protected":false},"author":1,"featured_media":0,"comment_status":"open","ping_status":"closed","sticky":false,"template":"","format":"standard","meta":{"footnotes":""},"categories":[8],"tags":[],"class_list":["post-403","post","type-post","status-publish","format-standard","hentry","category-resoluciones"],"_links":{"self":[{"href":"https:\/\/epre.gov.ar\/web\/wp-json\/wp\/v2\/posts\/403","targetHints":{"allow":["GET"]}}],"collection":[{"href":"https:\/\/epre.gov.ar\/web\/wp-json\/wp\/v2\/posts"}],"about":[{"href":"https:\/\/epre.gov.ar\/web\/wp-json\/wp\/v2\/types\/post"}],"author":[{"embeddable":true,"href":"https:\/\/epre.gov.ar\/web\/wp-json\/wp\/v2\/users\/1"}],"replies":[{"embeddable":true,"href":"https:\/\/epre.gov.ar\/web\/wp-json\/wp\/v2\/comments?post=403"}],"version-history":[{"count":3,"href":"https:\/\/epre.gov.ar\/web\/wp-json\/wp\/v2\/posts\/403\/revisions"}],"predecessor-version":[{"id":3952,"href":"https:\/\/epre.gov.ar\/web\/wp-json\/wp\/v2\/posts\/403\/revisions\/3952"}],"wp:attachment":[{"href":"https:\/\/epre.gov.ar\/web\/wp-json\/wp\/v2\/media?parent=403"}],"wp:term":[{"taxonomy":"category","embeddable":true,"href":"https:\/\/epre.gov.ar\/web\/wp-json\/wp\/v2\/categories?post=403"},{"taxonomy":"post_tag","embeddable":true,"href":"https:\/\/epre.gov.ar\/web\/wp-json\/wp\/v2\/tags?post=403"}],"curies":[{"name":"wp","href":"https:\/\/api.w.org\/{rel}","templated":true}]}}