{"id":401,"date":"2009-03-31T02:56:25","date_gmt":"2009-03-31T02:56:25","guid":{"rendered":"http:\/\/epre.gov.ar\/web\/?p=401"},"modified":"2018-11-26T14:56:50","modified_gmt":"2018-11-26T14:56:50","slug":"resolucion-no-38","status":"publish","type":"post","link":"https:\/\/epre.gov.ar\/web\/resolucion-no-38\/","title":{"rendered":"Resoluci\u00f3n N\u00ba 38\/09"},"content":{"rendered":"<p style=\"text-align: right;\"><strong>EXPTE. N\u00ba 157\/08 EPRE<\/strong><\/p>\n<p style=\"text-align: right;\"><strong>PARAN\u00c1, 31 de Marzo de 2009<\/strong><\/p>\n<p style=\"text-align: justify;\"><strong>VISTO:<\/strong><\/p>\n<p>El Anexo II de la Resoluci\u00f3n N\u00ba 206\/08 EPRE; y<\/p>\n<p style=\"text-align: justify;\"><!--more--><strong>CONSIDERANDO:<\/strong><\/p>\n<p style=\"text-align: justify;\">Que\u00a0 se estima necesario modificar dicho Anexo a los fines de obtener una mayor y mas precisa informaci\u00f3n a proveer de los datos consignados en el Certificado de Conexi\u00f3n de Servicio El\u00e9ctrico Tarifa 2;<\/p>\n<p style=\"text-align: justify;\">Que la incorporaci\u00f3n que se propone consiste en consignar en forma diferencial\u00a0 la Potencia M\u00e1xima Admisible de la Instalaci\u00f3n;<\/p>\n<p style=\"text-align: justify;\">Que\u00a0 a tal fin resulta conveniente reemplazar el modelo\u00a0 de Certificado de Conexi\u00f3n de Servicio El\u00e9ctrico Tarifa 2,que como anexo II forma parte de la Resoluci\u00f3n N\u00ba 206\/08 EPRE;<\/p>\n<p style=\"text-align: justify;\">Que a fs.\u00a0 301 del Expediente de la referencia consta el Acta suscrita a tal efecto por el Consejo Consultivo del Registro Provincial de Instaladores Electricistas;<\/p>\n<p style=\"text-align: justify;\">Que por Decreto N\u00ba 1127\/96 se ha dispuesto la intervenci\u00f3n del Ente, por lo que en uso de sus facultades;<\/p>\n<p style=\"text-align: justify;\"><strong>LA INTERVENCION DEL EPRE<\/strong><br \/>\n<strong>RESUELVE:<\/strong><\/p>\n<p style=\"text-align: justify;\"><strong>ARTICULO 1\u00ba:<\/strong> Dejar sin efecto el modelo de\u00a0 Certificado de Conexi\u00f3n de Servicio El\u00e9ctrico Tarifa 2 que como anexo II forma parte de la Resoluci\u00f3n N\u00ba 206\/08 EPRE y reemplazarlo por el modelo que como Anexo forma parte integrante de la presente.<\/p>\n<p style=\"text-align: justify;\"><strong>ARTICULO 2\u00ba:<\/strong> Registrar, comunicar, notificar a\u00a0 los Municipios y Comunas\u00a0 de\u00a0 la Provincia que han adherido al Articulo 7\u00ba de la Resoluci\u00f3n N\u00ba 206 EPRE, a\u00a0 las\u00a0 Distribuidoras\u00a0 El\u00e9ctricas\u00a0 de\u00a0 jurisdicci\u00f3n\u00a0 Provincial, a los Colegios Profesionales integrantes del Consejo Consultivo del Registro Provincial de Instaladores Electricistas, publicar en el Bolet\u00edn Oficial e\u00a0 incorporar en la p\u00e1gina Web del EPRE y archivar.<\/p>\n<p>&nbsp;<\/p>\n<p><strong>\u00a0 \u00a0 \u00a0 \u00a0 \u00a0 \u00a0 \u00a0 \u00a0 \u00a0 \u00a0 \u00a0MMO NELSON CORONEL\u00a0\u00a0\u00a0\u00a0\u00a0\u00a0\u00a0\u00a0\u00a0\u00a0\u00a0\u00a0\u00a0\u00a0\u00a0\u00a0\u00a0\u00a0\u00a0\u00a0\u00a0\u00a0\u00a0\u00a0\u00a0\u00a0\u00a0 ARQ. FRANCISCO TAIBI\u00a0 \u00a0<\/strong><br \/>\n<strong>\u00a0 \u00a0 \u00a0 \u00a0 \u00a0 \u00a0 \u00a0 \u00a0 \u00a0 \u00a0 \u00a0SUBINTERVENTOR EPRE\u00a0\u00a0\u00a0\u00a0\u00a0\u00a0\u00a0\u00a0\u00a0\u00a0\u00a0\u00a0\u00a0\u00a0\u00a0\u00a0\u00a0\u00a0\u00a0\u00a0\u00a0\u00a0\u00a0\u00a0\u00a0\u00a0\u00a0\u00a0 INTERVENTOR EPRE<\/strong><\/p>\n","protected":false},"excerpt":{"rendered":"<p>EXPTE. N\u00ba 157\/08 EPRE PARAN\u00c1, 31 de Marzo de 2009 VISTO: El Anexo II de la Resoluci\u00f3n N\u00ba 206\/08 EPRE; y<\/p>\n","protected":false},"author":1,"featured_media":0,"comment_status":"open","ping_status":"closed","sticky":false,"template":"","format":"standard","meta":{"footnotes":""},"categories":[8],"tags":[],"class_list":["post-401","post","type-post","status-publish","format-standard","hentry","category-resoluciones"],"_links":{"self":[{"href":"https:\/\/epre.gov.ar\/web\/wp-json\/wp\/v2\/posts\/401","targetHints":{"allow":["GET"]}}],"collection":[{"href":"https:\/\/epre.gov.ar\/web\/wp-json\/wp\/v2\/posts"}],"about":[{"href":"https:\/\/epre.gov.ar\/web\/wp-json\/wp\/v2\/types\/post"}],"author":[{"embeddable":true,"href":"https:\/\/epre.gov.ar\/web\/wp-json\/wp\/v2\/users\/1"}],"replies":[{"embeddable":true,"href":"https:\/\/epre.gov.ar\/web\/wp-json\/wp\/v2\/comments?post=401"}],"version-history":[{"count":3,"href":"https:\/\/epre.gov.ar\/web\/wp-json\/wp\/v2\/posts\/401\/revisions"}],"predecessor-version":[{"id":3957,"href":"https:\/\/epre.gov.ar\/web\/wp-json\/wp\/v2\/posts\/401\/revisions\/3957"}],"wp:attachment":[{"href":"https:\/\/epre.gov.ar\/web\/wp-json\/wp\/v2\/media?parent=401"}],"wp:term":[{"taxonomy":"category","embeddable":true,"href":"https:\/\/epre.gov.ar\/web\/wp-json\/wp\/v2\/categories?post=401"},{"taxonomy":"post_tag","embeddable":true,"href":"https:\/\/epre.gov.ar\/web\/wp-json\/wp\/v2\/tags?post=401"}],"curies":[{"name":"wp","href":"https:\/\/api.w.org\/{rel}","templated":true}]}}