{"id":3865,"date":"2018-11-01T12:28:26","date_gmt":"2018-11-01T12:28:26","guid":{"rendered":"http:\/\/epre.gov.ar\/web\/?p=3865"},"modified":"2018-11-29T17:03:38","modified_gmt":"2018-11-29T17:03:38","slug":"resolucion-no-193-18","status":"publish","type":"post","link":"https:\/\/epre.gov.ar\/web\/resolucion-no-193-18\/","title":{"rendered":"Resoluci\u00f3n N\u00ba 193\/18"},"content":{"rendered":"<p style=\"text-align: right;\"><strong>RESOLUCION N\u00ba 193 EPRE<br \/>\n<\/strong><strong>EXPTE. \u00daNICO N\u00ba 2186896\/18<br \/>\n<\/strong><strong>EXPTE. N\u00ba 196\/18 EPRE<br \/>\nPARAN\u00c1, 01 DE NOVIEMBRE DE 2018.-<\/strong><\/p>\n<p style=\"text-align: justify;\"><strong>VISTO:<\/strong><\/p>\n<p style=\"text-align: justify;\">Las Resoluciones N\u00b0 483\/09, 85\/12 y 86\/12 ENRE; las Resoluciones N\u00b0 218-E\/2016 y 1091-E\/2017 MEyM; la Disposici\u00f3n 44-2018 SEN; Disposici\u00f3n 75-2018 SSEEN, Disposici\u00f3n 97\/2018 SSEEN; la Ley N\u00b0 8916\/95 ER; la Ley N\u00b0 10557 ER; el Decreto N\u00b0 1300\/96 GOB; las Resoluciones N\u00b0 1061\/05, 1866\/05, 1872\/05, 1169\/08, 3\/11, 1301\/11 y 118\/18 SEP; las Resoluciones N\u00b0 168\/16, 93\/2018, 128\/18 EPRE<\/p>\n<p style=\"text-align: justify;\"><!--more--><strong>CONSIDERANDO:<\/strong><\/p>\n<p style=\"text-align: justify;\">Que la Empresa de Energ\u00eda de Entre R\u00edos Sociedad An\u00f3nima -ENERSA- ha presentado al EPRE para su aprobaci\u00f3n el nuevo Cuadro Tarifario para el per\u00edodo comprendido entre el 1\u00b0 de noviembre de 2018 al 31 de enero de 2019 inclusive;<\/p>\n<p style=\"text-align: justify;\">Que conforme a lo dispuesto por el Art\u00edculo 79\u00ba, segundo p\u00e1rrafo del Decreto N\u00ba 1300\/96, dicho Cuadro, una vez aprobado, resultar\u00e1 aplicable a todas las Distribuidoras Concesionarias del Servicio P\u00fablico de Electricidad, en car\u00e1cter de Cuadro Tarifario Provincial;<\/p>\n<p style=\"text-align: justify;\">Que a tal efecto deben tenerse en cuenta:<\/p>\n<p style=\"text-align: justify;\">Que La Subsecretaria de Energ\u00eda El\u00e9ctrica mediante Disposici\u00f3n 97\/2018 del 24\/10\/2018 aprueba la Programaci\u00f3n Estacional de Verano para el MERCADO EL\u00c9CTRICO MAYORISTA (MEM) elevada por la COMPA\u00d1\u00cdA ADMINISTRADORA DEL MERCADO MAYORISTA EL\u00c9CTRICO (CAMMESA), correspondiente al per\u00edodo comprendido entre el 1\u00b0 de noviembre de 2018 y el 30 de abril de 2019.<\/p>\n<p style=\"text-align: justify;\">Que establece a partir del 1\u00b0 de noviembre de 2018, la aplicaci\u00f3n de los Precios de Referencia de la Potencia (POTREF), Precio Estabilizado de la Energ\u00eda (PEE) y Precio Estabilizado del Transporte (PET) que fueran oportunamente aprobados por la Disposici\u00f3n N\u00b0 75 del 31 de julio de 2018 de esta Subsecretar\u00eda.<\/p>\n<p style=\"text-align: justify;\">Que prorroga a partir del 1\u00b0 de noviembre de 2018 las previsiones contenidas en la Disposici\u00f3n N\u00b0 75\/2018 con relaci\u00f3n al subsidio a Usuarios con Tarifa Social y Descuentos Plan Est\u00edmulo.<\/p>\n<p style=\"text-align: justify;\">Que la distribuidora ENERSA oportunamente present\u00f3 el Cuadro Tarifario con la adecuaci\u00f3n de los costos de distribuci\u00f3n correspondiente al per\u00edodo comprendido entre el 1\u00b0 de noviembre de 2018 y el 31 de enero de 2019, sin variaci\u00f3n de los Precios de Referencia de la Potencia, Precio Estabilizado de la Energ\u00eda y Precio Estabilizado del Transporte para la demanda de energ\u00eda el\u00e9ctrica declarada por los Agentes Distribuidores y\/o Prestadores del Servicio P\u00fablico de Distribuci\u00f3n del MEM de acuerdo a la Disposici\u00f3n N\u00ba 75\/2018 Subsecretaria de Energ\u00eda El\u00e9ctrica Naci\u00f3n;<\/p>\n<p style=\"text-align: justify;\">Que la Secretar\u00eda Ministerial de Energ\u00eda de Entre R\u00edos por Resoluci\u00f3n N\u00ba 118\/18 SE dispuso la suspensi\u00f3n transitoria y excepcional para el per\u00edodo 1\u00ba de mayo 2018 \u2013 31 de julio 2018, de toda adecuaci\u00f3n de los Costos de Distribuci\u00f3n y\/o Valor agregado de Distribuci\u00f3n previstos en el Anexo IV Punto D de los Contratos de Concesi\u00f3n de las Distribuidoras Provinciales, debiendo aplicar al cuadro tarifario correspondiente a dicho per\u00edodo los vigentes para el per\u00edodo 1\u00ba de febrero de 2018 \u2013 30 de abril de 2018, con excepci\u00f3n de los costos mayoristas que son establecidos en forma exclusiva por el Estado Nacional;<\/p>\n<p style=\"text-align: justify;\">Que la dicha Resoluci\u00f3n instruye al Ente Provincial Regulador de la Energ\u00eda -EPRE- a que, una vez finalizada la suspensi\u00f3n transitoria, eval\u00fae su aplicaci\u00f3n razonable y gradual en los siguientes per\u00edodos trimestrales de adecuaci\u00f3n de los costos de distribuci\u00f3n que se dej\u00f3 de aplicar;<\/p>\n<p style=\"text-align: justify;\">Que habiendo finalizado el per\u00edodo 1\u00ba de mayo 2018 \u2013 31 de julio 2018, en que la Secretar\u00eda Ministerial de la Energ\u00eda dispuso la suspensi\u00f3n de la adecuaci\u00f3n de los Costos de Distribuci\u00f3n, y que dicha suspensi\u00f3n implic\u00f3 el desplazamiento del cronograma de adecuaci\u00f3n de costos de Distribuci\u00f3n afectando las actualizaciones de los trimestres inmediatos y consecutivos, por efecto del incremento de costos de la econom\u00eda que afectan a las Distribuidoras,<\/p>\n<p style=\"text-align: justify;\">Que este Ente Regulador, conforme la instrucci\u00f3n recibida, decidir sobre su aplicaci\u00f3n gradual y razonable, mediante la Resol 128\/18 EPRE correspondiente al Cuadro Tarifario con vigencia agosto-octubre 2018, se recuper\u00f3 la mitad de la actualizaci\u00f3n de los Costos de Distribuci\u00f3n, suspendida por Secretar\u00eda Ministerial de Energ\u00eda de Entre R\u00edos por Resoluci\u00f3n N\u00ba 118\/18 SE<\/p>\n<p style=\"text-align: justify;\">Que la distribuidora ENERSA, present\u00f3 el Cuadro Tarifario para el trimestre noviembre 2018 &#8211; enero 2019 con la aplicaci\u00f3n de los Costos de Distribuci\u00f3n correspondientes a dicho per\u00edodo seg\u00fan Resoluci\u00f3n EPRE 168\/16 y la otra parte de la actualizaci\u00f3n pendiente suspendida.<\/p>\n<p style=\"text-align: justify;\">Que realizada la evaluaci\u00f3n de este Ente se considera oportuno, gradual y razonable, restituir en este per\u00edodo la mitad pendiente de la actualizaci\u00f3n de los Costos de Distribuci\u00f3n previstas en los contratos de concesi\u00f3n y que se dejara de aplicar en forma transitoria;<\/p>\n<p style=\"text-align: justify;\">Que ENERSA adem\u00e1s manifiesta que realizar\u00e1 una presentaci\u00f3n solicitando la compensaci\u00f3n por la suspensi\u00f3n transitoria de la adecuaci\u00f3n de los costos de distribuci\u00f3n dispuesta por Res EPRE 93\/2018, y sus efectos desde 1\u00b0 de mayo hasta el 31 de octubre de 2018, la que ser\u00e1 evaluada oportunamente<\/p>\n<p style=\"text-align: justify;\">Que en las tarifas de peaje presentadas por ENERSA, no se contempla el costo del uso del sistema de transporte, en alta tensi\u00f3n o distribuci\u00f3n troncal, ya que se considera que los mismos ser\u00edan facturados por CAMMESA a los usuarios de peaje GUME, GUMA y distribuidoras cooperativas agentes del MEM conforme la nueva metodolog\u00eda aprobada por Resoluci\u00f3n SEE 1085-E\/2017 y las modificaciones a los Procedimientos que instrumentar\u00e1 CAMMESA;<\/p>\n<p style=\"text-align: justify;\">Que el procedimiento de c\u00e1lculo del Cuadro Tarifario se realiz\u00f3 seg\u00fan las f\u00f3rmulas y par\u00e1metros dispuestos en el Contrato de Concesi\u00f3n y la Resoluci\u00f3n EPRE 168\/16, Anexo II, PROCEDIMIENTOS PARA LA DETERMINACI\u00d3N DEL CUADRO TARIFARIO;<\/p>\n<p style=\"text-align: justify;\">Que en el art\u00edculo 4\u00b0 de la Disposici\u00f3n N\u00b0 75\/18 SSEEN se establece la aplicaci\u00f3n de lo previsto en el Art. 4\u00b0 de la Resoluci\u00f3n 1091-E\/2017, que dispuso un descuento a los usuarios residenciales &lt; 10 kW que se le haya otorgado la Tarifa Social. Hasta un consumo de 150 kWh\/mes (CONSUMO BASE) se descontar\u00e1 el 100% del Precio Estabilizado de la Energ\u00eda (PEE). Para el consumo mensual excedente del CONSUMO BASE de hasta los 150 kWh\/mes, se descontar\u00e1 el 50% del Precio Estabilizado de la Energ\u00eda (PEE), (ii) para el resto del consumo excedente no tendr\u00e1 descuento en el Precio Estabilizado de la Energ\u00eda (PEE);<\/p>\n<p style=\"text-align: justify;\">Que en el art\u00edculo 5\u00b0 de la Disposici\u00f3n N\u00b0 75\/18 SSEEN establece la aplicaci\u00f3n del Art. 5\u00b0 de la Resoluci\u00f3n 1091-E\/2017, que dispuso para usuarios residenciales &lt;10 kW cuyo consumo mensual de energ\u00eda, comparado con el registrado en igual mes del a\u00f1o 2015, se haya reducido en no menos del 20%, de un descuento del 10% del Precio Estabilizado de la Energ\u00eda (PEE) respectivo. Tambi\u00e9n se dispone que los descuentos del Plan Est\u00edmulo (PE), se aplicar\u00e1n tambi\u00e9n a los usuarios de tarifa social;<\/p>\n<p style=\"text-align: justify;\">Que en el Cuadro Tarifario propuesto se incluye el c\u00e1lculo de la tarifa Residencial Social para usuarios electrodependientes, que se aplica a los beneficiarios del Plan Tarifa para la Salud Decreto Provincial N\u00b0 817\/03. Esta tarifa considera, conforme la Ley N\u00b0 27.351 y lo dispuesto por CAMMESA, los precios mayoristas son bonificados 100%;<\/p>\n<p style=\"text-align: justify;\">Que conforme la nueva metodolog\u00eda de distribuci\u00f3n del costo que representa la remuneraci\u00f3n del Servicio P\u00fablico de Transporte de Energ\u00eda El\u00e9ctrica en Extra Alta Tensi\u00f3n y por Distribuci\u00f3n Troncal en el MERCADO EL\u00c9CTRICO MAYORISTA (MEM), aprobada por Resoluci\u00f3n SEE 1085-E\/2017; la Disposici\u00f3n N\u00b0 75\/18 SSEEN en su Anexo II, expone los PRECIOS CORRESPONDIENTES A CADA AGENTE DISTRIBUIDOR DEL MEM POR EL SERVICIO P\u00daBLICO DE TRANSPORTE DE ENERG\u00cdA EL\u00c9CTRICA EN ALTA TENSI\u00d3N Y POR DISTRIBUCI\u00d3N TRONCAL;<\/p>\n<p style=\"text-align: justify;\">Que se calcularon los costos de distribuci\u00f3n y adecuaci\u00f3n de los mismos, para el trimestre 1\u00ba de noviembre de 2018 y el 31 de enero de 2019 en funci\u00f3n de los \u00edndices oficiales del Instituto Nacional de Estad\u00edsticas y Censos (INDEC) definidos en el Contrato de Concesi\u00f3n;<\/p>\n<p style=\"text-align: justify;\">Que se incluyen los factores correspondientes: a) Tasa de Fiscalizaci\u00f3n y Control del EPRE y b) Factor de Recupero de los Costos Variables, conforme a la Ley Provincial 10.557 que modific\u00f3 la al\u00edcuota de Ingresos Brutos a partir del 1\u00ba de enero de 2018, se recalcul\u00f3 la incidencia para el a\u00f1o 2018 a partir de datos reales a septiembre 2018;<\/p>\n<p style=\"text-align: justify;\">Que se incluye el cargo tarifario identificado como \u201cCARGO TRANSITORIO PARA LA CONFORMACION DEL FONINVEMEM (3,60 $\/MWh)\u201d, Resoluci\u00f3n SE N\u00ba 1866\/2005, prorrogado mediante Resoluci\u00f3n SE N\u00b0 3\/2011, aplicado a la totalidad de la energ\u00eda el\u00e9ctrica realmente consumida, con excepci\u00f3n de aquella destinada a abastecer a sus Usuarios cuya demanda no supere los 10 kW y sea identificada como de car\u00e1cter residencial en los cuadros tarifarios respectivos;<\/p>\n<p style=\"text-align: justify;\">Que se incluye en el Cuadro Tarifario presentado el costo del Derecho de Conexi\u00f3n Adicional para Usuario Peque\u00f1o Generador, Decreto 4315\/16 MPIyS, y el c\u00e1lculo del cr\u00e9dito por la energ\u00eda ingresada a la red para aquellos Usuarios Peque\u00f1o Generador de tarifas T1, T2 o T3 Baja Tensi\u00f3n con potencias inferiores a Pot &lt; 50kW habilitados por la Distribuidora;<\/p>\n<p style=\"text-align: justify;\">La no utilizaci\u00f3n del Fondo de Estabilizaci\u00f3n de Precios Estacionales FEPPE;<\/p>\n<p style=\"text-align: justify;\">Lo dispuesto por la Subsecretar\u00eda de Coordinaci\u00f3n Pol\u00edtica Tarifaria de la Naci\u00f3n en torno a la determinaci\u00f3n de los usuarios categorizados como Tarifa Social, que se realizar\u00e1n mediante el cruzamiento de datos de las Distribuidoras con el Sistema de Identificaci\u00f3n Nacional Tributario y Social (SINTyS) con la intermediaci\u00f3n del EPRE;<\/p>\n<p style=\"text-align: justify;\">Que la Resoluci\u00f3n N\u00ba 218-E\/2016 MEyM ha determinado que para el cumplimiento de la Ley N\u00ba 27218 referida a Entidades de Bien P\u00fablico, se deber\u00e1n considerar a las mismas tarifariamente como usuarios Residenciales;<\/p>\n<p style=\"text-align: justify;\">Que en oportunidad de desarrollarse la Audiencia P\u00fablica convocada mediante Resoluci\u00f3n EPRE N\u00b0 67\/16 de fecha 29 de Junio de 2016, que tuvo lugar el 6 de Julio de 2016 en la ciudad de Villaguay, se expuso, inform\u00f3 y consideraron \u2013entre otras cuestiones t\u00e9cnicas- los fundamentos t\u00e9cnicos, econ\u00f3micos, financieros y jur\u00eddicos por los cuales se transfiere a la tarifa provincial los precios de potencia y energ\u00eda que adquieren las distribuidoras provinciales en el Mercado El\u00e9ctrico Mayorista (MEM) y c\u00f3mo inciden ellos en los valores de los cuadros tarifarios provinciales;<\/p>\n<p style=\"text-align: justify;\">Que en oportunidad de desarrollarse la Audiencia P\u00fablica convocada mediante Resoluci\u00f3n EPRE N\u00b0 70\/16 de fecha 30 de junio de 2016 que tuvo lugar el 31 de agosto de 2016 en la ciudad de Villaguay, se inform\u00f3 y consideraron las adecuaciones de los Costos de Distribuci\u00f3n y\/o Valor agregado de Distribuci\u00f3n previstos en el Anexo IV Punto D de los Contratos de Concesi\u00f3n de las Distribuidoras Provinciales;<\/p>\n<p style=\"text-align: justify;\">Que en ocasi\u00f3n del desarrollo dicha Audiencia P\u00fablica, a los efectos de brindar informaci\u00f3n adecuada y suficiente para el tratamiento de los temas sometidos a consideraci\u00f3n, se incorpor\u00f3 al expediente la presentaci\u00f3n que realizara ENERSA;<\/p>\n<p style=\"text-align: justify;\">Que las distribuidoras han informado debidamente las fechas de aplicaci\u00f3n de las adecuaciones trimestrales a trav\u00e9s del env\u00edo a todos los usuarios del sistema el\u00e9ctrico provincial del protocolo de informaci\u00f3n elaborado por este Ente;<\/p>\n<p style=\"text-align: justify;\">Que se han producido los correspondientes dict\u00e1menes t\u00e9cnico y legal, correspondiente y obran agregados al Expediente de referencia;<\/p>\n<p style=\"text-align: justify;\">Que el Ente Provincial Regulador de la Energ\u00eda est\u00e1 facultado para el dictado de la presente, en virtud de lo dispuesto en los Art\u00edculos 48\u00ba inciso b) y 56\u00ba inciso g) de la Ley N\u00ba 8.916 y en el Anexo IV del Contrato de Concesi\u00f3n de la Distribuidora ENERSA;<\/p>\n<p style=\"text-align: justify;\">Que por Decreto N\u00ba 1127\/96 MEOSP se dispuso la intervenci\u00f3n de este Ente, atribuy\u00e9ndose al Interventor las facultades del Directorio, por lo que en uso de las funciones establecidas;<\/p>\n<p style=\"text-align: justify;\"><strong>EL INTERVENTOR DEL EPRE<\/strong><br \/>\n<strong>RESUELVE:<\/strong><\/p>\n<p style=\"text-align: justify;\"><strong>ARTICULO 1\u00ba:<\/strong> Considerar de aplicaci\u00f3n de los Precios Mayoristas establecido en la Disposici\u00f3n N\u00ba 75\/2018 SSEEN prorrogados mediante la Disposici\u00f3n N\u00ba 97\/2018 SSEEN para la determinaci\u00f3n de los cargos del ANEXO I, seg\u00fan el siguiente detalle:<\/p>\n<p><img loading=\"lazy\" decoding=\"async\" class=\"aligncenter size-full wp-image-3866\" src=\"http:\/\/epre.gov.ar\/web\/wp-content\/uploads\/2018\/11\/Selecci\u00f3n_504.png\" alt=\"\" width=\"576\" height=\"326\" srcset=\"https:\/\/epre.gov.ar\/web\/wp-content\/uploads\/2018\/11\/Selecci\u00f3n_504.png 576w, https:\/\/epre.gov.ar\/web\/wp-content\/uploads\/2018\/11\/Selecci\u00f3n_504-300x170.png 300w\" sizes=\"auto, (max-width: 576px) 100vw, 576px\" \/><\/p>\n<p><img loading=\"lazy\" decoding=\"async\" class=\"aligncenter size-full wp-image-3867\" src=\"http:\/\/epre.gov.ar\/web\/wp-content\/uploads\/2018\/11\/Selecci\u00f3n_505.png\" alt=\"\" width=\"612\" height=\"251\" srcset=\"https:\/\/epre.gov.ar\/web\/wp-content\/uploads\/2018\/11\/Selecci\u00f3n_505.png 612w, https:\/\/epre.gov.ar\/web\/wp-content\/uploads\/2018\/11\/Selecci\u00f3n_505-300x123.png 300w\" sizes=\"auto, (max-width: 612px) 100vw, 612px\" \/><\/p>\n<p style=\"text-align: justify;\"><strong>ARTICULO 2\u00ba:<\/strong> Disponer que para la facturaci\u00f3n en Tarifa 5 \u2013 Otros Distribuidores Provinciales, los Distribuidores considerar\u00e1n la composici\u00f3n de venta incluyendo las p\u00e9rdidas del punto de suministro, seg\u00fan la siguiente apertura:<\/p>\n<p style=\"text-align: justify;\">-kwh en Tarifa 3 con potencias facturadas mayor o igual a 300 kW.<\/p>\n<p style=\"text-align: justify;\">-kwh en Tarifas No Residenciales con potencias facturadas menor a 300 kW.<\/p>\n<p style=\"text-align: justify;\">-kwh en Tarifa 1 Residencial Urbano y Rural sin reducci\u00f3n en el consumo respecto al mismo per\u00edodo del a\u00f1o 2015.<\/p>\n<p style=\"text-align: justify;\">-kwh en Tarifa 1 Residencial Urbano y Rural con reducci\u00f3n en el consumo igual o superior al 20 % respecto al mismo per\u00edodo del a\u00f1o 2015 (PE).<\/p>\n<p style=\"text-align: justify;\">-kwh en Tarifa 1 Residencial Urbano y Rural con Tarifa Social hasta 150 kWh-mes.<\/p>\n<p style=\"text-align: justify;\">-kwh en Tarifa 1 Residencial Urbano y Rural con Tarifa Social siguientes 150 kWh-mes.<\/p>\n<p style=\"text-align: justify;\">-kwh en Tarifa 1 Residencial Urbano y Rural con Tarifa Social excedente 300 kWh-mes.<\/p>\n<p style=\"text-align: justify;\">-kwh en Tarifa 1 Residencial Urbano y Rural con Tarifa Social siguientes 150 kWh-mes, con reducci\u00f3n en el consumo igual o superior al 20 % respecto al mismo per\u00edodo del a\u00f1o 2015 (PE).<\/p>\n<p style=\"text-align: justify;\">-kwh en Tarifa 1 Residencial Urbano y Rural con Tarifa Social siguientes 300 kWh-mes, con reducci\u00f3n en el consumo superior al 20 % respecto al mismo per\u00edodo del a\u00f1o 2015 (PE).<\/p>\n<p style=\"text-align: justify;\"><strong>ARTICULO 3\u00ba:<\/strong> Establecer que toda la informaci\u00f3n necesaria para la correcta aplicaci\u00f3n de las Resoluciones N\u00ba 1169\/08 y N\u00b0 1301\/11 SEN, las Resoluci\u00f3n 1091-E\/2017, la Resoluci\u00f3n N\u00b0 204-E2017 MEyM, la Disposici\u00f3n N\u00b0 75\/18 SSEEN y las que en el futuro se emitan sobre este t\u00f3pico, ser\u00e1 previamente informada ante el EPRE por todas las Distribuidoras Provinciales, incluyendo aquellas que operan en el Mercado El\u00e9ctrico Mayorista &#8211; MEM- como Agentes de Mercado.<\/p>\n<p style=\"text-align: justify;\"><strong>ARTICULO 4\u00ba:<\/strong> Aprobar los Valores del Cuadro Tarifario Provincial, contenidos en el ANEXO I de la presente Resoluci\u00f3n, de la que forma parte integrante, para aplicar a los consumos registrados a partir del 1\u00ba de noviembre 2018, los que ser\u00e1n de aplicaci\u00f3n para todas las Distribuidoras del Servicio El\u00e9ctrico de jurisdicci\u00f3n Provincial. Este Cuadro Tarifario mantendr\u00e1 su vigencia para el per\u00edodo comprendido entre el entre el 1\u00b0 de noviembre de 2018 hasta el 31 de enero de 2019.<\/p>\n<p style=\"text-align: justify;\"><strong>ARTICULO 5\u00ba:<\/strong> En caso de producirse modificaciones en los precios mayoristas de energ\u00eda, potencia y\/o transporte en el Mercado El\u00e9ctrico Mayorista por disposici\u00f3n del Ministerio de Energ\u00eda y Miner\u00eda de la Naci\u00f3n, se habilitar\u00e1 a la Distribuidora ENERSA a presentar a este ENTE para su an\u00e1lisis y aprobaci\u00f3n los nuevos valores del Cuadro Tarifario, y el per\u00edodo de vigencia correspondiente.<\/p>\n<p style=\"text-align: justify;\"><strong>ARTICULO 6\u00ba:<\/strong> Establecer que la determinaci\u00f3n de los usuarios alcanzados por la Tarifa Social surgir\u00e1 del cruzamiento de las bases de datos de las Distribuidoras con el SINTyS mediante la intermediaci\u00f3n del EPRE adicionalmente a las que el EPRE y el Poder Concedente determine.<\/p>\n<p style=\"text-align: justify;\"><strong>ARTICULO 7\u00ba:<\/strong> Establecer que a las Entidades de Bien P\u00fablico que cumplan con las pautas establecidas en la Res N\u00ba 218-E\/2016, se les deber\u00e1n aplicar los valores de la Tarifa Uso Residencial (Urbana o Rural), y aplicar el encuadramiento impositivo que les corresponda.<\/p>\n<p style=\"text-align: justify;\"><strong>ARTICULO 8\u00ba:<\/strong> Registrar, notificar, publicar en el Bolet\u00edn Oficial, P\u00e1gina Web del EPRE y archivar.<\/p>\n<p style=\"text-align: center;\"><strong>DR. JOSE CARLOS HALLE<\/strong><br \/>\n<strong>Interventor EPRE<\/strong><\/p>\n<h4><a href=\"http:\/\/epre.gov.ar\/web\/wp-content\/uploads\/2018\/11\/Anexo-I-Res-193-18-FINAL-CUADRO-TARIFARIO-Nov-18-Ene-19.xlsx\">Anexo I Res 193-18 FINAL CUADRO TARIFARIO Nov 18-Ene 19<\/a><\/h4>\n","protected":false},"excerpt":{"rendered":"<p>RESOLUCION N\u00ba 193 EPRE EXPTE. \u00daNICO N\u00ba 2186896\/18 EXPTE. N\u00ba 196\/18 EPRE PARAN\u00c1, 01 DE NOVIEMBRE DE 2018.- VISTO: Las Resoluciones N\u00b0 483\/09, 85\/12 y 86\/12 ENRE; las Resoluciones N\u00b0 218-E\/2016 y 1091-E\/2017 MEyM; la Disposici\u00f3n 44-2018 SEN; Disposici\u00f3n 75-2018 SSEEN, Disposici\u00f3n 97\/2018 SSEEN; la Ley N\u00b0 8916\/95 ER; la Ley N\u00b0 10557 ER; el [&hellip;]<\/p>\n","protected":false},"author":1,"featured_media":0,"comment_status":"open","ping_status":"closed","sticky":false,"template":"","format":"standard","meta":{"footnotes":""},"categories":[8],"tags":[],"class_list":["post-3865","post","type-post","status-publish","format-standard","hentry","category-resoluciones"],"_links":{"self":[{"href":"https:\/\/epre.gov.ar\/web\/wp-json\/wp\/v2\/posts\/3865","targetHints":{"allow":["GET"]}}],"collection":[{"href":"https:\/\/epre.gov.ar\/web\/wp-json\/wp\/v2\/posts"}],"about":[{"href":"https:\/\/epre.gov.ar\/web\/wp-json\/wp\/v2\/types\/post"}],"author":[{"embeddable":true,"href":"https:\/\/epre.gov.ar\/web\/wp-json\/wp\/v2\/users\/1"}],"replies":[{"embeddable":true,"href":"https:\/\/epre.gov.ar\/web\/wp-json\/wp\/v2\/comments?post=3865"}],"version-history":[{"count":3,"href":"https:\/\/epre.gov.ar\/web\/wp-json\/wp\/v2\/posts\/3865\/revisions"}],"predecessor-version":[{"id":4083,"href":"https:\/\/epre.gov.ar\/web\/wp-json\/wp\/v2\/posts\/3865\/revisions\/4083"}],"wp:attachment":[{"href":"https:\/\/epre.gov.ar\/web\/wp-json\/wp\/v2\/media?parent=3865"}],"wp:term":[{"taxonomy":"category","embeddable":true,"href":"https:\/\/epre.gov.ar\/web\/wp-json\/wp\/v2\/categories?post=3865"},{"taxonomy":"post_tag","embeddable":true,"href":"https:\/\/epre.gov.ar\/web\/wp-json\/wp\/v2\/tags?post=3865"}],"curies":[{"name":"wp","href":"https:\/\/api.w.org\/{rel}","templated":true}]}}