{"id":3666,"date":"2018-08-09T13:40:29","date_gmt":"2018-08-09T13:40:29","guid":{"rendered":"http:\/\/epre.gov.ar\/web\/?p=3666"},"modified":"2018-08-09T13:42:44","modified_gmt":"2018-08-09T13:42:44","slug":"entro-en-operaciones-el-primer-parque-solar-del-programa-renovar","status":"publish","type":"post","link":"https:\/\/epre.gov.ar\/web\/entro-en-operaciones-el-primer-parque-solar-del-programa-renovar\/","title":{"rendered":"Entr\u00f3 en operaciones el primer parque solar del programa RenovAr"},"content":{"rendered":"<p><img loading=\"lazy\" decoding=\"async\" class=\"aligncenter size-full wp-image-3667\" src=\"http:\/\/epre.gov.ar\/web\/wp-content\/uploads\/2018\/08\/not_929993_08_143923_m.jpg\" alt=\"\" width=\"768\" height=\"415\" srcset=\"https:\/\/epre.gov.ar\/web\/wp-content\/uploads\/2018\/08\/not_929993_08_143923_m.jpg 768w, https:\/\/epre.gov.ar\/web\/wp-content\/uploads\/2018\/08\/not_929993_08_143923_m-300x162.jpg 300w\" sizes=\"auto, (max-width: 768px) 100vw, 768px\" \/><\/p>\n<p style=\"text-align: justify;\">A partir de este mi\u00e9rcoles inici\u00f3 su operaci\u00f3n comercial el primer parque solar de RenovAr, ubicado en la provincia de San Luis.<\/p>\n<p style=\"text-align: justify;\"><!--more-->Caldenes del Oeste, de la empresa Total Eren, tiene 24,75 MW de potencia instalada y fue adjudicado en la Ronda 1.5 de RenovAr. La planta tuvo una inversi\u00f3n de u$s 35 millones y fue construido en las afueras de la capital provincial. Genera energ\u00eda el\u00e9ctrica para abastecer a 17.000 hogares.<\/p>\n<p style=\"text-align: justify;\">El proyecto firm\u00f3 su contrato de abastecimiento con CAMMESA el 18\/05\/2017 y es el octavo proyecto operativo del programa.<\/p>\n<p><img loading=\"lazy\" decoding=\"async\" class=\"aligncenter size-full wp-image-3668\" src=\"http:\/\/epre.gov.ar\/web\/wp-content\/uploads\/2018\/08\/img_subida_0808144418.jpg\" alt=\"\" width=\"1000\" height=\"540\" srcset=\"https:\/\/epre.gov.ar\/web\/wp-content\/uploads\/2018\/08\/img_subida_0808144418.jpg 1000w, https:\/\/epre.gov.ar\/web\/wp-content\/uploads\/2018\/08\/img_subida_0808144418-300x162.jpg 300w, https:\/\/epre.gov.ar\/web\/wp-content\/uploads\/2018\/08\/img_subida_0808144418-768x415.jpg 768w\" sizes=\"auto, (max-width: 1000px) 100vw, 1000px\" \/><\/p>\n<p style=\"text-align: justify;\">En la actualidad, 77 proyectos correspondientes al programa RenovAr, la Resoluci\u00f3n 202 y el r\u00e9gimen MATER se encuentra en construcci\u00f3n u operaci\u00f3n comercial por un total de 3005,955 MW: 68 de ellos est\u00e1n en obra y los 9 restantes est\u00e1n en generando energ\u00eda el\u00e9ctrica.<\/p>\n<p style=\"text-align: justify;\">Considerando todas las rondas realizadas de RenovAr, el precio promedio ponderado adjudicado u$s\/MWh pas\u00f3 de 61,3 en la primera, pasando por 53,6 en la 1.5 hasta alcanzar 51,49 en la \u00faltima. Los cambios m\u00e1s significativos pueden observarse en los precios m\u00ednimos de la tecnolog\u00eda solar, que pasaron de 59 u$s\/MWh en la Ronda 1 a 40,4 u$s\/MWh en la Ronda 2; y de la e\u00f3lica, que vari\u00f3 su m\u00ednimo de 49,1 a 37,3 u$s\/MWh.<\/p>\n<p>Fuente:\u00a0http:\/\/www.ambito.com\/929993-entro-en-operaciones-el-primer-parque-solar-del-programa-renovar<\/p>\n","protected":false},"excerpt":{"rendered":"<p>A partir de este mi\u00e9rcoles inici\u00f3 su operaci\u00f3n comercial el primer parque solar de RenovAr, ubicado en la provincia de San Luis.<\/p>\n","protected":false},"author":1,"featured_media":0,"comment_status":"open","ping_status":"closed","sticky":false,"template":"","format":"standard","meta":{"footnotes":""},"categories":[11,22,12],"tags":[],"class_list":["post-3666","post","type-post","status-publish","format-standard","hentry","category-energias","category-nacionales","category-solar"],"_links":{"self":[{"href":"https:\/\/epre.gov.ar\/web\/wp-json\/wp\/v2\/posts\/3666","targetHints":{"allow":["GET"]}}],"collection":[{"href":"https:\/\/epre.gov.ar\/web\/wp-json\/wp\/v2\/posts"}],"about":[{"href":"https:\/\/epre.gov.ar\/web\/wp-json\/wp\/v2\/types\/post"}],"author":[{"embeddable":true,"href":"https:\/\/epre.gov.ar\/web\/wp-json\/wp\/v2\/users\/1"}],"replies":[{"embeddable":true,"href":"https:\/\/epre.gov.ar\/web\/wp-json\/wp\/v2\/comments?post=3666"}],"version-history":[{"count":1,"href":"https:\/\/epre.gov.ar\/web\/wp-json\/wp\/v2\/posts\/3666\/revisions"}],"predecessor-version":[{"id":3669,"href":"https:\/\/epre.gov.ar\/web\/wp-json\/wp\/v2\/posts\/3666\/revisions\/3669"}],"wp:attachment":[{"href":"https:\/\/epre.gov.ar\/web\/wp-json\/wp\/v2\/media?parent=3666"}],"wp:term":[{"taxonomy":"category","embeddable":true,"href":"https:\/\/epre.gov.ar\/web\/wp-json\/wp\/v2\/categories?post=3666"},{"taxonomy":"post_tag","embeddable":true,"href":"https:\/\/epre.gov.ar\/web\/wp-json\/wp\/v2\/tags?post=3666"}],"curies":[{"name":"wp","href":"https:\/\/api.w.org\/{rel}","templated":true}]}}