{"id":3646,"date":"2018-08-02T12:58:59","date_gmt":"2018-08-02T12:58:59","guid":{"rendered":"http:\/\/epre.gov.ar\/web\/?p=3646"},"modified":"2018-11-29T17:02:02","modified_gmt":"2018-11-29T17:02:02","slug":"resolucion-no-128-18","status":"publish","type":"post","link":"https:\/\/epre.gov.ar\/web\/resolucion-no-128-18\/","title":{"rendered":"Resoluci\u00f3n N\u00ba 128\/18 &#8211; Cuadro tarifario"},"content":{"rendered":"<p lang=\"es-MX\" align=\"justify\"><span style=\"font-size: medium;\"><span lang=\"es-ES\"><a href=\"http:\/\/epre.gov.ar\/web\/wp-content\/uploads\/2018\/08\/ANEXO-CUADRO-TARIFARIO-AGOSTO-OCTUBRE-2018.pdf\">ANEXO CUADRO TARIFARIO AGOSTO OCTUBRE 2018<\/a> <\/span><\/span><\/p>\n<p lang=\"es-MX\" align=\"justify\"><span style=\"font-size: medium;\"><span lang=\"es-ES\"><a href=\"http:\/\/epre.gov.ar\/web\/wp-content\/uploads\/2018\/08\/CUADRO-TARIFARIO-AGOSTO-OCTUBRE-2018.pdf\">CUADRO TARIFARIO AGOSTO OCTUBRE 2018<\/a><\/span><\/span><\/p>\n<div style=\"text-align: right;\"><strong>RESOLUCI\u00d3N N\u00ba 128 EPRE<\/strong><\/div>\n<div style=\"text-align: right;\"><strong>EXPTE. N\u00ba 2146068\/18<\/strong><\/div>\n<div style=\"text-align: right;\"><strong>EXPTE. N\u00ba 118\/18 EPRE<\/strong><\/div>\n<div style=\"text-align: right;\"><strong>PARAN\u00c1, 02 DE AGOSTO 2018.<\/strong><\/div>\n<div><\/div>\n<div><\/div>\n<p lang=\"es-MX\" align=\"justify\"><strong><span style=\"font-size: medium;\"><span lang=\"es-ES\">VISTO<\/span><span lang=\"es-ES\">:<\/span><\/span><\/strong><\/p>\n<p align=\"justify\"><span style=\"font-size: medium;\">Las Resoluciones N\u00b0 483\/09, 85\/12 y 86\/12 ENRE; las Resoluciones N\u00b0 218-E\/2016 y 1091-E\/2017 MEyM; la Disposici\u00f3n 44-2018 SEN; Disposici\u00f3n 75-2018 SSEEN, la Ley N\u00b0 8916\/95 ER; la Ley N\u00b0 10557 ER; el Decreto N\u00b0 1300\/96 GOB; las Resoluciones N\u00b0 1061\/05, 1866\/05, 1872\/05, 1169\/08, 3\/11, 1301\/11 y 118\/18 SEP; las Resoluciones N\u00b0 168\/16 y 93\/2018; <\/span><\/p>\n<p align=\"justify\"><!--more--><span style=\"font-size: medium;\"><strong>CONSIDERANDO<\/strong><b>: <\/b><\/span><\/p>\n<p align=\"justify\"><span style=\"font-size: medium;\">Que la Empresa de Energ\u00eda de Entre R\u00edos Sociedad An\u00f3nima -ENERSA- ha presentado al EPRE para su aprobaci\u00f3n el nuevo Cuadro Tarifario para el per\u00edodo comprendido entre el 1\u00b0 de agosto de 2018 hasta el 31 de octubre de 2018 inclusive; <\/span><\/p>\n<p align=\"justify\"><span style=\"font-size: medium;\">Que conforme a lo dispuesto por el Art\u00edculo 79\u00ba, segundo p\u00e1rrafo del Decreto N\u00ba 1300\/96, dicho Cuadro, una vez aprobado, resultar\u00e1 aplicable a todas las Distribuidoras Concesionarias del Servicio P\u00fablico de Electricidad, en car\u00e1cter de Cuadro Tarifario Provincial;<\/span><\/p>\n<p align=\"justify\"><span style=\"font-size: medium;\">Que a tal efecto deben tenerse en cuenta:<\/span><\/p>\n<p align=\"justify\"><span style=\"font-size: medium;\">Que la Subsecretar\u00eda de Energ\u00eda El\u00e9ctrica de la Naci\u00f3n por Disposici\u00f3n N\u00ba 44\/2018 SSEEN, estableci\u00f3 la aplicaci\u00f3n, durante el per\u00edodo comprendido entre el 1 de mayo de 2018 y el 31 de octubre de 2018 de los Precios de Referencia de la Potencia, Precio Estabilizado de la Energ\u00eda y Precio Estabilizado del Transporte para la demanda de energ\u00eda el\u00e9ctrica declarada por los Agentes Distribuidores y\/o Prestadores del Servicio P\u00fablico de Distribuci\u00f3n del MEM, como destinada a abastecer a sus usuarios de energ\u00eda el\u00e9ctrica o los de otros prestadores del servicio p\u00fablico de distribuci\u00f3n de energ\u00eda el\u00e9ctrica dentro del \u00e1rea de influencia o concesi\u00f3n del Agente Distribuidor en el MEM, aprobados mediante la Resoluci\u00f3n N\u00b0 1.091 de fecha 30 de noviembre de 2017 de la ex SECRETAR\u00cdA DE ENERG\u00cdA EL\u00c9CTRICA de este Ministerio;<\/span><\/p>\n<p align=\"justify\"><span style=\"font-size: medium;\">Que la distribuidora ENERSA oportunamente present\u00f3 el Cuadro Tarifario con la adecuaci\u00f3n de los costos de distribuci\u00f3n correspondiente al per\u00edodo comprendido entre el 1\u00b0 de agosto de 2018 y el 31 de octubre de 2018, sin variaci\u00f3n de los Precios de Referencia de la Potencia, Precio Estabilizado de la Energ\u00eda y Precio Estabilizado del Transporte para la demanda de energ\u00eda el\u00e9ctrica declarada por los Agentes Distribuidores y\/o Prestadores del Servicio P\u00fablico de Distribuci\u00f3n del MEM de acuerdo a la Disposici\u00f3n N\u00ba 44\/2018 SE Naci\u00f3n;<\/span><\/p>\n<p align=\"justify\"><span style=\"font-size: medium;\">Que la Secretar\u00eda de Energ\u00eda El\u00e9ctrica de la Naci\u00f3n por Disposici\u00f3n N\u00ba 75\/2018 SSEEN, estableci\u00f3 la aplicaci\u00f3n de nuevos precios para el per\u00edodo comprendido entre el 1\u00b0 de agosto de 2018 y el 31 de octubre de 2018 para la demanda de energ\u00eda el\u00e9ctrica declarada por los Agentes Distribuidores del MERCADO EL\u00c9CTRICO MAYORISTA (MEM), destinada a abastecer a sus usuarios de energ\u00eda el\u00e9ctrica, de los Precios de Referencia de la Potencia (POTREF), Precio Estabilizado de la Energ\u00eda (PEE) y Precio Estabilizado del Transporte (PET) en el MEM que se detallan en su Anexo II, dejando sin efecto la Disposici\u00f3n N\u00ba 44\/2018 SE Naci\u00f3n que aplicara los precios para el MEN para el per\u00edodo hasta el 31 de octubre de 2018;<\/span><\/p>\n<p align=\"justify\"><span style=\"font-size: medium;\">Que ante este nuevo hecho, la empresa ENERSA present\u00f3 el Cuadro Tarifario con la adecuaci\u00f3n de los costos de distribuci\u00f3n correspondiente al per\u00edodo comprendido entre el 1\u00b0 de agosto de 2018 y el 31 de octubre de 2018, con variaci\u00f3n de los Precios de Referencia de la Potencia, Precio Estabilizado de la Energ\u00eda y Precio Estabilizado del Transporte para la demanda de energ\u00eda el\u00e9ctrica declarada por los Agentes Distribuidores y\/o Prestadores del Servicio P\u00fablico de Distribuci\u00f3n del MEM de acuerdo a la Disposici\u00f3n N\u00ba 75\/2018 SSEEN;<\/span><\/p>\n<p align=\"justify\"><span style=\"font-size: medium;\">Que la Secretar\u00eda Ministerial de Energ\u00eda de Entre R\u00edos por Resoluci\u00f3n N\u00ba 118\/18 SE dispuso la suspensi\u00f3n transitoria y excepcional para el per\u00edodo 1\u00ba de mayo 2018 \u2013 31 de julio 2018, de toda adecuaci\u00f3n de los Costos de Distribuci\u00f3n y\/o Valor agregado de Distribuci\u00f3n previstos en el Anexo IV Punto D de los Contratos de Concesi\u00f3n de las Distribuidoras Provinciales, debiendo aplicar al cuadro tarifario correspondiente a dicho per\u00edodo los vigentes para el per\u00edodo 1\u00ba de febrero de 2018 \u2013 30 de abril de 2018, con excepci\u00f3n de los costos mayoristas que son establecidos en forma exclusiva por el Estado Nacional;<\/span><\/p>\n<p align=\"justify\"><span style=\"font-size: medium;\">Que la precitada Resoluci\u00f3n instruye al Ente Provincial Regulador de la Energ\u00eda -EPRE- a que una vez finalizada la suspensi\u00f3n transitoria, eval\u00fae su aplicaci\u00f3n razonable y gradual en los siguientes per\u00edodos trimestrales de adecuaci\u00f3n de los costos de distribuci\u00f3n que se dej\u00f3 de aplicar;<\/span><\/p>\n<p align=\"justify\"><span style=\"font-size: medium;\">Que habiendo finalizado el per\u00edodo 1\u00ba de mayo 2018 \u2013 31 de julio 2018, en que la Secretar\u00eda Ministerial de la Energ\u00eda dispuso la suspensi\u00f3n de la adecuaci\u00f3n de los Costos de Distribuci\u00f3n, y que dicha suspensi\u00f3n implic\u00f3 el desplazamiento del cronograma de adecuaci\u00f3n de costos de Distribuci\u00f3n afectando las actualizaciones de los trimestres inmediatos y consecutivos, por efecto del incremento de costos de la econom\u00eda que afectan a las Distribuidoras, corresponde a este Ente Regulador conforme la instrucci\u00f3n recibida decidir sobre su aplicaci\u00f3n gradual y razonable;<\/span><\/p>\n<p align=\"justify\"><span style=\"font-size: medium;\">Que la distribuidora ENERSA, conforme lo previsto en el Anexo IV, punto D y Resoluci\u00f3n N\u00b0 168\/16 EPRE, efect\u00fao una presentaci\u00f3n adicional respecto de lo que corresponder\u00eda aplicar como adecuaci\u00f3n de los costos de distribuci\u00f3n, por no haberse podido aplicar el factor de adecuaci\u00f3n en virtud de la Resoluci\u00f3n N\u00b0 118\/18 de la Secretar\u00eda Ministerial de Energ\u00eda de la Provincia;<\/span><\/p>\n<p align=\"justify\"><span style=\"font-size: medium;\">Que analizadas todas las presentaciones de la distribuidora ENERSA, el EPRE solicita a la distribuidora ENERSA, la presentaci\u00f3n de un nuevo Cuadro Tarifario para igual per\u00edodo del presentado, incluyendo parcialmente la adecuaci\u00f3n de los costos de distribuci\u00f3n correspondiente al per\u00edodo 1\u00ba de mayo 2018 \u2013 31 de julio 2018, cuya aplicaci\u00f3n se suspendiera por Resoluci\u00f3n N\u00ba 118\/18 SME, para evaluar su restituci\u00f3n, respetando los principios de razonabilidad y gradualidad indicados por el Poder Concedente;<\/span><\/p>\n<p align=\"justify\"><span style=\"font-size: medium;\">Que realizada la evaluaci\u00f3n de este Ente se considera oportuno, gradual y razonable, restituir en este per\u00edodo la mitad de la adecuaci\u00f3n de costos previstas en los contratos de concesi\u00f3n y que se dejara de aplicar en forma transitoria, quedando pendiente para pr\u00f3ximos per\u00edodos la consideraci\u00f3n sobre la restituci\u00f3n de los restantes;<\/span><\/p>\n<p align=\"justify\"><span style=\"font-size: medium;\">Que en las tarifas de peaje presentadas por ENERSA, no se contempla el costo del uso del sistema de transporte, en alta tensi\u00f3n o distribuci\u00f3n troncal, ya que se considera que los mismos ser\u00edan facturados por CAMMESA a los usuarios de peaje GUME, GUMA y distribuidoras cooperativas agentes del MEM conforme la nueva metodolog\u00eda aprobada por Resoluci\u00f3n SEE 1085-E\/2017 y las modificaciones a los Procedimientos que instrumentar\u00e1 CAMMESA;<\/span><\/p>\n<p align=\"justify\"><span style=\"font-size: medium;\">Que el procedimiento de c\u00e1lculo del Cuadro Tarifario se realiz\u00f3 seg\u00fan las f\u00f3rmulas y par\u00e1metros dispuestos en el Contrato de Concesi\u00f3n y la Resoluci\u00f3n EPRE 168\/16, Anexo II, PROCEDIMIENTOS PARA LA DETERMINACI\u00d3N DEL CUADRO TARIFARIO;<\/span><\/p>\n<p align=\"justify\"><span style=\"font-size: medium;\">Que en el art\u00edculo 4\u00b0 de la Disposici\u00f3n N\u00b0 75\/18 SSEEN se establece la aplicaci\u00f3n de lo previsto en el Art. 4\u00b0 de la Resoluci\u00f3n 1091-E\/2017, que dispuso un descuento a los usuarios residenciales &lt; 10 kW que se le haya otorgado la Tarifa Social. Hasta un consumo de 150 kWh\/mes (CONSUMO BASE) se descontar\u00e1 el 100% del Precio Estabilizado de la Energ\u00eda (PEE). Para el consumo mensual excedente del CONSUMO BASE de hasta los 150 kWh\/mes, se descontar\u00e1 el 50% del Precio Estabilizado de la Energ\u00eda (PEE), (ii) para el resto del consumo excedente no tendr\u00e1 descuento en el Precio Estabilizado de la Energ\u00eda (PEE);<\/span><\/p>\n<p align=\"justify\"><span style=\"font-size: medium;\">Que en el art\u00edculo 5\u00b0 de la Disposici\u00f3n N\u00b0 75\/18 SSEEN establece la aplicaci\u00f3n del Art. 5\u00b0 de la Resoluci\u00f3n 1091-E\/2017, que dispuso para usuarios residenciales &lt;10 kW cuyo consumo mensual de energ\u00eda, comparado con el registrado en igual mes del a\u00f1o 2015, se haya reducido en no menos del 20%, de un descuento del 10% del Precio Estabilizado de la Energ\u00eda (PEE) respectivo. Tambi\u00e9n se dispone que los descuentos del Plan Est\u00edmulo (PE), se aplicar\u00e1n tambi\u00e9n a los usuarios de tarifa social;<\/span><\/p>\n<p align=\"justify\"><span style=\"font-size: medium;\">Que en el Cuadro Tarifario propuesto se incluye el c\u00e1lculo de la tarifa Residencial Social para usuarios electrodependientes, que se aplica a los beneficiarios del Plan Tarifa para la Salud Decreto Provincial N\u00b0 817\/03. Esta tarifa considera, conforme la Ley N\u00b0 27.351 y lo dispuesto por CAMMESA, los precios mayoristas son bonificados 100%;<\/span><\/p>\n<p align=\"justify\"><span style=\"font-size: medium;\">Que Conforme la nueva metodolog\u00eda de distribuci\u00f3n del costo que representa la remuneraci\u00f3n del Servicio P\u00fablico de Transporte de Energ\u00eda El\u00e9ctrica en Extra Alta Tensi\u00f3n y por Distribuci\u00f3n Troncal en el MERCADO EL\u00c9CTRICO MAYORISTA (MEM), aprobada por Resoluci\u00f3n SEE 1085-E\/2017; la Disposici\u00f3n N\u00b0 75\/18 SSEEN en su Anexo II, expone los PRECIOS CORRESPONDIENTES A CADA AGENTE DISTRIBUIDOR DEL MEM POR EL SERVICIO P\u00daBLICO DE TRANSPORTE DE ENERG\u00cdA EL\u00c9CTRICA EN ALTA TENSI\u00d3N Y POR DISTRIBUCI\u00d3N TRONCAL; <\/span><\/p>\n<p align=\"justify\"><span style=\"font-size: medium;\">Que se calcularon los costos de distribuci\u00f3n y adecuaci\u00f3n de los mismos, para el trimestre 1\u00ba de agosto de 2018 y el 31 de octubre de 2018 en funci\u00f3n de los \u00edndices oficiales del Instituto Nacional de Estad\u00edsticas y Censos (INDEC) definidos en el Contrato de Concesi\u00f3n;<\/span><\/p>\n<p align=\"justify\"><span style=\"font-size: medium;\">Que se incluyen los factores correspondientes: a) Tasa de Fiscalizaci\u00f3n y Control del EPRE al\u00edcuota 1,8% TF= 1,0183 y b) Factor de Recupero de los Costos Variables FRCV = 1,0579 y FV = 1,0773, conforme a la Ley Provincial 10.557 que modific\u00f3 la al\u00edcuota de Ingresos Brutos a partir del 1\u00ba de enero de 2018 a partir de datos reales a Junio\/2018; <\/span><\/p>\n<p align=\"justify\"><span style=\"font-size: medium;\">Que se incluye el cargo tarifario identificado como \u201cCARGO TRANSITORIO PARA LA CONFORMACION DEL FONINVEMEM (3,60 $\/MWh)\u201d, Resoluci\u00f3n SE N\u00ba 1866\/2005, prorrogado mediante Resoluci\u00f3n SE N\u00b0 3\/2011, aplicado a la totalidad de la energ\u00eda el\u00e9ctrica realmente consumida, con excepci\u00f3n de aquella destinada a abastecer a sus Usuarios cuya demanda no supere los 10 kW y sea identificada como de car\u00e1cter residencial en los cuadros tarifarios respectivos;<\/span><\/p>\n<p align=\"justify\"><span style=\"font-size: medium;\">Que se incluye en el Cuadro Tarifario presentado el costo del Derecho de Conexi\u00f3n Adicional para Usuario Peque\u00f1o Generador, Decreto 4315\/16 MPIyS, y el c\u00e1lculo del cr\u00e9dito por la energ\u00eda ingresada a la red para aquellos Usuarios Peque\u00f1o Generador de tarifas T1, T2 o T3 Baja Tensi\u00f3n con potencias inferiores a Pot &lt; 50kW habilitados por la Distribuidora;<\/span><\/p>\n<p align=\"justify\"><span style=\"font-size: medium;\">La no utilizaci\u00f3n del Fondo de Estabilizaci\u00f3n de Precios Estacionales FEPPE;<\/span><\/p>\n<p align=\"justify\"><span style=\"font-size: medium;\">Lo dispuesto por la Subsecretar\u00eda de Coordinaci\u00f3n Pol\u00edtica Tarifaria de la Naci\u00f3n en torno a la determinaci\u00f3n de los usuarios categorizados como Tarifa Social, que se realizar\u00e1n mediante el cruzamiento de datos de las Distribuidoras con el Sistema de Identificaci\u00f3n Nacional Tributario y Social (SINTyS) con la intermediaci\u00f3n del EPRE;<\/span><\/p>\n<p align=\"justify\"><span style=\"font-size: medium;\">Que la Resoluci\u00f3n N\u00ba 218-E\/2016 MEyM ha determinado que para el cumplimiento de la Ley N\u00ba 27218 referida a Entidades de Bien P\u00fablico, se deber\u00e1n considerar a las mismas tarifariamente como usuarios Residenciales;<\/span><\/p>\n<p align=\"justify\"><span style=\"font-size: medium;\">Que en oportunidad de desarrollarse la audiencia p\u00fablica convocada mediante Resoluci\u00f3n EPRE N\u00b0 67\/16 de fecha 29 de Junio de 2016, que tuvo lugar el 6 de Julio de 2016 en la ciudad de Villaguay, se expuso, inform\u00f3 y consideraron \u2013entre otras cuestiones t\u00e9cnicas- los fundamentos t\u00e9cnicos, econ\u00f3micos, financieros y jur\u00eddicos por los cuales se transfiere a la tarifa provincial los precios de potencia y energ\u00eda que adquieren las distribuidoras provinciales en el Mercado El\u00e9ctrico Mayorista (MEM) y c\u00f3mo inciden ellos en los valores de los cuadros tarifarios provinciales;<\/span><\/p>\n<p align=\"justify\"><span style=\"font-size: medium;\">Que en oportunidad de desarrollarse la audiencia p\u00fablica convocada mediante Resoluci\u00f3n EPRE N\u00b0 70\/16 de fecha 30 de Junio de 2016 que tuvo lugar el 31 de Agosto de 2016 en la ciudad de Villaguay, se inform\u00f3 y consideraron las adecuaciones de los Costos de Distribuci\u00f3n y\/o Valor agregado de Distribuci\u00f3n previstos en el Anexo IV Punto D de los Contratos de Concesi\u00f3n de las Distribuidoras Provinciales;<\/span><\/p>\n<p align=\"justify\"><span style=\"font-size: medium;\">Que en ocasi\u00f3n del desarrollo dicha audiencia p\u00fablica, a los efectos de brindar informaci\u00f3n adecuada y suficiente para el tratamiento de los temas sometidos a consideraci\u00f3n, se incorpor\u00f3 al expediente la presentaci\u00f3n que realizara ENERSA;<\/span><\/p>\n<p align=\"justify\"><span style=\"font-size: medium;\">Que las distribuidoras han informado debidamente las fechas de aplicaci\u00f3n de las adecuaciones trimestrales a trav\u00e9s del env\u00edo a todos los usuarios del sistema el\u00e9ctrico provincial del protocolo de informaci\u00f3n elaborado por este Ente;<\/span><\/p>\n<p align=\"justify\"><span style=\"font-size: medium;\">Que se han producido los correspondientes dict\u00e1menes t\u00e9cnico y legal, correspondiente y obran agregados al Expediente de referencia;<\/span><\/p>\n<p align=\"justify\"><span style=\"font-size: medium;\">Que el Ente Provincial Regulador de la Energ\u00eda est\u00e1 facultado para el dictado de la presente, en virtud de lo dispuesto en los Art\u00edculos 48\u00ba inciso b) y 56\u00ba inciso g) de la Ley N\u00ba 8.916 y en el Anexo IV del Contrato de Concesi\u00f3n de la Distribuidora ENERSA;<\/span><\/p>\n<p class=\"western\" align=\"justify\"><span style=\"font-size: small;\"><span style=\"font-size: medium;\"><span lang=\"es-MX\">Que por Decreto N\u00ba 1127\/96 MEOSP y los siguientes Art\u00edculos 46\u00ba, 47\u00ba y 56\u00ba de la Ley N\u00ba 8.916 se ha dispuesto la intervenci\u00f3n del Ente, por lo que en el uso de sus facultades; <\/span><\/span><\/span><\/p>\n<p style=\"text-align: left;\" align=\"center\"><strong><span style=\"font-size: medium;\">LA INTERVENCI\u00d3N DEL EPRE<br \/>\n<\/span><\/strong><strong><span style=\"font-size: medium;\">RESUELVE:<\/span><\/strong><\/p>\n<p align=\"justify\"><span style=\"font-size: medium;\"><b>ARTICULO 1\u00ba:<\/b> Considerar de aplicaci\u00f3n de los Precios Mayoristas establecido en la Disposici\u00f3n N\u00ba 75\/2018 SEN para la determinaci\u00f3n de los cargos del ANEXO I, seg\u00fan el siguiente detalle: <\/span><\/p>\n<p align=\"center\"><span style=\"font-size: medium;\"><span style=\"font-family: Arial, serif;\"><span style=\"font-size: small;\"><a href=\"http:\/\/epre.gov.ar\/web\/wp-content\/uploads\/2018\/08\/Selecci\u00f3n_195.jpg\"><img loading=\"lazy\" decoding=\"async\" class=\"aligncenter size-full wp-image-3647\" src=\"http:\/\/epre.gov.ar\/web\/wp-content\/uploads\/2018\/08\/Selecci\u00f3n_195.jpg\" alt=\"\" width=\"810\" height=\"457\" srcset=\"https:\/\/epre.gov.ar\/web\/wp-content\/uploads\/2018\/08\/Selecci\u00f3n_195.jpg 810w, https:\/\/epre.gov.ar\/web\/wp-content\/uploads\/2018\/08\/Selecci\u00f3n_195-300x169.jpg 300w, https:\/\/epre.gov.ar\/web\/wp-content\/uploads\/2018\/08\/Selecci\u00f3n_195-768x433.jpg 768w\" sizes=\"auto, (max-width: 810px) 100vw, 810px\" \/><\/a><\/span><\/span><\/span><\/p>\n<p align=\"center\"><a href=\"http:\/\/epre.gov.ar\/web\/wp-content\/uploads\/2018\/08\/Selecci\u00f3n_196.jpg\"><img loading=\"lazy\" decoding=\"async\" class=\"aligncenter size-full wp-image-3650\" src=\"http:\/\/epre.gov.ar\/web\/wp-content\/uploads\/2018\/08\/Selecci\u00f3n_196.jpg\" alt=\"\" width=\"848\" height=\"311\" srcset=\"https:\/\/epre.gov.ar\/web\/wp-content\/uploads\/2018\/08\/Selecci\u00f3n_196.jpg 848w, https:\/\/epre.gov.ar\/web\/wp-content\/uploads\/2018\/08\/Selecci\u00f3n_196-300x110.jpg 300w, https:\/\/epre.gov.ar\/web\/wp-content\/uploads\/2018\/08\/Selecci\u00f3n_196-768x282.jpg 768w\" sizes=\"auto, (max-width: 848px) 100vw, 848px\" \/><\/a><\/p>\n<p style=\"text-align: justify;\" align=\"center\"><span style=\"font-size: medium;\"><b>ARTICULO 2\u00ba:<\/b> Disponer que para la facturaci\u00f3n en Tarifa 5 \u2013 Otros Distribuidores Provinciales, los Distribuidores considerar\u00e1n la composici\u00f3n de venta incluyendo las p\u00e9rdidas del punto de suministro, seg\u00fan la siguiente apertura:<\/span><\/p>\n<p align=\"justify\"><span style=\"font-size: medium;\">-kwh en Tarifa 3 con potencias facturadas mayor o igual a 300 kW.<\/span><\/p>\n<p align=\"justify\"><span style=\"font-size: medium;\">-kwh en Tarifas No Residenciales con potencias facturadas menor a 300 kW.<\/span><\/p>\n<p align=\"justify\"><span style=\"font-size: medium;\">-kwh en Tarifa 1 Residencial Urbano y Rural sin reducci\u00f3n en el consumo respecto al mismo per\u00edodo del a\u00f1o 2015.<\/span><\/p>\n<p align=\"justify\"><span style=\"font-size: medium;\">-kwh en Tarifa 1 Residencial Urbano y Rural con reducci\u00f3n en el consumo igual o superior al 20 % respecto al mismo per\u00edodo del a\u00f1o 2015 (PE).<\/span><\/p>\n<p align=\"justify\"><span style=\"font-size: medium;\">-kwh en Tarifa 1 Residencial Urbano y Rural con Tarifa Social hasta 150 kWh-mes.<\/span><\/p>\n<p align=\"justify\"><span style=\"font-size: medium;\">-kwh en Tarifa 1 Residencial Urbano y Rural con Tarifa Social siguientes 150 kWh-mes.<\/span><\/p>\n<p align=\"justify\"><span style=\"font-size: medium;\">-kwh en Tarifa 1 Residencial Urbano y Rural con Tarifa Social excedente 300 kWh-mes.<\/span><\/p>\n<p align=\"justify\"><span style=\"font-size: medium;\">-kwh en Tarifa 1 Residencial Urbano y Rural con Tarifa Social siguientes 150 kWh-mes, con reducci\u00f3n en el consumo igual o superior al 20 % respecto al mismo per\u00edodo del a\u00f1o 2015 (PE). <\/span><\/p>\n<p align=\"justify\"><span style=\"font-size: medium;\">-kwh en Tarifa 1 Residencial Urbano y Rural con Tarifa Social siguientes 300 kWh-mes, con reducci\u00f3n en el consumo superior al 20 % respecto al mismo per\u00edodo del a\u00f1o 2015 (PE). <\/span><\/p>\n<p class=\"western\" align=\"justify\"><span style=\"font-size: small;\"><span style=\"font-size: medium;\"><b>ARTICULO 3\u00ba:<\/b><\/span> <span style=\"font-size: medium;\">Establecer que toda la informaci\u00f3n necesaria para la correcta aplicaci\u00f3n de las Resoluciones N\u00ba 1169\/08 y N\u00b0 1301\/11 SEN, las Resoluci\u00f3n 1091-E\/2017, la Resoluci\u00f3n N\u00b0 204-E2017 MEyM, la Disposici\u00f3n N\u00b0 75\/18 SSEEN y las que en el futuro se emitan sobre este t\u00f3pico, ser\u00e1 previamente informada ante el EPRE por todas las Distribuidoras Provinciales, incluyendo aquellas que operan en el Mercado El\u00e9ctrico Mayorista &#8211; MEM- como Agentes de Mercado.<\/span><\/span><\/p>\n<p align=\"justify\"><span style=\"font-size: medium;\"><b>ARTICULO 4\u00ba:<\/b> Aprobar los Valores del Cuadro Tarifario Provincial, contenidos en el ANEXO I de la presente Resoluci\u00f3n, de la que forma parte integrante, para aplicar a los consumos registrados a partir del 1\u00ba de agosto 2018, los que ser\u00e1n de aplicaci\u00f3n para todas las Distribuidoras del Servicio El\u00e9ctrico de jurisdicci\u00f3n Provincial. Este Cuadro Tarifario mantendr\u00e1 su vigencia para el per\u00edodo comprendido entre el entre el 1\u00b0 de agosto de 2018 hasta el 31 de octubre de 2018.<\/span><\/p>\n<p align=\"justify\"><span style=\"font-size: medium;\"><b>ARTICULO 5\u00ba: <\/b> En caso de producirse modificaciones en los precios mayoristas de energ\u00eda, potencia y\/o transporte en el Mercado El\u00e9ctrico Mayorista por disposici\u00f3n del Ministerio de Energ\u00eda y Miner\u00eda de la Naci\u00f3n, se habilitar\u00e1 a la Distribuidora ENERSA a presentar a este ENTE para su an\u00e1lisis y aprobaci\u00f3n los nuevos valores del Cuadro Tarifario, y el per\u00edodo de vigencia correspondiente.<\/span><\/p>\n<p align=\"justify\"><span style=\"font-size: medium;\"><b>ARTICULO 6\u00ba:<\/b> Establecer que la determinaci\u00f3n de los usuarios alcanzados por la Tarifa Social surgir\u00e1 del cruzamiento de las bases de datos de las Distribuidoras con el SINTyS mediante la intermediaci\u00f3n del EPRE adicionalmente a las que el EPRE y el Poder Concedente determine.<\/span><\/p>\n<p align=\"justify\"><span style=\"font-size: medium;\"><b>ARTICULO 7\u00ba:<\/b> Establecer que a las Entidades de Bien P\u00fablico que cumplan con las pautas establecidas en la Res N\u00ba 218-E\/2016, se les deber\u00e1n aplicar los valores de la Tarifa Uso Residencial (Urbana o Rural), y aplicar el encuadramiento impositivo que les corresponda.<\/span><\/p>\n<p align=\"justify\"><span style=\"font-size: medium;\"><b>ARTICULO 8\u00ba:<\/b> Registrar, notificar, publicar en el Bolet\u00edn Oficial, P\u00e1gina Web del EPRE y archivar.<\/span><\/p>\n<p align=\"center\"><strong><span style=\"font-size: medium;\">DR. JOSE CARLOS HALLE<br \/>\n<\/span><span style=\"font-size: medium;\">Interventor EPRE<\/span><\/strong><\/p>\n","protected":false},"excerpt":{"rendered":"<p>ANEXO CUADRO TARIFARIO AGOSTO OCTUBRE 2018 CUADRO TARIFARIO AGOSTO OCTUBRE 2018 RESOLUCI\u00d3N N\u00ba 128 EPRE EXPTE. N\u00ba 2146068\/18 EXPTE. N\u00ba 118\/18 EPRE PARAN\u00c1, 02 DE AGOSTO 2018. VISTO: Las Resoluciones N\u00b0 483\/09, 85\/12 y 86\/12 ENRE; las Resoluciones N\u00b0 218-E\/2016 y 1091-E\/2017 MEyM; la Disposici\u00f3n 44-2018 SEN; Disposici\u00f3n 75-2018 SSEEN, la Ley N\u00b0 8916\/95 ER; [&hellip;]<\/p>\n","protected":false},"author":1,"featured_media":0,"comment_status":"open","ping_status":"closed","sticky":false,"template":"","format":"standard","meta":{"footnotes":""},"categories":[8],"tags":[],"class_list":["post-3646","post","type-post","status-publish","format-standard","hentry","category-resoluciones"],"_links":{"self":[{"href":"https:\/\/epre.gov.ar\/web\/wp-json\/wp\/v2\/posts\/3646","targetHints":{"allow":["GET"]}}],"collection":[{"href":"https:\/\/epre.gov.ar\/web\/wp-json\/wp\/v2\/posts"}],"about":[{"href":"https:\/\/epre.gov.ar\/web\/wp-json\/wp\/v2\/types\/post"}],"author":[{"embeddable":true,"href":"https:\/\/epre.gov.ar\/web\/wp-json\/wp\/v2\/users\/1"}],"replies":[{"embeddable":true,"href":"https:\/\/epre.gov.ar\/web\/wp-json\/wp\/v2\/comments?post=3646"}],"version-history":[{"count":6,"href":"https:\/\/epre.gov.ar\/web\/wp-json\/wp\/v2\/posts\/3646\/revisions"}],"predecessor-version":[{"id":4081,"href":"https:\/\/epre.gov.ar\/web\/wp-json\/wp\/v2\/posts\/3646\/revisions\/4081"}],"wp:attachment":[{"href":"https:\/\/epre.gov.ar\/web\/wp-json\/wp\/v2\/media?parent=3646"}],"wp:term":[{"taxonomy":"category","embeddable":true,"href":"https:\/\/epre.gov.ar\/web\/wp-json\/wp\/v2\/categories?post=3646"},{"taxonomy":"post_tag","embeddable":true,"href":"https:\/\/epre.gov.ar\/web\/wp-json\/wp\/v2\/tags?post=3646"}],"curies":[{"name":"wp","href":"https:\/\/api.w.org\/{rel}","templated":true}]}}