{"id":3608,"date":"2018-07-19T00:10:23","date_gmt":"2018-07-19T00:10:23","guid":{"rendered":"http:\/\/epre.gov.ar\/web\/?p=3608"},"modified":"2018-07-19T00:21:41","modified_gmt":"2018-07-19T00:21:41","slug":"con-una-inversion-millonaria-la-provincia-avanza-el-cierre-energetico-del-norte-entrerriano","status":"publish","type":"post","link":"https:\/\/epre.gov.ar\/web\/con-una-inversion-millonaria-la-provincia-avanza-el-cierre-energetico-del-norte-entrerriano\/","title":{"rendered":"Con una inversi\u00f3n millonaria, la provincia avanza el cierre energ\u00e9tico del norte entrerriano"},"content":{"rendered":"<p><a href=\"http:\/\/epre.gov.ar\/web\/wp-content\/uploads\/2018\/07\/x_1531946107.jpg\"><img loading=\"lazy\" decoding=\"async\" class=\"aligncenter size-full wp-image-3609\" src=\"http:\/\/epre.gov.ar\/web\/wp-content\/uploads\/2018\/07\/x_1531946107.jpg\" alt=\"\" width=\"1920\" height=\"1280\" srcset=\"https:\/\/epre.gov.ar\/web\/wp-content\/uploads\/2018\/07\/x_1531946107.jpg 1920w, https:\/\/epre.gov.ar\/web\/wp-content\/uploads\/2018\/07\/x_1531946107-300x200.jpg 300w, https:\/\/epre.gov.ar\/web\/wp-content\/uploads\/2018\/07\/x_1531946107-768x512.jpg 768w, https:\/\/epre.gov.ar\/web\/wp-content\/uploads\/2018\/07\/x_1531946107-1024x683.jpg 1024w\" sizes=\"auto, (max-width: 1920px) 100vw, 1920px\" \/><\/a>El gobernador Gustavo Bordet analiz\u00f3 junto al presidente de Enersa, Jorge Gonz\u00e1lez, los avances en las obras para el cierre energ\u00e9tico del norte entrerriano.<\/p>\n<p><!--more--><\/p>\n<p style=\"text-align: justify;\">\u201cTenemos que tener una infraestructura el\u00e9ctrica acorde a la posibilidad de que vengan inversiones productivas\u201d, expres\u00f3 el funcionario.<\/p>\n<p style=\"text-align: justify;\">Durante el encuentro \u00abrepasamos lo referente a las obras gas y los programas que est\u00e1 desarrollando Enersa\u00bb, explic\u00f3 el presidente de Enersa y destac\u00f3 \u00abla recorrida que est\u00e1n haciendo profesionales extranjeros de las trazas del cierre norte el\u00e9ctrico, entre Federal y La Paz, y cierre norte gas\u00edfero, entre Los Conquistadores y Chajar\u00ed\u201d.<\/p>\n<p style=\"text-align: justify;\">\u201cSon dos obras que ocupan una especial atenci\u00f3n del gobernador, quien est\u00e1 tratando de conseguir financiamiento para licitarlas en el menor tiempo posible y que se empiecen a ejecutar\u00bb, a\u00f1adi\u00f3.<\/p>\n<p style=\"text-align: justify;\">Para el titular de Enersa, a cargo tambi\u00e9n de la Secretar\u00eda de Energ\u00eda de la provincia \u00abesas obras son una cuesti\u00f3n de equidad social para el norte entrerriano\u201d, ya que apuntan a \u201cabastecer el crecimiento\u201d, dijo y record\u00f3 que \u201cfueron anunciadas hace muchos a\u00f1os y se trabaja fuertemente para concretarlas ahora\u00bb.<\/p>\n<p style=\"text-align: justify;\">En esa l\u00ednea, Gonz\u00e1lez record\u00f3 que la distribuidora provincial de energ\u00eda tiene en ejecuci\u00f3n \u201cobras por 1.000 millones de pesos\u201d, que \u201cson obras visibles y tangibles\u201d. Adem\u00e1s record\u00f3 que la provincia cuenta con \u201cuna planificaci\u00f3n de las obras energ\u00e9ticas necesarias para abastecer la demanda actual y demanda futura\u201d, lo que tambi\u00e9n incluye \u201ctener los equipos, tanto en recursos humanos como en equipamiento, perfectamente en estado y actualizados\u201d.<\/p>\n<p style=\"text-align: justify;\">En ese marco, cont\u00f3 que \u201ciniciamos la obra del Cierre Norte Los Conquistadores &#8211; Federal. Una obra que hac\u00eda 33 a\u00f1os que se ven\u00eda proyectando, programando difundiendo\u201d, subray\u00f3 Gonz\u00e1lez y destac\u00f3 que \u201cya el gobernador Gustavo Bordet tuvo la posibilidad de abrir los sobres para la adjudicaci\u00f3n\u201d, lo que calific\u00f3 como \u201cun hecho concreto, no un anuncio\u201d.<\/p>\n<p style=\"text-align: justify;\">\u201cYa se est\u00e1 elaborado el proyecto ejecutivo, en el terreno\u201d, y que \u201cel gobernador ha dicho en reuniones de gabinete que se est\u00e1 avanzando muy fuerte en conseguir financiamiento para terminar toda la obra, o sea: Los Conquistadores, Federal y La Paz. Con 150 km de l\u00ednea y tres estaciones transformadoras\u201d. \u201cEsa sola obra se ubica en un monto total superior a los 65 millones de d\u00f3lares\u201d, resalt\u00f3.<\/p>\n<p style=\"text-align: justify;\">Por otra parte, habl\u00f3 de los avances del cierre gas\u00edfero del norte, \u201centre Los Conquistadores y Chajar\u00ed, que alimentar\u00eda con un gaasoducto de ocho pulgadas, y reforzar\u00e1 todo el \u00e1rea industrial de Chajar\u00ed, Concordia y el ramal que baja hasta Concepci\u00f3n del Uruguay\u201d.<\/p>\n<p><iframe loading=\"lazy\" title=\"Con una inversi\u00f3n millonaria, la provincia avanza el cierre energ\u00e9tico del norte entrerriano\" width=\"500\" height=\"281\" src=\"https:\/\/www.youtube.com\/embed\/6LqzQVA7LaA?feature=oembed\" frameborder=\"0\" allow=\"accelerometer; autoplay; clipboard-write; encrypted-media; gyroscope; picture-in-picture; web-share\" referrerpolicy=\"strict-origin-when-cross-origin\" allowfullscreen><\/iframe><\/p>\n<p style=\"text-align: justify;\"><strong>Planteos ante naci\u00f3n<\/strong><\/p>\n<p style=\"text-align: justify;\">Por \u00faltimo, Gonz\u00e1lez coment\u00f3 que este mi\u00e9rcoles se reunir\u00e1 con el secretario de Coordinaci\u00f3n de Pol\u00edtica Energ\u00e9tica de la naci\u00f3n, Alejandro Sruoga,\u00bbpara realizarle los planteos que siempre hacemos, y ven\u00edamos haciendo con el ex ministro de Energ\u00eda, por las dificultades en el sistema de transporte entre Chajar\u00ed y Salto Grande, y tambi\u00e9n por las regal\u00edas. Venimos desfasados con esa remuneraci\u00f3n que fija el mercado y Entre R\u00edos y Salto Grande merece que se actualice ese valor de acuerdo a los costos hoy de la compra de energ\u00eda que hay en el mercado\u00bb.<\/p>\n<p style=\"text-align: justify;\">\u00abCada vez que nos reunimos con el gobernador pone \u00e9nfasis en la planificaci\u00f3n, en el orden y en trabajar con todas las instituciones y los intendentes, tal como lo venimos haciendo\u00bb, sostuvo finalmente.<\/p>\n\n\t\t<style type=\"text\/css\">\n\t\t\t#gallery-1 {\n\t\t\t\tmargin: auto;\n\t\t\t}\n\t\t\t#gallery-1 .gallery-item {\n\t\t\t\tfloat: left;\n\t\t\t\tmargin-top: 10px;\n\t\t\t\ttext-align: center;\n\t\t\t\twidth: 33%;\n\t\t\t}\n\t\t\t#gallery-1 img {\n\t\t\t\tborder: 2px solid #cfcfcf;\n\t\t\t}\n\t\t\t#gallery-1 .gallery-caption {\n\t\t\t\tmargin-left: 0;\n\t\t\t}\n\t\t\t\/* see gallery_shortcode() in wp-includes\/media.php *\/\n\t\t<\/style>\n\t\t<div id='gallery-1' class='gallery galleryid-3608 gallery-columns-3 gallery-size-thumbnail'><dl class='gallery-item'>\n\t\t\t<dt class='gallery-icon landscape'>\n\t\t\t\t<a href='https:\/\/epre.gov.ar\/web\/wp-content\/uploads\/2018\/07\/x_1531945964.jpg'><img loading=\"lazy\" decoding=\"async\" width=\"100\" height=\"100\" src=\"https:\/\/epre.gov.ar\/web\/wp-content\/uploads\/2018\/07\/x_1531945964-150x150.jpg\" class=\"attachment-thumbnail size-thumbnail\" alt=\"\" \/><\/a>\n\t\t\t<\/dt><\/dl><dl class='gallery-item'>\n\t\t\t<dt class='gallery-icon landscape'>\n\t\t\t\t<a href='https:\/\/epre.gov.ar\/web\/wp-content\/uploads\/2018\/07\/x_1531946077.jpg'><img loading=\"lazy\" decoding=\"async\" width=\"100\" height=\"100\" src=\"https:\/\/epre.gov.ar\/web\/wp-content\/uploads\/2018\/07\/x_1531946077-150x150.jpg\" class=\"attachment-thumbnail size-thumbnail\" alt=\"\" \/><\/a>\n\t\t\t<\/dt><\/dl><dl class='gallery-item'>\n\t\t\t<dt class='gallery-icon landscape'>\n\t\t\t\t<a href='https:\/\/epre.gov.ar\/web\/wp-content\/uploads\/2018\/07\/x_1531946161.jpg'><img loading=\"lazy\" decoding=\"async\" width=\"100\" height=\"100\" src=\"https:\/\/epre.gov.ar\/web\/wp-content\/uploads\/2018\/07\/x_1531946161-150x150.jpg\" class=\"attachment-thumbnail size-thumbnail\" alt=\"\" \/><\/a>\n\t\t\t<\/dt><\/dl><br style=\"clear: both\" \/>\n\t\t<\/div>\n\n<p>Fuente: Gobierno de Entre R\u00edos.<\/p>\n","protected":false},"excerpt":{"rendered":"<p>El gobernador Gustavo Bordet analiz\u00f3 junto al presidente de Enersa, Jorge Gonz\u00e1lez, los avances en las obras para el cierre energ\u00e9tico del norte entrerriano.<\/p>\n","protected":false},"author":1,"featured_media":0,"comment_status":"open","ping_status":"closed","sticky":false,"template":"","format":"standard","meta":{"footnotes":""},"categories":[1],"tags":[],"class_list":["post-3608","post","type-post","status-publish","format-standard","hentry","category-noticias"],"_links":{"self":[{"href":"https:\/\/epre.gov.ar\/web\/wp-json\/wp\/v2\/posts\/3608","targetHints":{"allow":["GET"]}}],"collection":[{"href":"https:\/\/epre.gov.ar\/web\/wp-json\/wp\/v2\/posts"}],"about":[{"href":"https:\/\/epre.gov.ar\/web\/wp-json\/wp\/v2\/types\/post"}],"author":[{"embeddable":true,"href":"https:\/\/epre.gov.ar\/web\/wp-json\/wp\/v2\/users\/1"}],"replies":[{"embeddable":true,"href":"https:\/\/epre.gov.ar\/web\/wp-json\/wp\/v2\/comments?post=3608"}],"version-history":[{"count":2,"href":"https:\/\/epre.gov.ar\/web\/wp-json\/wp\/v2\/posts\/3608\/revisions"}],"predecessor-version":[{"id":3614,"href":"https:\/\/epre.gov.ar\/web\/wp-json\/wp\/v2\/posts\/3608\/revisions\/3614"}],"wp:attachment":[{"href":"https:\/\/epre.gov.ar\/web\/wp-json\/wp\/v2\/media?parent=3608"}],"wp:term":[{"taxonomy":"category","embeddable":true,"href":"https:\/\/epre.gov.ar\/web\/wp-json\/wp\/v2\/categories?post=3608"},{"taxonomy":"post_tag","embeddable":true,"href":"https:\/\/epre.gov.ar\/web\/wp-json\/wp\/v2\/tags?post=3608"}],"curies":[{"name":"wp","href":"https:\/\/api.w.org\/{rel}","templated":true}]}}