{"id":3453,"date":"2018-03-17T15:04:17","date_gmt":"2018-03-17T15:04:17","guid":{"rendered":"http:\/\/epre.gov.ar\/web\/?p=3453"},"modified":"2018-03-17T15:05:37","modified_gmt":"2018-03-17T15:05:37","slug":"rechazo-de-accion-de-amparo-de-adecen-contra-energia-de-entre-rios-s-a","status":"publish","type":"post","link":"https:\/\/epre.gov.ar\/web\/rechazo-de-accion-de-amparo-de-adecen-contra-energia-de-entre-rios-s-a\/","title":{"rendered":"Rechazo de acci\u00f3n de amparo de ADECEN, contra ENERG\u00cdA DE ENTRE R\u00cdOS S.A."},"content":{"rendered":"<p><img loading=\"lazy\" decoding=\"async\" class=\"aligncenter size-full wp-image-2863\" src=\"http:\/\/epre.gov.ar\/web\/wp-content\/uploads\/2016\/10\/apfdigital_279979_tapa_19102016_112125.jpg\" alt=\"\" width=\"480\" height=\"360\" srcset=\"https:\/\/epre.gov.ar\/web\/wp-content\/uploads\/2016\/10\/apfdigital_279979_tapa_19102016_112125.jpg 480w, https:\/\/epre.gov.ar\/web\/wp-content\/uploads\/2016\/10\/apfdigital_279979_tapa_19102016_112125-300x225.jpg 300w\" sizes=\"auto, (max-width: 480px) 100vw, 480px\" \/><\/p>\n<p style=\"text-align: justify;\">La justicia rechaz\u00f3 el amparo colectivo promovido por la Asociaci\u00f3n de Defensa de Consumidores Entrerrianos (A.DE.C.EN) contra la ENERSA por el aumento de la tarifa el\u00e9ctrica provincial.<\/p>\n<p><a href=\"http:\/\/epre.gov.ar\/web\/wp-content\/uploads\/2018\/03\/SENTENCIA-ADECEN-PARANA.pdf\">Haga clic AQU\u00cd para descargar el fallo completo.<\/a><\/p>\n","protected":false},"excerpt":{"rendered":"<p>La justicia rechaz\u00f3 el amparo colectivo promovido por la Asociaci\u00f3n de Defensa de Consumidores Entrerrianos (A.DE.C.EN) contra la ENERSA por el aumento de la tarifa el\u00e9ctrica provincial. Haga clic AQU\u00cd para descargar el fallo completo.<\/p>\n","protected":false},"author":1,"featured_media":0,"comment_status":"open","ping_status":"closed","sticky":false,"template":"","format":"standard","meta":{"footnotes":""},"categories":[1],"tags":[],"class_list":["post-3453","post","type-post","status-publish","format-standard","hentry","category-noticias"],"_links":{"self":[{"href":"https:\/\/epre.gov.ar\/web\/wp-json\/wp\/v2\/posts\/3453","targetHints":{"allow":["GET"]}}],"collection":[{"href":"https:\/\/epre.gov.ar\/web\/wp-json\/wp\/v2\/posts"}],"about":[{"href":"https:\/\/epre.gov.ar\/web\/wp-json\/wp\/v2\/types\/post"}],"author":[{"embeddable":true,"href":"https:\/\/epre.gov.ar\/web\/wp-json\/wp\/v2\/users\/1"}],"replies":[{"embeddable":true,"href":"https:\/\/epre.gov.ar\/web\/wp-json\/wp\/v2\/comments?post=3453"}],"version-history":[{"count":3,"href":"https:\/\/epre.gov.ar\/web\/wp-json\/wp\/v2\/posts\/3453\/revisions"}],"predecessor-version":[{"id":3457,"href":"https:\/\/epre.gov.ar\/web\/wp-json\/wp\/v2\/posts\/3453\/revisions\/3457"}],"wp:attachment":[{"href":"https:\/\/epre.gov.ar\/web\/wp-json\/wp\/v2\/media?parent=3453"}],"wp:term":[{"taxonomy":"category","embeddable":true,"href":"https:\/\/epre.gov.ar\/web\/wp-json\/wp\/v2\/categories?post=3453"},{"taxonomy":"post_tag","embeddable":true,"href":"https:\/\/epre.gov.ar\/web\/wp-json\/wp\/v2\/tags?post=3453"}],"curies":[{"name":"wp","href":"https:\/\/api.w.org\/{rel}","templated":true}]}}