{"id":3338,"date":"2017-12-13T12:16:41","date_gmt":"2017-12-13T12:16:41","guid":{"rendered":"http:\/\/epre.gov.ar\/web\/?p=3338"},"modified":"2017-12-13T12:23:10","modified_gmt":"2017-12-13T12:23:10","slug":"la-energia-renovable-de-la-terraza-a-la-red-nacional","status":"publish","type":"post","link":"https:\/\/epre.gov.ar\/web\/la-energia-renovable-de-la-terraza-a-la-red-nacional\/","title":{"rendered":"La energ\u00eda renovable, de la terraza a la red nacional"},"content":{"rendered":"<p>C\u00f3mo funciona el sistema de generaci\u00f3n distribuida que acaba de ser aprobado por el Congreso nacional.<\/p>\n<p><img loading=\"lazy\" decoding=\"async\" class=\"aligncenter size-full wp-image-3339\" src=\"http:\/\/epre.gov.ar\/web\/wp-content\/uploads\/2017\/12\/energia-distribuida-02.jpg\" alt=\"\" width=\"600\" height=\"338\" srcset=\"https:\/\/epre.gov.ar\/web\/wp-content\/uploads\/2017\/12\/energia-distribuida-02.jpg 600w, https:\/\/epre.gov.ar\/web\/wp-content\/uploads\/2017\/12\/energia-distribuida-02-300x169.jpg 300w\" sizes=\"auto, (max-width: 600px) 100vw, 600px\" \/><\/p>\n<p><!--more--><\/p>\n<p style=\"text-align: justify;\">La revoluci\u00f3n energ\u00e9tica est\u00e1 a un paso de ser realidad en la Argentina. No son los parques solares y e\u00f3licos ni los desarrollos en geotermia o biomasa los que la har\u00e1n realidad sino la verdadera participaci\u00f3n ciudadana mediante lo que se conoce como energ\u00eda distribuida, que significa que cada uno de nosotros puede generar, consumir y hasta vender su propia energ\u00eda.<\/p>\n<p style=\"text-align: justify;\">Esto ser\u00e1 posible gracias a una norma aprobada por el Congreso hace 10 d\u00edas y permitir\u00e1 que quienes instalen tecnolog\u00edas de generaci\u00f3n de energ\u00eda limpia en su casa puedan no s\u00f3lo contribuir con la lucha contra el cambio clim\u00e1tico sino tambi\u00e9n a ahorrar en sus facturas de luz y gas.<\/p>\n<p style=\"text-align: justify;\">\u00abEs el marco regulatorio que faltaba para que todos los consumidores puedan ser generadores. Con la ley 27.191 s\u00f3lo pod\u00edan hacerlo los agentes del mercado mayorista. Al permitir que se genere en el punto de consumo, en potencias chicas, se democratiza el sistema energ\u00e9tico y se ampl\u00edan las posibilidades para generar energ\u00eda renovable aprovechando el hecho de que el recurso no est\u00e1 concentrado\u00bb, explica Daniela Gomel, asesora en la ley de energ\u00eda distribuida del diputado nacional por Cambiemos Juan Carlos Villalonga, uno de sus autores.<br \/>\n\u00bfQu\u00e9 se necesita para que una casa pueda ser reconvertida?<\/p>\n<p>\u00abUna casa promedio precisa para su autoconsumo una instalaci\u00f3n de 2 kWp (kilovatio pico). Sin ning\u00fan incentivo (sea subsidio o cr\u00e9dito, como estipula la ley), ser\u00eda de US$ 6.000\u00bb, sostiene la experta. La reglamentaci\u00f3n de la norma que establecer\u00e1 c\u00f3mo los usuarios \u00abcobran\u00bb por inyectar energ\u00eda en la red, es posible que sea con cr\u00e9ditos a favor lo que se traduce en ahorro. De estos incentivos depender\u00e1 el tiempo de amortizaci\u00f3n de la inversi\u00f3n.<\/p>\n<p style=\"text-align: justify;\">Federico Gisbert, CEO de la empresa QMax que se especializa en desarrollos de sistemas y software para hacer las reconversiones explica que las instalaciones pueden estar desconectadas del sistema (off grid), como por ejemplo en el campo o conectadas a la red el\u00e9ctrica local. \u00abPara este segundo caso la ley es fundamental. Una vez que el usuario genera su propia energ\u00eda el ahorro est\u00e1 entre el 60 y el 80 por ciento anual en el consumo\u00bb, asegura.<\/p>\n<p><img loading=\"lazy\" decoding=\"async\" class=\"aligncenter size-full wp-image-3340\" src=\"http:\/\/epre.gov.ar\/web\/wp-content\/uploads\/2017\/12\/energia-distribuida-05-2.jpg\" alt=\"\" width=\"600\" height=\"328\" srcset=\"https:\/\/epre.gov.ar\/web\/wp-content\/uploads\/2017\/12\/energia-distribuida-05-2.jpg 600w, https:\/\/epre.gov.ar\/web\/wp-content\/uploads\/2017\/12\/energia-distribuida-05-2-300x164.jpg 300w\" sizes=\"auto, (max-width: 600px) 100vw, 600px\" \/><\/p>\n<p style=\"text-align: justify;\">La ley implica un verdadero cambio de paradigma, ya que la energ\u00eda no saldr\u00e1 de una sola fuente para ser distribuida como sucede hasta ahora, sino que cada casa puede ser un punto de distribuci\u00f3n. Y, aunque suene como algo lejano, no lo es.<\/p>\n<p style=\"text-align: justify;\">Por ejemplo, en la provincia de Santa Fe cuentan con un programa de incentivo \u00abProsumidores\u00bb que tiene un presupuesto anual para financiar 100 instalaciones anuales de potencias muy bajas. \u00abEn el resto de las provincias, la norma est\u00e1 pero no hay fondos para promover la generaci\u00f3n distribuida. Salta parece dar pasos m\u00e1s firmes pero de cualquier forma es muy reciente. Mas aun sabiendo que al momento de la sanci\u00f3n de casi todas ellas, el precio de la energ\u00eda era m\u00e1s barato que el de hoy, entonces no hab\u00edan razones econ\u00f3micas para realizar la inversi\u00f3n\u00bb, se\u00f1ala Gomel.<\/p>\n<p style=\"text-align: justify;\">Gisbert indica: \u00abAc\u00e1 estamos atrasados entre 15 y 20 a\u00f1os; en Alemania, por ejemplo, el 30% de la generaci\u00f3n proviene de peque\u00f1os productores y ya est\u00e1n pensando en temas como el blackout meteorol\u00f3gico\u00bb. El empresario se refiere a la dependencia de este tipo de instalaciones de las cuestiones clim\u00e1ticas, es por eso que se trabaja en todo el mundo en el dise\u00f1o de bater\u00edas que puedan servir como estabilizadores de la energ\u00eda para los momentos en donde la generaci\u00f3n cae.<\/p>\n<p style=\"text-align: justify;\"><img loading=\"lazy\" decoding=\"async\" class=\"aligncenter size-full wp-image-3341\" src=\"http:\/\/epre.gov.ar\/web\/wp-content\/uploads\/2017\/12\/energia-distribuida-05-1.jpg\" alt=\"\" width=\"600\" height=\"246\" srcset=\"https:\/\/epre.gov.ar\/web\/wp-content\/uploads\/2017\/12\/energia-distribuida-05-1.jpg 600w, https:\/\/epre.gov.ar\/web\/wp-content\/uploads\/2017\/12\/energia-distribuida-05-1-300x123.jpg 300w\" sizes=\"auto, (max-width: 600px) 100vw, 600px\" \/>No s\u00f3lo en Alemania esto ya es una realidad. En Dinamarca el 43% de la generaci\u00f3n de energ\u00eda el\u00e9ctrica proviene de generaci\u00f3n distribuida; en los Estados Unidos representa \u2159 del total de la capacidad instalada en el pa\u00eds (es muy importante el papel de California); Brasil cuenta con 73.5MW instalados que son menos del 1% del total de la capacidad el\u00e9ctrica y esperan que para 2030 sean 2,7 millones de hogares, comercios e industrias puedan tener energ\u00eda generada por ellos mismos, que generar\u00edan 23.500 MW de energ\u00eda limpia; mientras que en Chile llegan a los 4.3 MW instalados.<\/p>\n<p style=\"text-align: justify;\">\u00abLa ley de generaci\u00f3n distribuida, en pocas palabras, va a permitir que los ciudadanos generen en parte su propia energ\u00eda renovable y en los momentos que no la consuman, es decir que les sobre, la estar\u00e1n revendiendo a su distribuidora y se les descontar\u00e1 de la factura del mes siguiente. Las condiciones, en las cuales se realizar\u00e1 la transacci\u00f3n todav\u00eda no est\u00e1n definidas y se sabr\u00e1 m\u00e1s al reglamentarse la ley\u00bb, dice Rodrigo Herrera Vegas de Sustentator que acaban de instalar paneles solares en 40 nuevas viviendas construidas en el plan de urbanizaci\u00f3n de la villa 31, en Retiro.<\/p>\n<p style=\"text-align: justify;\">Uno de los requisitos para poder tener energ\u00eda solar o fotovoltaica en las casas es contar con superficie. En los edificios de propiedad horizontal se hace m\u00e1s dif\u00edcil porque se necesitan muchos metros cuadrados para poder abastecer la demanda energ\u00e9tica. Sin embargo, en las grandes ciudades es necesario trabajar en la eficiencia para conseguir la baja en los consumos.<\/p>\n<p style=\"text-align: justify;\">Fuente:\u00a0https:\/\/www.infobae.com\/sociedad\/2017\/12\/10\/la-energia-renovable-de-la-terraza-a-la-red-nacional\/<\/p>\n","protected":false},"excerpt":{"rendered":"<p>C\u00f3mo funciona el sistema de generaci\u00f3n distribuida que acaba de ser aprobado por el Congreso nacional.<\/p>\n","protected":false},"author":1,"featured_media":0,"comment_status":"open","ping_status":"closed","sticky":false,"template":"","format":"standard","meta":{"footnotes":""},"categories":[11,22,12],"tags":[],"class_list":["post-3338","post","type-post","status-publish","format-standard","hentry","category-energias","category-nacionales","category-solar"],"_links":{"self":[{"href":"https:\/\/epre.gov.ar\/web\/wp-json\/wp\/v2\/posts\/3338","targetHints":{"allow":["GET"]}}],"collection":[{"href":"https:\/\/epre.gov.ar\/web\/wp-json\/wp\/v2\/posts"}],"about":[{"href":"https:\/\/epre.gov.ar\/web\/wp-json\/wp\/v2\/types\/post"}],"author":[{"embeddable":true,"href":"https:\/\/epre.gov.ar\/web\/wp-json\/wp\/v2\/users\/1"}],"replies":[{"embeddable":true,"href":"https:\/\/epre.gov.ar\/web\/wp-json\/wp\/v2\/comments?post=3338"}],"version-history":[{"count":2,"href":"https:\/\/epre.gov.ar\/web\/wp-json\/wp\/v2\/posts\/3338\/revisions"}],"predecessor-version":[{"id":3343,"href":"https:\/\/epre.gov.ar\/web\/wp-json\/wp\/v2\/posts\/3338\/revisions\/3343"}],"wp:attachment":[{"href":"https:\/\/epre.gov.ar\/web\/wp-json\/wp\/v2\/media?parent=3338"}],"wp:term":[{"taxonomy":"category","embeddable":true,"href":"https:\/\/epre.gov.ar\/web\/wp-json\/wp\/v2\/categories?post=3338"},{"taxonomy":"post_tag","embeddable":true,"href":"https:\/\/epre.gov.ar\/web\/wp-json\/wp\/v2\/tags?post=3338"}],"curies":[{"name":"wp","href":"https:\/\/api.w.org\/{rel}","templated":true}]}}